{"id":54,"date":"2013-09-04T08:51:47","date_gmt":"2013-09-04T11:51:47","guid":{"rendered":"http:\/\/ultimato.com.br\/sites\/lausanne\/?p=54"},"modified":"2017-05-17T14:59:30","modified_gmt":"2017-05-17T17:59:30","slug":"bem-vindo-a-pagina-web-de-lausanne-brasil","status":"publish","type":"post","link":"https:\/\/ultimato.com.br\/sites\/lausanne\/2013\/09\/04\/bem-vindo-a-pagina-web-de-lausanne-brasil\/","title":{"rendered":"Bem vindo \u00e0 p\u00e1gina web de Lausanne Brasil"},"content":{"rendered":"<p>\u00c9 prov\u00e1vel que, apesar de todos os problemas e desafios que enfrentamos, a Igreja de Cristo na Am\u00e9rica Latina (presente nos 20 pa\u00edses da nossa regi\u00e3o que se estende do Chile at\u00e9 o M\u00e9xico) esteja vivendo um dos momentos mais vibrantes da sua hist\u00f3ria. Al\u00e9m do crescimento num\u00e9rico, h\u00e1 uma maior consci\u00eancia da necessidade de nos envolvermos, em palavras e obras, com o mundo que nos rodeia. Como resultado, o impacto que os crist\u00e3os latinos de diferentes tradi\u00e7\u00f5es est\u00e3o causando na sociedade \u00e9 cada vez mais vis\u00edvel, e o nome do Senhor est\u00e1 sendo glorificado.<!--more--><\/p>\n<p>Ao mesmo tempo, como Corpo de Cristo ainda precisamos crescer muito na compreens\u00e3o do que significa &#8220;ser testemunhas de Jesus e de todo o seu ensinamento, em todas as na\u00e7\u00f5es, em todas as esferas da sociedade e em todos os campos de reflex\u00e3o&#8221; (<a title=\"Compromisso da Cidade do Cabo\" href=\"http:\/\/www.lausanne.org\/pt\/pt\/1661-compromisso-da-cidade-do-cabo.html\">Compromisso da Cidade do Cabo<\/a>), e tenho certeza que o Movimento de Lausanne pode ser grandemente usado por Deus neste sentido.<\/p>\n<p>Por isto, \u00e9 uma alegria poder, nestas p\u00e1ginas, compartilhar um pouco do que Deus tem feito ao redor do mundo por meio do Movimento de Lausanne, assim como disponibilizar materiais e reflex\u00f5es relacionadas com a nossa participa\u00e7\u00e3o, como crist\u00e3os comprometidos, no grande projeto de Deus de aben\u00e7oar todos os povos da terra.<\/p>\n<p>Una-se a n\u00f3s neste grande desafio!<\/p>\n<p>Em Cristo,<\/p>\n<p>Pr. Marcos Amado<br \/>\n<i>Diretor para a Am\u00e9rica Latina<\/i><br \/>\n<i>Movimento de Lausanne<\/i><\/p>\n","protected":false},"excerpt":{"rendered":"<p>\u00c9 prov\u00e1vel que, apesar de todos os problemas e desafios que enfrentamos, a Igreja de Cristo na Am\u00e9rica Latina (presente nos 20 pa\u00edses da nossa regi\u00e3o que se estende do Chile at\u00e9 o M\u00e9xico) esteja vivendo um dos momentos mais vibrantes da sua hist\u00f3ria. Al\u00e9m do crescimento num\u00e9rico, h\u00e1 uma maior consci\u00eancia da necessidade de [&hellip;]<\/p>\n","protected":false},"author":37,"featured_media":0,"comment_status":"open","ping_status":"open","sticky":false,"template":"","format":"standard","meta":{"ngg_post_thumbnail":0,"footnotes":""},"categories":[114],"tags":[18987,18988],"class_list":["post-54","post","type-post","status-publish","format-standard","hentry","category-artigos","tag-marcos-amado","tag-movimento-de-lausanne"],"_links":{"self":[{"href":"https:\/\/ultimato.com.br\/sites\/lausanne\/wp-json\/wp\/v2\/posts\/54","targetHints":{"allow":["GET"]}}],"collection":[{"href":"https:\/\/ultimato.com.br\/sites\/lausanne\/wp-json\/wp\/v2\/posts"}],"about":[{"href":"https:\/\/ultimato.com.br\/sites\/lausanne\/wp-json\/wp\/v2\/types\/post"}],"author":[{"embeddable":true,"href":"https:\/\/ultimato.com.br\/sites\/lausanne\/wp-json\/wp\/v2\/users\/37"}],"replies":[{"embeddable":true,"href":"https:\/\/ultimato.com.br\/sites\/lausanne\/wp-json\/wp\/v2\/comments?post=54"}],"version-history":[{"count":21,"href":"https:\/\/ultimato.com.br\/sites\/lausanne\/wp-json\/wp\/v2\/posts\/54\/revisions"}],"predecessor-version":[{"id":201,"href":"https:\/\/ultimato.com.br\/sites\/lausanne\/wp-json\/wp\/v2\/posts\/54\/revisions\/201"}],"wp:attachment":[{"href":"https:\/\/ultimato.com.br\/sites\/lausanne\/wp-json\/wp\/v2\/media?parent=54"}],"wp:term":[{"taxonomy":"category","embeddable":true,"href":"https:\/\/ultimato.com.br\/sites\/lausanne\/wp-json\/wp\/v2\/categories?post=54"},{"taxonomy":"post_tag","embeddable":true,"href":"https:\/\/ultimato.com.br\/sites\/lausanne\/wp-json\/wp\/v2\/tags?post=54"}],"curies":[{"name":"wp","href":"https:\/\/api.w.org\/{rel}","templated":true}]}}