{"id":522,"date":"2023-08-18T17:41:21","date_gmt":"2023-08-18T20:41:21","guid":{"rendered":"https:\/\/ultimato.com.br\/sites\/lausanne\/?p=522"},"modified":"2023-08-18T17:47:33","modified_gmt":"2023-08-18T20:47:33","slug":"lausanne-vai-realizar-dialogos-em-portugues-sobre-saude-integral","status":"publish","type":"post","link":"https:\/\/ultimato.com.br\/sites\/lausanne\/2023\/08\/18\/lausanne-vai-realizar-dialogos-em-portugues-sobre-saude-integral\/","title":{"rendered":"Lausanne vai realizar di\u00e1logos em portugu\u00eas sobre sa\u00fade integral"},"content":{"rendered":"<h4>&nbsp;<\/h4>\n<h4 style=\"text-align: center;\"><span style=\"color: #800000;\"><em>Quatro Webinars em portugu\u00eas (e uma em ingl\u00eas) est\u00e3o previstas at\u00e9 o fim do ano<\/em><\/span><\/h4>\n<p>&nbsp;<\/p>\n<p style=\"text-align: right;\"><em>Por Liss\u00e2nder Dias*<\/em><\/p>\n<p>&nbsp;<\/p>\n<p>O <a href=\"https:\/\/lausanne.org\/pt-br\">Movimento Lausanne<\/a>, por meio de uma de suas redes tem\u00e1ticas \u2013 <a href=\"https:\/\/lausanne.org\/pt-br\/redes-pt-br\/saude-em-missoes\">a Rede de Sa\u00fade para Todas as Na\u00e7\u00f5es<\/a> \u2013 vai iniciar uma s\u00e9rie de <em>Webinars<\/em> em portugu\u00eas, come\u00e7ando no pr\u00f3ximo dia 26\/08 e indo at\u00e9 o fim do ano. Os temas s\u00e3o variados, mas giram em torno do conceito de <strong>sa\u00fade hol\u00edstica<\/strong>, que integra os aspectos f\u00edsico, emocional, relacional e espiritual e segue uma convocat\u00f3ria global feita j\u00e1 em 2010 no documento \u201cO Compromisso da Cidade do Cabo\u201d:<\/p>\n<blockquote><p><em>\u201cN\u00f3s convocamos todas as comunidades crist\u00e3s locais para demonstrar respeito pela dignidade singular e pela santidade da vida humana, atrav\u00e9s do cuidado pr\u00e1tico e hol\u00edstico, que integre os aspectos f\u00edsico, emocional, relacional e espiritual de nossa humanidade criada.\u201d (<\/em><a href=\"https:\/\/lausanne.org\/content\/ctcommitment#p2-1-6\"><em>Compromisso da Cidade do Cabo&nbsp;(II-A-6)<\/em><\/a><\/p><\/blockquote>\n<p>Uma das facilitadoras da Rede de Sa\u00fade para Todas as Na\u00e7\u00f5es \u00e9 a psic\u00f3loga, te\u00f3loga e escritora, Karen Bomilcar. Ela tamb\u00e9m ser\u00e1 a facilitadora dos di\u00e1logos, que acontecer\u00e3o por meio da plataforma <em>Zoom<\/em>. As inscri\u00e7\u00f5es s\u00e3o gratuitas e todos os crist\u00e3os que dominam a l\u00edngua portuguesa podem participar (e n\u00e3o apenas profissionais da \u00e1rea da sa\u00fade). A expectativa \u00e9 que tenha gente do Brasil, Portugal, Angola e Mo\u00e7ambique.<\/p>\n<p>\u201cTodas as conversas s\u00e3o para pessoas que t\u00eam interesse em compreender mais sobre o panorama da f\u00e9 crist\u00e3 e a sa\u00fade, o papel das comunidades crist\u00e3s na promo\u00e7\u00e3o e preven\u00e7\u00e3o de sa\u00fade e no cuidado ao pr\u00f3ximo para viver uma vida mais integrada\u201d, explica Karen. Segundo ela, outro objetivo \u00e9 \u201cconectar pessoas que trabalham na \u00e1rea da sa\u00fade para pensar o papel da voca\u00e7\u00e3o na miss\u00e3o e na vida cotidiana\u201d.<\/p>\n<p>Os di\u00e1logos t\u00eam o apoio institucional do Semin\u00e1rio Teol\u00f3gico Servo de Cristo (STSC), da Editora Ultimato, da Editora Mundo Crist\u00e3o e da AMTB (Associa\u00e7\u00e3o de Miss\u00f5es Transculturais Brasileiras).<\/p>\n<p>&nbsp;<\/p>\n<p><img loading=\"lazy\" decoding=\"async\" class=\"wp-image-523 aligncenter\" src=\"https:\/\/ultimato.com.br\/sites\/lausanne\/files\/2023\/08\/logo_rede_tematica_saude.jpeg\" alt=\"\" width=\"600\" height=\"169\" srcset=\"https:\/\/ultimato.com.br\/sites\/lausanne\/files\/2023\/08\/logo_rede_tematica_saude.jpeg 1024w, https:\/\/ultimato.com.br\/sites\/lausanne\/files\/2023\/08\/logo_rede_tematica_saude-300x84.jpeg 300w, https:\/\/ultimato.com.br\/sites\/lausanne\/files\/2023\/08\/logo_rede_tematica_saude-768x216.jpeg 768w, https:\/\/ultimato.com.br\/sites\/lausanne\/files\/2023\/08\/logo_rede_tematica_saude-732x206.jpeg 732w\" sizes=\"auto, (max-width: 600px) 100vw, 600px\" \/><\/p>\n<p>&nbsp;<\/p>\n<p><strong>Webinars em portugu\u00eas:<\/strong><\/p>\n<p><em>1\u02da Encontro de Sa\u00fade para Todas as Na\u00e7\u00f5es<br \/>\n<\/em>Tema: F\u00e9 Crist\u00e3 e Sa\u00fade Integral \u2013 uma conversa introdut\u00f3ria<br \/>\nData: 26 de agosto de 2023<br \/>\nHora: 10h (Brasil)<br \/>\nFacilitadora: Karen Bomilcar<br \/>\nInscri\u00e7\u00e3o: <a href=\"https:\/\/forms.gle\/7SJEUghu6sC1Jz1n9\">https:\/\/forms.gle\/7SJEUghu6sC1Jz1n9<\/a><\/p>\n<p><em>*<br \/>\n2\u02da Encontro de Sa\u00fade para Todas as Na\u00e7\u00f5es<br \/>\n<\/em>Tema: O Perd\u00e3o como Ferramenta para a Promo\u00e7\u00e3o de Sa\u00fade<br \/>\nData: 30 de setembro de 2023<br \/>\nHora: 10h (Brasil)<br \/>\nFacilitadora: Karen Bomilcar<br \/>\nConvidado: Daniel Guanaes (psic\u00f3logo\/pastor)<\/p>\n<p><em>*<br \/>\n3\u02da Encontro de Sa\u00fade para Todas as Na\u00e7\u00f5es<br \/>\n<\/em>Tema: Preven\u00e7\u00e3o de Abuso Sexual<br \/>\nData: 11 de novembro de 2023<br \/>\nHora: 10h (Brasil)<br \/>\nFacilitadora: Karen Bomilcar<br \/>\nConvidada: Andrea Esp\u00edrito Santo (professora na \u00e1rea de prote\u00e7\u00e3o da crian\u00e7a)<\/p>\n<p><em>*<br \/>\n4\u02da Encontro de Sa\u00fade para Todas as Na\u00e7\u00f5es<br \/>\n<\/em>Tema: Medita\u00e7\u00e3o e Pr\u00e1ticas Devocionais nos Cuidados em Sa\u00fade<br \/>\nData: 02 de dezembro de 2023<br \/>\nHora: 10h (Brasil)<br \/>\nFacilitadora: Karen Bomilcar<br \/>\nConvidada: Luiza Nazareth (te\u00f3loga e comunicadora)<\/p>\n<p><strong><br \/>\nWebinar em ingl\u00eas:<\/strong><\/p>\n<p><em>Encontro de Sa\u00fade para Todas as Na\u00e7\u00f5es<br \/>\n<\/em>Tema: Sa\u00fade Mental&nbsp;<br \/>\n02 de setembro de 2023<br \/>\nHora: 10h (Brasil)<\/p>\n<p>Voc\u00ea pode acompanhar os links de inscri\u00e7\u00e3o das <em>Webinars<\/em>, assim que estiverem dispon\u00edveis, nos canais de comunica\u00e7\u00e3o do Movimento Lausanne.<\/p>\n<p>*<\/p>\n<p><strong>Sobre a Rede de Sa\u00fade para Todas as Na\u00e7\u00f5es<\/strong><\/p>\n<p>A Rede de Sa\u00fade para Todas as Na\u00e7\u00f5es do Movimento Lausanne deseja conectar pessoas para a Miss\u00e3o Global. Um dos maiores desafios que a igreja enfrenta \u00e9 a necessidade das pessoas em todos os lugares de viverem vidas saud\u00e1veis e plenas (<em>shalom<\/em>). Isso estava no cerne do minist\u00e9rio de Jesus na terra, como vemos pela sua integra\u00e7\u00e3o de pregar, ensinar e discipular juntamente com trabalhos de liberta\u00e7\u00e3o e cura. Jesus cuidava da pessoa por inteiro \u2013 corpo, alma e esp\u00edrito \u2013 dentro do contexto social de cada indiv\u00edduo. E Ele espera que seus disc\u00edpulos e igreja continuassem essa forma de minist\u00e9rio. Infelizmente, o dualismo (separa\u00e7\u00e3o da nossa f\u00e9 do restante de nossas vidas), assim como a atitude reducionista (simplifica\u00e7\u00e3o exagerada de situa\u00e7\u00f5es e fen\u00f4menos complexos) se inseriram na forma de a igreja pensar e agir, e nas atitudes de muitos que tratam sa\u00fade\/doen\u00e7a\/cuidado integral. Como os crist\u00e3os podem recapturar esse chamado integral e hol\u00edstico, trabalhando em unidade pela cura das na\u00e7\u00f5es?<\/p>\n<p><strong>Mobilizadores da Rede de Sa\u00fade<\/strong> (2023):&nbsp; Karen Bomilcar (Brasil), Martha Mwendafilumba (Zambia) e Michael Soderling (EUA).<\/p>\n<p>&nbsp;<\/p>\n<p style=\"padding-left: 40px;\"><span style=\"color: #808080;\"><em><strong>* Liss\u00e2nder Dias<\/strong> \u00e9 jornalista e autor de <a style=\"color: #808080;\" href=\"https:\/\/www.ultimato.com.br\/loja\/produtos\/o-cotidiano-extraordinario-a-vida-em-pequenas-cronicas-ebook\">O Cotidiano Extraordin\u00e1rio \u2013 a vida em pequenas cr\u00f4nicas<\/a> (Ultimato e W4 Editora). Colabora com a equipe executiva no Brasil do Movimento Lausanne.<\/em><\/span><\/p>\n<hr>\n<p><strong><span style=\"color: #ff6600;\">&gt;&gt; Siga-nos no Instagram:&nbsp;<\/span><a href=\"https:\/\/instagram.com\/lausanne_brasil?igshid=MzRlODBiNWFlZA==\">@lausanne_brasil<\/a><\/strong><\/p>\n","protected":false},"excerpt":{"rendered":"<p>&nbsp; Quatro Webinars em portugu\u00eas (e uma em ingl\u00eas) est\u00e3o previstas at\u00e9 o fim do ano &nbsp; Por Liss\u00e2nder Dias* &nbsp; O Movimento Lausanne, por meio de uma de suas redes tem\u00e1ticas \u2013 a Rede de Sa\u00fade para Todas as Na\u00e7\u00f5es \u2013 vai iniciar uma s\u00e9rie de Webinars em portugu\u00eas, come\u00e7ando no pr\u00f3ximo dia 26\/08 [&hellip;]<\/p>\n","protected":false},"author":24,"featured_media":0,"comment_status":"open","ping_status":"open","sticky":false,"template":"","format":"standard","meta":{"ngg_post_thumbnail":0,"footnotes":""},"categories":[116],"tags":[27706,27704,27705,27703],"class_list":["post-522","post","type-post","status-publish","format-standard","hentry","category-blog","tag-karen-bomilcar","tag-rede-de-saude","tag-rede-tematica","tag-saude-integral"],"_links":{"self":[{"href":"https:\/\/ultimato.com.br\/sites\/lausanne\/wp-json\/wp\/v2\/posts\/522","targetHints":{"allow":["GET"]}}],"collection":[{"href":"https:\/\/ultimato.com.br\/sites\/lausanne\/wp-json\/wp\/v2\/posts"}],"about":[{"href":"https:\/\/ultimato.com.br\/sites\/lausanne\/wp-json\/wp\/v2\/types\/post"}],"author":[{"embeddable":true,"href":"https:\/\/ultimato.com.br\/sites\/lausanne\/wp-json\/wp\/v2\/users\/24"}],"replies":[{"embeddable":true,"href":"https:\/\/ultimato.com.br\/sites\/lausanne\/wp-json\/wp\/v2\/comments?post=522"}],"version-history":[{"count":12,"href":"https:\/\/ultimato.com.br\/sites\/lausanne\/wp-json\/wp\/v2\/posts\/522\/revisions"}],"predecessor-version":[{"id":535,"href":"https:\/\/ultimato.com.br\/sites\/lausanne\/wp-json\/wp\/v2\/posts\/522\/revisions\/535"}],"wp:attachment":[{"href":"https:\/\/ultimato.com.br\/sites\/lausanne\/wp-json\/wp\/v2\/media?parent=522"}],"wp:term":[{"taxonomy":"category","embeddable":true,"href":"https:\/\/ultimato.com.br\/sites\/lausanne\/wp-json\/wp\/v2\/categories?post=522"},{"taxonomy":"post_tag","embeddable":true,"href":"https:\/\/ultimato.com.br\/sites\/lausanne\/wp-json\/wp\/v2\/tags?post=522"}],"curies":[{"name":"wp","href":"https:\/\/api.w.org\/{rel}","templated":true}]}}