{"id":507,"date":"2023-07-18T16:35:28","date_gmt":"2023-07-18T19:35:28","guid":{"rendered":"https:\/\/ultimato.com.br\/sites\/lausanne\/?p=507"},"modified":"2023-07-18T16:35:28","modified_gmt":"2023-07-18T19:35:28","slug":"os-jovens-e-suas-ideias-para-influenciar-o-mundo","status":"publish","type":"post","link":"https:\/\/ultimato.com.br\/sites\/lausanne\/2023\/07\/18\/os-jovens-e-suas-ideias-para-influenciar-o-mundo\/","title":{"rendered":"Os jovens e suas ideias para influenciar o mundo"},"content":{"rendered":"<h3 style=\"text-align: center;\"><span style=\"color: #993300;\"><em>Dicas para voc\u00ea escrever um bom texto no<br \/>\nConcurso de Reda\u00e7\u00e3o do Movimento Lausanne<\/em><\/span><\/h3>\n<p>&nbsp;<\/p>\n<p>Escrever \u00e9 uma forma de amplificar as vozes tamb\u00e9m dos mais jovens. Assim acredita a te\u00f3loga alem\u00e3 Evi Rodemann, que atualmente \u00e9 respons\u00e1vel pelos grupos <em>Younger Leaders Generation<\/em> (YLGen) e coordenadora de Eventos do Movimento Lausanne. Al\u00e9m disso, ela \u00e9 uma das juradas do <em><a href=\"https:\/\/ultimato.com.br\/sites\/lausanne\/2023\/06\/16\/lausanne-lanca-concurso-de-redacao-para-jovens-lideres\/\">Concurso de Reda\u00e7\u00e3o para Jovens L\u00edderes<\/a><\/em> lan\u00e7ado em 01 de junho pelo Movimento, com inscri\u00e7\u00f5es at\u00e9 dia 30 de julho. Na entrevista abaixo, Evi fala como deve ser um bom artigo.<\/p>\n<p>&nbsp;<\/p>\n<p><strong><img loading=\"lazy\" decoding=\"async\" class=\"alignright wp-image-508\" src=\"https:\/\/ultimato.com.br\/sites\/lausanne\/files\/2023\/07\/writing-contest-pt-slide-1-1024x576.png\" alt=\"\" width=\"450\" height=\"253\" srcset=\"https:\/\/ultimato.com.br\/sites\/lausanne\/files\/2023\/07\/writing-contest-pt-slide-1-1024x576.png 1024w, https:\/\/ultimato.com.br\/sites\/lausanne\/files\/2023\/07\/writing-contest-pt-slide-1-300x169.png 300w, https:\/\/ultimato.com.br\/sites\/lausanne\/files\/2023\/07\/writing-contest-pt-slide-1-768x432.png 768w, https:\/\/ultimato.com.br\/sites\/lausanne\/files\/2023\/07\/writing-contest-pt-slide-1-1536x864.png 1536w, https:\/\/ultimato.com.br\/sites\/lausanne\/files\/2023\/07\/writing-contest-pt-slide-1-732x412.png 732w, https:\/\/ultimato.com.br\/sites\/lausanne\/files\/2023\/07\/writing-contest-pt-slide-1-1140x641.png 1140w, https:\/\/ultimato.com.br\/sites\/lausanne\/files\/2023\/07\/writing-contest-pt-slide-1.png 1920w\" sizes=\"auto, (max-width: 450px) 100vw, 450px\" \/>Por que o Movimento Lausanne resolveu promover o <em>Concurso de Reda\u00e7\u00e3o para Jovens L\u00edderes<\/em>?<\/strong><\/p>\n<p>Para encorajar jovens l\u00edderes a contribuir com seu conhecimento e ideias para a miss\u00e3o global. Todos s\u00e3o importantes, independentemente de idade, de nacionalidade ou g\u00eanero. Especialmente enquanto nos preparamos para Seul 2024 e vivemos um momento chave na hist\u00f3ria missional, queremos oferecer uma oportunidade para amplificar as vozes da gera\u00e7\u00e3o mais jovem.<\/p>\n<p><strong>Por que \u00e9 importante ouvir as vozes dos l\u00edderes crist\u00e3os jovens no mundo hoje?<\/strong><\/p>\n<p>Os l\u00edderes crist\u00e3os mais jovens servem e lideram ao lado dos l\u00edderes seniores e somos melhores quando trabalhamos e colaboramos entre gera\u00e7\u00f5es. \u00c9 estimulante e ben\u00e9fico para todos os lados. Al\u00e9m disso, \u00e0s vezes os l\u00edderes mais jovens t\u00eam perspectivas e sabedoria que as gera\u00e7\u00f5es mais velhas n\u00e3o t\u00eam.<\/p>\n<p><strong>Qual a expectativa do Movimento Lausanne em termos de n\u00famero de participantes no concurso e de representatividade geogr\u00e1fica?<\/strong><\/p>\n<p>Esperamos ter muitas inscri\u00e7\u00f5es de todo o mundo, com artigos escritos e enviados em portugu\u00eas, espanhol, franc\u00eas, coreano, russo e ingl\u00eas.<\/p>\n<p><strong>Que dicas voc\u00ea pode dar para quem j\u00e1 se inscreveu? O que n\u00e3o pode faltar no material que ser\u00e1 submetido ao concurso?<\/strong><\/p>\n<p>Os jurados procurar\u00e3o reda\u00e7\u00f5es que sejam relevantes, abrangentes, originais, perspicazes e escritas de forma clara e bonita. Buscamos reda\u00e7\u00f5es com bom fluxo e estrutura, e que demonstrem unidade e consist\u00eancia em seu ponto central.<\/p>\n<p><strong>E para os participantes brasileiros, que conselho pr\u00e1tico voc\u00ea gostaria de dar?<\/strong><\/p>\n<p>Por favor, escreva de acordo com uma paix\u00e3o que voc\u00ea tem para elaborar um artigo. Simplesmente comece contando suas experi\u00eancias e perspectivas \u00fanicas, e a\u00ed as palavras fluir\u00e3o.<\/p>\n<p><strong>E para voc\u00ea, Evi, como tem sido participar como jurada nesse concurso?<\/strong><\/p>\n<p>Sinto-me honrada por ter sido convidada para ser um dos dois jurados. Eu me preocupo profundamente com esta gera\u00e7\u00e3o mais jovem e quero que eles se envolvam em todos os n\u00edveis da sociedade, influenciando seu mundo para Jesus. Assim tamb\u00e9m dentro do Movimento Lausanne.<\/p>\n<p><strong>Voc\u00ea pode contar mais sobre as reuni\u00f5es que ter\u00e1 com os vencedores, como ser\u00e3o, quanto tempo v\u00e3o durar?<\/strong><\/p>\n<p>O vencedor ter\u00e1 a op\u00e7\u00e3o de tr\u00eas sess\u00f5es de uma hora com o outro jurado e comigo sobre qualquer quest\u00e3o de lideran\u00e7a que esse l\u00edder mais jovem queira abordar. Esperamos que isso seja um grande incentivo.<\/p>\n<p><strong><span style=\"color: #993300;\">&gt;&gt; <a style=\"color: #993300;\" href=\"https:\/\/lausanne.org\/pt-br\/concurso-de-redacao-para-jovens-lideres-do-movimento-de-lausanne-2023\">ENVIE SEU ARTIGO<\/a><\/span><\/strong><\/p>\n<hr>\n<p><span style=\"color: #808080;\">Colabora\u00e7\u00e3o: Sara White.<\/span><\/p>\n<p><span style=\"color: #808080;\">Tradu\u00e7\u00e3o: Andrea Esp\u00edrito Santo.<\/span><\/p>\n<hr>\n<p><strong><img loading=\"lazy\" decoding=\"async\" class=\"alignright wp-image-509\" src=\"https:\/\/ultimato.com.br\/sites\/lausanne\/files\/2023\/07\/WhatsApp-Image-2023-07-11-at-16.09.19-1024x683.jpeg\" alt=\"\" width=\"350\" height=\"233\" srcset=\"https:\/\/ultimato.com.br\/sites\/lausanne\/files\/2023\/07\/WhatsApp-Image-2023-07-11-at-16.09.19-1024x683.jpeg 1024w, https:\/\/ultimato.com.br\/sites\/lausanne\/files\/2023\/07\/WhatsApp-Image-2023-07-11-at-16.09.19-300x200.jpeg 300w, https:\/\/ultimato.com.br\/sites\/lausanne\/files\/2023\/07\/WhatsApp-Image-2023-07-11-at-16.09.19-768x512.jpeg 768w, https:\/\/ultimato.com.br\/sites\/lausanne\/files\/2023\/07\/WhatsApp-Image-2023-07-11-at-16.09.19-1536x1024.jpeg 1536w, https:\/\/ultimato.com.br\/sites\/lausanne\/files\/2023\/07\/WhatsApp-Image-2023-07-11-at-16.09.19-732x488.jpeg 732w, https:\/\/ultimato.com.br\/sites\/lausanne\/files\/2023\/07\/WhatsApp-Image-2023-07-11-at-16.09.19-1140x760.jpeg 1140w, https:\/\/ultimato.com.br\/sites\/lausanne\/files\/2023\/07\/WhatsApp-Image-2023-07-11-at-16.09.19.jpeg 2048w\" sizes=\"auto, (max-width: 350px) 100vw, 350px\" \/>Sobre Evi Rodemann<\/strong><\/p>\n<p><em>Presidente, Grupos YLGen<\/em><\/p>\n<p><em>Coordenadora de Eventos do Movimento Lausanne <\/em><\/p>\n<p>Apaixonada pela gera\u00e7\u00e3o mais jovem, Evi investe globalmente em jovens l\u00edderes por meio da iniciativa <em>Younger Leaders Generation<\/em> (YLGen) do Movimento Lausanne, onde coordena grupos e encontros, e por meio de sua pr\u00f3pria organiza\u00e7\u00e3o chamada LeadNow.<\/p>\n<p>Evi \u00e9 te\u00f3loga e gerente de eventos e est\u00e1 muito feliz por fazer parte da equipe de coordena\u00e7\u00e3o para Seul 2024. Ela tem mestrado em miss\u00e3o europeia e atualmente est\u00e1 trabalhando em seu doutorado (teologia) na \u00e1rea de impacto de eventos.<\/p>\n<hr>\n<blockquote><p><span style=\"color: #ff6600;\"><strong><em>&gt;&gt; Siga-nos no Instagram:<\/em><\/strong><strong><em>&nbsp;<\/em><\/strong><\/span><a href=\"https:\/\/instagram.com\/lausanne_brasil?igshid=MzRlODBiNWFlZA==\"><strong><em>@lausanne_brasil<\/em><\/strong><\/a><\/p><\/blockquote>\n<p>&nbsp;<\/p>\n","protected":false},"excerpt":{"rendered":"<p>Dicas para voc\u00ea escrever um bom texto no Concurso de Reda\u00e7\u00e3o do Movimento Lausanne &nbsp; Escrever \u00e9 uma forma de amplificar as vozes tamb\u00e9m dos mais jovens. Assim acredita a te\u00f3loga alem\u00e3 Evi Rodemann, que atualmente \u00e9 respons\u00e1vel pelos grupos Younger Leaders Generation (YLGen) e coordenadora de Eventos do Movimento Lausanne. Al\u00e9m disso, ela \u00e9 [&hellip;]<\/p>\n","protected":false},"author":24,"featured_media":0,"comment_status":"open","ping_status":"open","sticky":false,"template":"","format":"standard","meta":{"ngg_post_thumbnail":0,"footnotes":""},"categories":[116],"tags":[5378,27694,27682,27695,27702],"class_list":["post-507","post","type-post","status-publish","format-standard","hentry","category-blog","tag-comunicacao","tag-concurso-de-redacao","tag-geracoes","tag-jovens-lideres","tag-ylgen"],"_links":{"self":[{"href":"https:\/\/ultimato.com.br\/sites\/lausanne\/wp-json\/wp\/v2\/posts\/507","targetHints":{"allow":["GET"]}}],"collection":[{"href":"https:\/\/ultimato.com.br\/sites\/lausanne\/wp-json\/wp\/v2\/posts"}],"about":[{"href":"https:\/\/ultimato.com.br\/sites\/lausanne\/wp-json\/wp\/v2\/types\/post"}],"author":[{"embeddable":true,"href":"https:\/\/ultimato.com.br\/sites\/lausanne\/wp-json\/wp\/v2\/users\/24"}],"replies":[{"embeddable":true,"href":"https:\/\/ultimato.com.br\/sites\/lausanne\/wp-json\/wp\/v2\/comments?post=507"}],"version-history":[{"count":7,"href":"https:\/\/ultimato.com.br\/sites\/lausanne\/wp-json\/wp\/v2\/posts\/507\/revisions"}],"predecessor-version":[{"id":516,"href":"https:\/\/ultimato.com.br\/sites\/lausanne\/wp-json\/wp\/v2\/posts\/507\/revisions\/516"}],"wp:attachment":[{"href":"https:\/\/ultimato.com.br\/sites\/lausanne\/wp-json\/wp\/v2\/media?parent=507"}],"wp:term":[{"taxonomy":"category","embeddable":true,"href":"https:\/\/ultimato.com.br\/sites\/lausanne\/wp-json\/wp\/v2\/categories?post=507"},{"taxonomy":"post_tag","embeddable":true,"href":"https:\/\/ultimato.com.br\/sites\/lausanne\/wp-json\/wp\/v2\/tags?post=507"}],"curies":[{"name":"wp","href":"https:\/\/api.w.org\/{rel}","templated":true}]}}