{"id":499,"date":"2023-06-29T09:19:41","date_gmt":"2023-06-29T12:19:41","guid":{"rendered":"https:\/\/ultimato.com.br\/sites\/lausanne\/?p=499"},"modified":"2023-06-29T09:19:41","modified_gmt":"2023-06-29T12:19:41","slug":"a-duas-preocupacoes-do-conde-zinzendorf","status":"publish","type":"post","link":"https:\/\/ultimato.com.br\/sites\/lausanne\/2023\/06\/29\/a-duas-preocupacoes-do-conde-zinzendorf\/","title":{"rendered":"A duas preocupa\u00e7\u00f5es do conde Zinzendorf"},"content":{"rendered":"<p>&nbsp;<\/p>\n<p style=\"text-align: right;\"><span style=\"color: #993300;\"><strong>POR JOHN STOTT<\/strong><\/span><\/p>\n<p style=\"text-align: right;\"><em>Trecho retirado do livro <a href=\"https:\/\/www.ultimato.com.br\/loja\/produtos\/a-vida-em-cristo\">\u201cA Vida Em Cristo\u201d<\/a>, de John Stott (p\u00e1ginas 131-134)<\/em><\/p>\n<p>&nbsp;<\/p>\n<div id=\"attachment_501\" style=\"width: 360px\" class=\"wp-caption alignleft\"><img loading=\"lazy\" decoding=\"async\" aria-describedby=\"caption-attachment-501\" class=\"wp-image-501\" src=\"https:\/\/ultimato.com.br\/sites\/lausanne\/files\/2023\/06\/Conde_Zinzendorf-770x1024.jpeg\" alt=\"\" width=\"350\" height=\"465\" srcset=\"https:\/\/ultimato.com.br\/sites\/lausanne\/files\/2023\/06\/Conde_Zinzendorf-770x1024.jpeg 770w, https:\/\/ultimato.com.br\/sites\/lausanne\/files\/2023\/06\/Conde_Zinzendorf-226x300.jpeg 226w, https:\/\/ultimato.com.br\/sites\/lausanne\/files\/2023\/06\/Conde_Zinzendorf-768x1021.jpeg 768w, https:\/\/ultimato.com.br\/sites\/lausanne\/files\/2023\/06\/Conde_Zinzendorf-1155x1536.jpeg 1155w, https:\/\/ultimato.com.br\/sites\/lausanne\/files\/2023\/06\/Conde_Zinzendorf-732x973.jpeg 732w, https:\/\/ultimato.com.br\/sites\/lausanne\/files\/2023\/06\/Conde_Zinzendorf-1140x1516.jpeg 1140w, https:\/\/ultimato.com.br\/sites\/lausanne\/files\/2023\/06\/Conde_Zinzendorf.jpeg 1201w\" sizes=\"auto, (max-width: 350px) 100vw, 350px\" \/><p id=\"caption-attachment-501\" class=\"wp-caption-text\">Conde Zinzendorf. Fonte: britannica.com\/biography\/Nikolaus-Ludwig-Graf-von-Zinzendorf<\/p><\/div>\n<p>Nikolaus Ludwig von Zinzendorf nasceu em Dresden em 1.700, na nobreza austr\u00edaca. Depois de estudar direito na Universidade de Wittenberg e come\u00e7ar a trabalhar no servi\u00e7o p\u00fablico, ele se aposentou aos 27 anos para se dedicar a Herrnhut, a comunidade crist\u00e3 que ele havia fundado cinco anos antes para fugitivos religiosos da Mor\u00e1via.<\/p>\n<p>A vida de Zinzendorf foi governada por duas principais preocupa\u00e7\u00f5es. A primeira era a <em>evangeliza\u00e7\u00e3o mundial<\/em>. Enquanto ainda estava na escola, ele e cinco outros garotos fundaram o que chamaram de \u201cA Ordem do Gr\u00e3o de Mostarda\u201d, cujo objetivo era levar o evangelho at\u00e9 os confins da terra. Seus membros usavam um anel com as palavras (em grego) \u201cningu\u00e9m vive para si mesmo\u201d. Logo, cl\u00e9rigos e estadistas proeminentes estavam inclu\u00eddos entre os membros da ordem. No devido tempo, os mission\u00e1rios de Herrnhut levaram as boas novas \u00e0s \u00cdndias Ocidentais, Groel\u00e2ndia, Am\u00e9rica do Norte, \u00c1frica do Sul e Am\u00e9rica do Sul. Por volta de 1760, o ano de sua morte, Zinzendorf j\u00e1 contava com 226 mission\u00e1rios trabalhando do \u00c1rtico aos Tr\u00f3picos e da Am\u00e9rica \u00e0 \u00c1sia. O dr. Gustav Warneck comentou: \u201cA igreja da Mor\u00e1via fez mais do que todas as outras igrejas protestantes juntas\u201d\u00b9. Zinzendorf \u00e9 de particular interesse para os metodistas porque John Wesley se converteu gra\u00e7as ao trabalho dos mor\u00e1vios e adquiriu com eles muitas caracter\u00edsticas do in\u00edcio do metodismo, como reuni\u00f5es de classe, festas do amor e canto de hinos.<\/p>\n<p>A segunda preocupa\u00e7\u00e3o de Zinzendorf era a <em>unidade da igreja<\/em>. Ele n\u00e3o queria que luteranos, calvinistas, anglicanos ou outros perdessem a \u00eanfase que os distinguia, mas ansiava ver todos os crist\u00e3os que haviam \u201cexperimentado a morte de Jesus no cora\u00e7\u00e3o\u201d\u00b2 unidos em uma comunh\u00e3o ou comunidade de igrejas. Ao que parece, ele foi a primeira pessoa a usar a palavra grega <em>oikoumene<\/em> como refer\u00eancia \u00e0 \u201cigreja crist\u00e3 mundial\u201d.\u00b3<\/p>\n<p>Era esse, portanto, seu compromisso duplo: o evangelismo mundial e a unidade da igreja. Qual foi a inspira\u00e7\u00e3o para essas preocupa\u00e7\u00f5es? Elas eram \u201co fruto de uma devo\u00e7\u00e3o suprema: a devo\u00e7\u00e3o simples, inquestion\u00e1vel, inabal\u00e1vel e abrangente de Zinzendorf ao Cordeiro de Deus [&#8230;] \u2018Eu tenho apenas uma paix\u00e3o\u2019, declarou, \u2018que \u00e9 ele, apenas ele\u2019\u201d.\u2074 Criado por sua av\u00f3 na tradi\u00e7\u00e3o do pietismo bo\u00eamio, que havia reagido contra a fria ortodoxia luterana, ele amou Jesus Cristo desde a inf\u00e2ncia e decidiu, antes dos 10 anos de idade, ser um pregador do evangelho. Sua maior \u00eanfase estava na <em>Herzensreligion <\/em>[religi\u00e3o do cora\u00e7\u00e3o, em alem\u00e3o], uma intensa devo\u00e7\u00e3o pessoal de cora\u00e7\u00e3o a Jesus como o Salvador que havia morrido por ele.<\/p>\n<div id=\"attachment_500\" style=\"width: 410px\" class=\"wp-caption alignright\"><img loading=\"lazy\" decoding=\"async\" aria-describedby=\"caption-attachment-500\" class=\"wp-image-500\" src=\"https:\/\/ultimato.com.br\/sites\/lausanne\/files\/2023\/06\/Domenico_Fetti_-_Ecce_Homo_-_WGA7845.jpg\" alt=\"\" width=\"400\" height=\"496\" srcset=\"https:\/\/ultimato.com.br\/sites\/lausanne\/files\/2023\/06\/Domenico_Fetti_-_Ecce_Homo_-_WGA7845.jpg 524w, https:\/\/ultimato.com.br\/sites\/lausanne\/files\/2023\/06\/Domenico_Fetti_-_Ecce_Homo_-_WGA7845-242x300.jpg 242w\" sizes=\"auto, (max-width: 400px) 100vw, 400px\" \/><p id=\"caption-attachment-500\" class=\"wp-caption-text\">Ecce Homo, de Domenico Fetti (1589-1623).<\/p><\/div>\n<p>Se houve uma crise espiritual em sua vida, foi quando ele tinha 19 anos. Rec\u00e9m-formado em direito, ele foi enviado para fora do pa\u00eds (como acontecia com todo nobre no s\u00e9culo 18) para concluir seus estudos e se tornar \u201cum homem do mundo\u201d, percorrendo cidades europeias, a come\u00e7ar por Paris. \u201cSe ser enviado \u00e0 Fran\u00e7a tinha por objetivo fazer de mim um homem do mundo\u201d, escreveu, \u201cafirmo que isso \u00e9 jogar dinheiro fora; pois Deus, em sua bondade, me preservar\u00e1 no desejo de viver apenas por Jesus Cristo.\u201d Em D\u00fcsseldorf, ao visitar uma galeria de arte, ele foi atra\u00eddo por uma pintura magistral de Jesus Cristo feita por Domenico Fetti, um artista italiano do in\u00edcio do s\u00e9culo 17. Era seu <em>Ecce Homo<\/em>, agora em Munique, retratando Jesus como Pilatos o apresentou \u00e0 multid\u00e3o ap\u00f3s ser a\u00e7oitado \u2013 vestido de p\u00farpura, amarrado com cordas e coroado com espinhos. Zinzendorf parou diante dele, at\u00f4nito. Os olhos de Cristo pareciam penetrar seu cora\u00e7\u00e3o, enquanto as palavras de Cristo escritas em latim acima e abaixo da pintura pareciam ser dirigidas diretamente a ele:<\/p>\n<p><em>Isso eu fiz por voc\u00ea;<\/em><\/p>\n<p><em>O que voc\u00ea est\u00e1 fazendo por mim?<\/em><\/p>\n<p>\u201cNaquele momento\u201d, escreve A. J. Lewis, \u201co jovem conde pediu ao Cristo crucificado que o atra\u00edsse para \u2018a comunh\u00e3o de seus sofrimentos\u2019 e lhe revelasse uma vida de servi\u00e7o.\u201d \u2075 Na igreja <em>All Souls<\/em>, em Londres, na parede leste, atr\u00e1s da mesa da comunh\u00e3o, est\u00e1 pendurado outro <em>Ecce Homo<\/em>. Pintado por Richard Westall, foi apresentado \u00e0 igreja em sua inaugura\u00e7\u00e3o, em 1824, pelo rei George IV. A pintura retrata Cristo, com as m\u00e3os amarradas, coroado de espinhos e com um manto p\u00farpura. Ao redor de sua cabe\u00e7a est\u00e3o tr\u00eas m\u00e3os, as m\u00e3os de sacerdotes e soldados zombadores, que est\u00e3o olhando e apontando para ele. No entanto, o que eles faziam com desprezo e esc\u00e1rnio, procuramos fazer com f\u00e9, amor e adora\u00e7\u00e3o. Todo o nosso minist\u00e9rio tem por objetivo ser um testemunho de Jesus Cristo. E, ao longo dos anos, milhares de adoradores se levantaram ou se ajoelharam diante dessa imagem, como fez Zinzendorf diante da dele, e oraram para que, em resposta ao seu grande amor por n\u00f3s, possamos viver nossa vida para ele.<\/p>\n<hr>\n<p><strong>Notas:<\/strong><\/p>\n<ol>\n<li>LEWIS, <em>Zinzendorf<\/em>, p 80.<\/li>\n<li>LEWIS, p 15.<\/li>\n<li>LEWIS, p 13.<\/li>\n<li>LEWIS, p 12.<\/li>\n<li>LEWIS, p 28-29.<\/li>\n<\/ol>\n<p><em>Pintura:<\/em> wga.hu\/art\/f\/feti\/eccehomo.jpg<\/p>\n<hr>\n<p><strong>Foi a parceria \u00fanica entre&nbsp;<\/strong><strong><a href=\"https:\/\/lausanne.org\/?page_id=130406\">Billy Graham e John Stott<\/a>&nbsp;que possibilitou o surgimento do Movimento de Lausanne. O \u201cPacto de Lausanne\u201d foi fruto direto da lideran\u00e7a de Stott. Sabia mais sobre a participa\u00e7\u00e3o de John Stott no Movimento Lausanne <a href=\"https:\/\/lausanne.org\/pt-br\/sobre-pt-br\/blog-pt-br\/o-legado-de-john-stott-atraves-do-movimento-de-lausanne\">aqui<\/a>.<\/strong><\/p>\n<p>&nbsp;<\/p>\n<p><strong><span style=\"color: #ff6600;\">&gt; Siga-nos no Instagram:<\/span>&nbsp;<\/strong><a href=\"https:\/\/instagram.com\/lausanne_brasil?igshid=MzRlODBiNWFlZA==\"><strong>@lausanne_brasil<\/strong><\/a><\/p>\n","protected":false},"excerpt":{"rendered":"<p>&nbsp; POR JOHN STOTT Trecho retirado do livro \u201cA Vida Em Cristo\u201d, de John Stott (p\u00e1ginas 131-134) &nbsp; Nikolaus Ludwig von Zinzendorf nasceu em Dresden em 1.700, na nobreza austr\u00edaca. Depois de estudar direito na Universidade de Wittenberg e come\u00e7ar a trabalhar no servi\u00e7o p\u00fablico, ele se aposentou aos 27 anos para se dedicar a [&hellip;]<\/p>\n","protected":false},"author":24,"featured_media":0,"comment_status":"open","ping_status":"open","sticky":false,"template":"","format":"standard","meta":{"ngg_post_thumbnail":0,"footnotes":""},"categories":[114,116],"tags":[27697,27700,5668,27699,27701,27698],"class_list":["post-499","post","type-post","status-publish","format-standard","hentry","category-artigos","category-blog","tag-biografia","tag-evangelizacao","tag-john-stott","tag-testemunhos","tag-unidade","tag-zinzendorf"],"_links":{"self":[{"href":"https:\/\/ultimato.com.br\/sites\/lausanne\/wp-json\/wp\/v2\/posts\/499","targetHints":{"allow":["GET"]}}],"collection":[{"href":"https:\/\/ultimato.com.br\/sites\/lausanne\/wp-json\/wp\/v2\/posts"}],"about":[{"href":"https:\/\/ultimato.com.br\/sites\/lausanne\/wp-json\/wp\/v2\/types\/post"}],"author":[{"embeddable":true,"href":"https:\/\/ultimato.com.br\/sites\/lausanne\/wp-json\/wp\/v2\/users\/24"}],"replies":[{"embeddable":true,"href":"https:\/\/ultimato.com.br\/sites\/lausanne\/wp-json\/wp\/v2\/comments?post=499"}],"version-history":[{"count":4,"href":"https:\/\/ultimato.com.br\/sites\/lausanne\/wp-json\/wp\/v2\/posts\/499\/revisions"}],"predecessor-version":[{"id":505,"href":"https:\/\/ultimato.com.br\/sites\/lausanne\/wp-json\/wp\/v2\/posts\/499\/revisions\/505"}],"wp:attachment":[{"href":"https:\/\/ultimato.com.br\/sites\/lausanne\/wp-json\/wp\/v2\/media?parent=499"}],"wp:term":[{"taxonomy":"category","embeddable":true,"href":"https:\/\/ultimato.com.br\/sites\/lausanne\/wp-json\/wp\/v2\/categories?post=499"},{"taxonomy":"post_tag","embeddable":true,"href":"https:\/\/ultimato.com.br\/sites\/lausanne\/wp-json\/wp\/v2\/tags?post=499"}],"curies":[{"name":"wp","href":"https:\/\/api.w.org\/{rel}","templated":true}]}}