{"id":483,"date":"2023-06-16T15:29:51","date_gmt":"2023-06-16T18:29:51","guid":{"rendered":"https:\/\/ultimato.com.br\/sites\/lausanne\/?p=483"},"modified":"2023-06-16T16:01:16","modified_gmt":"2023-06-16T19:01:16","slug":"lausanne-lanca-concurso-de-redacao-para-jovens-lideres","status":"publish","type":"post","link":"https:\/\/ultimato.com.br\/sites\/lausanne\/2023\/06\/16\/lausanne-lanca-concurso-de-redacao-para-jovens-lideres\/","title":{"rendered":"Lausanne lan\u00e7a concurso de reda\u00e7\u00e3o para jovens l\u00edderes"},"content":{"rendered":"<h3 style=\"text-align: center;\"><span style=\"color: #993300;\"><em><img loading=\"lazy\" decoding=\"async\" class=\"aligncenter size-large wp-image-484\" src=\"https:\/\/ultimato.com.br\/sites\/lausanne\/files\/2023\/06\/imagem_concurso_redacao-1024x298.png\" alt=\"\" width=\"750\" height=\"218\" srcset=\"https:\/\/ultimato.com.br\/sites\/lausanne\/files\/2023\/06\/imagem_concurso_redacao-1024x298.png 1024w, https:\/\/ultimato.com.br\/sites\/lausanne\/files\/2023\/06\/imagem_concurso_redacao-300x87.png 300w, https:\/\/ultimato.com.br\/sites\/lausanne\/files\/2023\/06\/imagem_concurso_redacao-768x224.png 768w, https:\/\/ultimato.com.br\/sites\/lausanne\/files\/2023\/06\/imagem_concurso_redacao-1536x448.png 1536w, https:\/\/ultimato.com.br\/sites\/lausanne\/files\/2023\/06\/imagem_concurso_redacao-732x213.png 732w, https:\/\/ultimato.com.br\/sites\/lausanne\/files\/2023\/06\/imagem_concurso_redacao-1140x332.png 1140w, https:\/\/ultimato.com.br\/sites\/lausanne\/files\/2023\/06\/imagem_concurso_redacao.png 1647w\" sizes=\"auto, (max-width: 750px) 100vw, 750px\" \/><\/em><\/span><\/h3>\n<h3 style=\"text-align: center;\"><span style=\"color: #993300;\"><em>Compartilhe sua valiosa vis\u00e3o, perspectiva e compreens\u00e3o teol\u00f3gica a respeito de quest\u00f5es prementes.<\/em><\/span><\/h3>\n<p>&nbsp;<\/p>\n<p><strong>P\u00fablico<\/strong>: jovens l\u00edderes em 18 e 35 anos<\/p>\n<p><strong>Prazo de inscri\u00e7\u00e3o<\/strong>: at\u00e9 30 de julho de 2023<\/p>\n<p>&nbsp;<\/p>\n<p>Temos o prazer de convidar todos os l\u00edderes com idade entre 18 e 35 anos para participar do primeiro <em>Concurso de Reda\u00e7\u00e3o para Jovens L\u00edderes do Movimento Lausanne<\/em>.<\/p>\n<p>Em todos os cantos do mundo, jovens l\u00edderes est\u00e3o enfrentando o desafio de liderar em tempos turbulentos.<strong> Qual a nossa tarefa como igreja global?<\/strong><\/p>\n<p>\u00c0 medida que o Movimento Lausanne se prepara para o <a href=\"https:\/\/lausanne.org\/pt-br\/gatherings\/seul-2024\">Seul 2024<\/a> e d\u00e1 continuidade \u00e0 jornada de Lausanne 4, queremos dar voz aos l\u00edderes com idade entre 18 e 35 anos para que eles compartilhem com uma plateia global sua valiosa vis\u00e3o, perspectiva e compreens\u00e3o teol\u00f3gica a respeito de quest\u00f5es prementes.<\/p>\n<p>Estamos em busca de textos fundamentados em pesquisas originais, redigidos com esmero e conte\u00fado inspirador, que associem a mensagem do evangelho aos eventos, \u00e0 cultura, \u00e0s not\u00edcias e \u00e0s tend\u00eancias globais atuais.<\/p>\n<p>Os trabalhos vencedores ser\u00e3o traduzidos para v\u00e1rios idiomas e publicados nos canais do Movimento\u00a0Lausanne. Seus autores tamb\u00e9m ter\u00e3o a oportunidade de se reunir com Evi\u00a0Rodemann e Victor Nakah, os jurados do concurso, para sess\u00f5es individuais de desenvolvimento de lideran\u00e7a.<\/p>\n<p>Os textos podem ser enviados a partir de 1\u00b0 de junho de 2023. Os participantes do concurso devem ter entre 18 e 35 anos at\u00e9 o dia 30 de julho de 2023, que \u00e9 o prazo final de envio. Os textos podem ser escritos em ingl\u00eas, franc\u00eas, espanhol, portugu\u00eas e coreano. N\u00e3o \u00e9 necess\u00e1ria qualquer afilia\u00e7\u00e3o anterior ao Movimento Lausanne.<\/p>\n<h4 style=\"text-align: center;\"><span style=\"color: #ff6600;\"><strong><a style=\"color: #ff6600;\" href=\"https:\/\/airtable.com\/shr6lUe92ybkYNAjG\">&gt;&gt; CLIQUE AQUI E ENVIE SEU ARTIGO &lt;&lt;<\/a><\/strong><\/span><\/h4>\n<p>&nbsp;<\/p>\n<p>&nbsp;<\/p>\n<p><strong>Temas sugeridos:<\/strong><\/p>\n<ul>\n<li>Que lacuna na obra mission\u00e1ria global ou desafio espec\u00edfico a igreja enfrenta hoje e de que forma ela pode agir para super\u00e1-los?<\/li>\n<li>Que bom exemplo voc\u00ea pode citar de uma igreja ou um minist\u00e9rio que esteja acelerando a obra mission\u00e1ria global em sua regi\u00e3o e de que forma isso pode afetar a igreja em todo o mundo?<\/li>\n<li>Que li\u00e7\u00f5es voc\u00ea aprendeu nos \u00faltimos dez anos que levar\u00e1 consigo para o futuro?<\/li>\n<li>De que forma podemos nos manter firmados no evangelho como igreja global, mesmo buscando a transforma\u00e7\u00e3o de nossas sociedades?<\/li>\n<li>Como fazer melhor uso de ferramentas e recursos, como a tecnologia e as m\u00eddias sociais, para acelerar a obra mission\u00e1ria?<\/li>\n<li>Por que o \u201cesp\u00edrito de Lausanne\u201d (humildade, amizade, ora\u00e7\u00e3o, estudo, parceria e esperan\u00e7a) ainda \u00e9 relevante hoje, especialmente no contexto das miss\u00f5es globais?<\/li>\n<li>Que papel-chave o Movimento Lausanne deveria desempenhar na obra mission\u00e1ria global?<\/li>\n<\/ul>\n<p>&nbsp;<\/p>\n<p><strong>Instru\u00e7\u00f5es para o envio de trabalhos:<\/strong><\/p>\n<p>Os artigos devem ser fundamentados em pesquisas originais, relevantes para um p\u00fablico global e conter aspectos pr\u00e1ticos que podem ser aplicados pelos crist\u00e3os hoje. Encorajamos a inclus\u00e3o de relatos e testemunhos, desde que usados na mesma propor\u00e7\u00e3o da reflex\u00e3o teol\u00f3gica. O tom e o estilo devem ser de jornalismo de alto n\u00edvel, n\u00e3o de artigos acad\u00eamicos.<\/p>\n<ul>\n<li><strong>Envio<\/strong>: os artigos devem ser enviados em Word ou documento do Google at\u00e9 30 de julho de 2023. O texto n\u00e3o pode ter sido publicado anteriormente.<\/li>\n<li><strong>Tamanho<\/strong>: os artigos devem ter, no m\u00e1ximo, 2 mil palavras.<\/li>\n<li><strong>Idioma<\/strong>: os artigos podem ser enviados em ingl\u00eas, portugu\u00eas, espanhol, franc\u00eas ou coreano.<\/li>\n<li><strong>Cita\u00e7\u00f5es<\/strong>: preferimos cita\u00e7\u00f5es com hiperlinks inseridos no pr\u00f3prio texto do que notas finais ou de rodap\u00e9.<\/li>\n<li><strong>T\u00edtulos, gr\u00e1ficos etc<\/strong>: incentivamos o uso de t\u00edtulos e marcadores para dividir o texto e facilitar a leitura. Gr\u00e1ficos, links para sites e conte\u00fado adicional, al\u00e9m de estat\u00edsticas (quando relevantes) tamb\u00e9m s\u00e3o bem-vindos e n\u00e3o s\u00e3o inclu\u00eddos na contagem de palavras.<\/li>\n<li><strong>Edi\u00e7\u00e3o<\/strong>: ao enviar seu texto, voc\u00ea concorda que podemos editar sua apresenta\u00e7\u00e3o para fins de concis\u00e3o, clareza e coer\u00eancia com nosso guia de estilo.<\/li>\n<\/ul>\n<p>&nbsp;<\/p>\n<p><strong>Avisos importantes!<\/strong><\/p>\n<p><strong>Direitos totais<\/strong>: ao submeter um artigo, o autor indica que det\u00e9m todos os direitos para usar quaisquer pesquisas, gr\u00e1ficos, imagens ou outro material de apoio encontrado no artigo.<\/p>\n<p><strong>Seguran\u00e7a<\/strong>: os autores se responsabilizam em administrar e proteger todos os nomes, locais e outras informa\u00e7\u00f5es de identifica\u00e7\u00e3o em seus artigos que n\u00e3o devam ser disponibilizados ao p\u00fablico em geral.<\/p>\n<p><strong>Copyright<\/strong>: os direitos autorais do artigo s\u00e3o compartilhados pelo autor e pelo Movimento Lausanne.<\/p>\n<p><strong>Difama\u00e7\u00e3o<\/strong>: embora a legisla\u00e7\u00e3o contra a difama\u00e7\u00e3o varie conforme o pa\u00eds, por favor, certifique-se de que todas as observa\u00e7\u00f5es que possam ser interpretadas como difamat\u00f3rias sejam bem fundamentadas, e destaque esses trechos para discuss\u00e3o com o editor.<\/p>\n<p><strong>Publica\u00e7\u00e3o futura<\/strong>: ao enviar seu trabalho, voc\u00ea concorda que seu texto, mesmo que n\u00e3o esteja entre os vencedores, seja usado pelo Movimento Lausanne para publica\u00e7\u00e3o futura.<\/p>\n<p>&nbsp;<\/p>\n<p style=\"text-align: right;\"><em>Texto publicado originalmente no <a href=\"https:\/\/lausanne.org\/pt-br\/concurso-de-redacao-para-jovens-lideres-do-movimento-de-lausanne-2023\">site<\/a> do Movimento Lausanne.<\/em><\/p>\n<p>&nbsp;<\/p>\n<blockquote><p><strong><span style=\"color: #ff6600;\">&gt; Siga-nos no Instagram:<\/span>\u00a0<\/strong><a href=\"https:\/\/instagram.com\/lausanne_brasil?igshid=MzRlODBiNWFlZA==\"><strong>@lausanne_brasil<\/strong><\/a><\/p><\/blockquote>\n<p>&nbsp;<\/p>\n<p>&nbsp;<\/p>\n","protected":false},"excerpt":{"rendered":"<p>Compartilhe sua valiosa vis\u00e3o, perspectiva e compreens\u00e3o teol\u00f3gica a respeito de quest\u00f5es prementes. &nbsp; P\u00fablico: jovens l\u00edderes em 18 e 35 anos Prazo de inscri\u00e7\u00e3o: at\u00e9 30 de julho de 2023 &nbsp; Temos o prazer de convidar todos os l\u00edderes com idade entre 18 e 35 anos para participar do primeiro Concurso de Reda\u00e7\u00e3o para [&hellip;]<\/p>\n","protected":false},"author":24,"featured_media":0,"comment_status":"open","ping_status":"open","sticky":false,"template":"","format":"standard","meta":{"ngg_post_thumbnail":0,"footnotes":""},"categories":[116],"tags":[27694,27686,27692,27695,27696],"class_list":["post-483","post","type-post","status-publish","format-standard","hentry","category-blog","tag-concurso-de-redacao","tag-jornada-lausanne-4","tag-jornadalausanne4","tag-jovens-lideres","tag-seul-2024"],"_links":{"self":[{"href":"https:\/\/ultimato.com.br\/sites\/lausanne\/wp-json\/wp\/v2\/posts\/483","targetHints":{"allow":["GET"]}}],"collection":[{"href":"https:\/\/ultimato.com.br\/sites\/lausanne\/wp-json\/wp\/v2\/posts"}],"about":[{"href":"https:\/\/ultimato.com.br\/sites\/lausanne\/wp-json\/wp\/v2\/types\/post"}],"author":[{"embeddable":true,"href":"https:\/\/ultimato.com.br\/sites\/lausanne\/wp-json\/wp\/v2\/users\/24"}],"replies":[{"embeddable":true,"href":"https:\/\/ultimato.com.br\/sites\/lausanne\/wp-json\/wp\/v2\/comments?post=483"}],"version-history":[{"count":10,"href":"https:\/\/ultimato.com.br\/sites\/lausanne\/wp-json\/wp\/v2\/posts\/483\/revisions"}],"predecessor-version":[{"id":497,"href":"https:\/\/ultimato.com.br\/sites\/lausanne\/wp-json\/wp\/v2\/posts\/483\/revisions\/497"}],"wp:attachment":[{"href":"https:\/\/ultimato.com.br\/sites\/lausanne\/wp-json\/wp\/v2\/media?parent=483"}],"wp:term":[{"taxonomy":"category","embeddable":true,"href":"https:\/\/ultimato.com.br\/sites\/lausanne\/wp-json\/wp\/v2\/categories?post=483"},{"taxonomy":"post_tag","embeddable":true,"href":"https:\/\/ultimato.com.br\/sites\/lausanne\/wp-json\/wp\/v2\/tags?post=483"}],"curies":[{"name":"wp","href":"https:\/\/api.w.org\/{rel}","templated":true}]}}