{"id":459,"date":"2023-06-07T18:46:17","date_gmt":"2023-06-07T21:46:17","guid":{"rendered":"https:\/\/ultimato.com.br\/sites\/lausanne\/?p=459"},"modified":"2023-06-07T18:47:29","modified_gmt":"2023-06-07T21:47:29","slug":"dia-2-lego-lausanne-e-as-relacoes-intergeracionais-brincadeira-de-crianca","status":"publish","type":"post","link":"https:\/\/ultimato.com.br\/sites\/lausanne\/2023\/06\/07\/dia-2-lego-lausanne-e-as-relacoes-intergeracionais-brincadeira-de-crianca\/","title":{"rendered":"Dia 2 &#8211; Lego, Lausanne e as rela\u00e7\u00f5es intergeracionais: brincadeira de crian\u00e7a?"},"content":{"rendered":"<h3 style=\"text-align: center;\"><span style=\"color: #993300;\"><em>O brinquedo disp\u00f4s todos a um processo extraordin\u00e1rio de colabora\u00e7\u00e3o e identifica\u00e7\u00e3o das fortalezas e fraquezas<\/em><\/span><\/h3>\n<p>&nbsp;<\/p>\n<p style=\"text-align: right;\"><em>Por Gabriel Neres<\/em><\/p>\n<p>&nbsp;<\/p>\n<p>#LGC23 #JornadaLausanne4<\/p>\n<p>&nbsp;<\/p>\n<p><img loading=\"lazy\" decoding=\"async\" class=\"alignleft wp-image-450\" src=\"https:\/\/ultimato.com.br\/sites\/lausanne\/files\/2023\/06\/lausanne-generation-conversation-thumbnail-400x400_corte-e1685826836394.png\" alt=\"\" width=\"200\" height=\"101\">O mundialmente conhecido brinquedo de montar da Lego numa confer\u00eancia de Lausanne? O que Billy Graham, um dos idealizadores do movimento, acharia disso? Provavelmente extraordin\u00e1rio!<\/p>\n<p>A divers\u00e3o come\u00e7ou muito antes das pe\u00e7as do brinquedo serem distribu\u00eddas aos grupos de trabalho. Nas primeiras horas da manh\u00e3, Lindsay Olesberg, uma das organizadoras do evento e integrante do YLGen (Gera\u00e7\u00e3o de L\u00edderes Jovens de Lausanne), convidou os grupos para realizarem, de modo coletivo e colaborativo, a exegese de Atos 7 a 9.<\/p>\n<p>Que experi\u00eancia! Pessoas de diversas idades, diversas nacionalidades, diversos contexto lidando com um excerto b\u00edblico t\u00e3o precioso. Todos juntos tentando conectar as partes mais significativas, as palavras-chave, os aspectos geogr\u00e1ficos e os tra\u00e7os de personalidade dos personagens citados na passagem. Um verdadeiro quebra-cabe\u00e7a resolvido a muitas m\u00e3os, gera\u00e7\u00f5es (5 no total) e na\u00e7\u00f5es (41, precisamente).&nbsp;<\/p>\n<div id=\"attachment_460\" style=\"width: 410px\" class=\"wp-caption alignright\"><img loading=\"lazy\" decoding=\"async\" aria-describedby=\"caption-attachment-460\" class=\"wp-image-460\" src=\"https:\/\/ultimato.com.br\/sites\/lausanne\/files\/2023\/06\/WhatsApp-Image-2023-06-05-at-00.04.29-1-1024x769.jpeg\" alt=\"\" width=\"400\" height=\"301\" srcset=\"https:\/\/ultimato.com.br\/sites\/lausanne\/files\/2023\/06\/WhatsApp-Image-2023-06-05-at-00.04.29-1-1024x769.jpeg 1024w, https:\/\/ultimato.com.br\/sites\/lausanne\/files\/2023\/06\/WhatsApp-Image-2023-06-05-at-00.04.29-1-300x225.jpeg 300w, https:\/\/ultimato.com.br\/sites\/lausanne\/files\/2023\/06\/WhatsApp-Image-2023-06-05-at-00.04.29-1-768x577.jpeg 768w, https:\/\/ultimato.com.br\/sites\/lausanne\/files\/2023\/06\/WhatsApp-Image-2023-06-05-at-00.04.29-1-1536x1154.jpeg 1536w, https:\/\/ultimato.com.br\/sites\/lausanne\/files\/2023\/06\/WhatsApp-Image-2023-06-05-at-00.04.29-1-732x550.jpeg 732w, https:\/\/ultimato.com.br\/sites\/lausanne\/files\/2023\/06\/WhatsApp-Image-2023-06-05-at-00.04.29-1-1140x856.jpeg 1140w, https:\/\/ultimato.com.br\/sites\/lausanne\/files\/2023\/06\/WhatsApp-Image-2023-06-05-at-00.04.29-1.jpeg 1600w\" sizes=\"auto, (max-width: 400px) 100vw, 400px\" \/><p id=\"caption-attachment-460\" class=\"wp-caption-text\">Gabriel (segundo da direta para a esquerda) e seu grupo de trabalho (multicultural e intergeracional) com as pe\u00e7as do Lego.<\/p><\/div>\n<p>No final da sess\u00e3o, o quebra-cabe\u00e7a de palavras deu lugar ao quebra-cabe\u00e7a de pe\u00e7as. Lindsay entregou uma caixa de Lego para cada mesa e desafiou os participantes a montarem o brinquedo no menor tempo poss\u00edvel. Assim que o comando de in\u00edcio foi dado, as posi\u00e7\u00f5es se estabeleceram naturalmente, alguns assumiram a constru\u00e7\u00e3o, outros a an\u00e1lise do manual e outros a aferi\u00e7\u00e3o de cada etapa do processo. O pequeno brinquedo disp\u00f4s todos a um processo extraordin\u00e1rio de colabora\u00e7\u00e3o e identifica\u00e7\u00e3o das fortalezas e fraquezas.<\/p>\n<p>No final da atividade, todos obtiveram \u00eaxito na constru\u00e7\u00e3o do pequeno brinquedo. O empenho de tempo foi diferente para cada grupo, alguns terminaram mais r\u00e1pido do que outros, mas, ao final da manh\u00e3, todos conclu\u00edram o desafio.<\/p>\n<p>A montagem das palavras e das pe\u00e7as do Lego edificou profundamente os participantes do encontro&nbsp;<a href=\"https:\/\/ultimato.com.br\/sites\/lausanne\/2023\/06\/01\/jornada-de-lausanne-4-movimento-realiza-encontro-entre-geracoes\/\">Conversas de Gera\u00e7\u00f5es de Lausanne<\/a>&nbsp;(LGC23). Ficou clara a import\u00e2ncia das amizades intergeracionais e como elas s\u00e3o fundamentais para a expans\u00e3o do Reino de Deus. Elas <img loading=\"lazy\" decoding=\"async\" class=\"alignleft wp-image-461\" src=\"https:\/\/ultimato.com.br\/sites\/lausanne\/files\/2023\/06\/WhatsApp-Image-2023-06-05-at-00.04.30-497x1024.jpeg\" alt=\"\" width=\"150\" height=\"309\">devem ser desenvolvidas de modo leve e significativo, com o frescor de uma brincadeira de crian\u00e7a e com a seriedade de quem tem em mente o chamado de Deus. Amizades intergeracionais proporcionam crescimento e vitalidade. Nesses relacionamentos, os espa\u00e7os de confian\u00e7a s\u00e3o constru\u00eddos, as dificuldades dos mais jovens tornam-se campo de atua\u00e7\u00e3o mission\u00e1ria dos mais velhos, assim como as dificuldades dos mais velhos tornam-se campo de atua\u00e7\u00e3o mission\u00e1ria dos mais jovens.<img loading=\"lazy\" decoding=\"async\" class=\"alignright wp-image-462\" src=\"https:\/\/ultimato.com.br\/sites\/lausanne\/files\/2023\/06\/WhatsApp-Image-2023-06-05-at-00.04.30-1-768x1024.jpeg\" alt=\"\" width=\"200\" height=\"267\" srcset=\"https:\/\/ultimato.com.br\/sites\/lausanne\/files\/2023\/06\/WhatsApp-Image-2023-06-05-at-00.04.30-1-768x1024.jpeg 768w, https:\/\/ultimato.com.br\/sites\/lausanne\/files\/2023\/06\/WhatsApp-Image-2023-06-05-at-00.04.30-1-225x300.jpeg 225w, https:\/\/ultimato.com.br\/sites\/lausanne\/files\/2023\/06\/WhatsApp-Image-2023-06-05-at-00.04.30-1-1152x1536.jpeg 1152w, https:\/\/ultimato.com.br\/sites\/lausanne\/files\/2023\/06\/WhatsApp-Image-2023-06-05-at-00.04.30-1-732x976.jpeg 732w, https:\/\/ultimato.com.br\/sites\/lausanne\/files\/2023\/06\/WhatsApp-Image-2023-06-05-at-00.04.30-1-1140x1520.jpeg 1140w, https:\/\/ultimato.com.br\/sites\/lausanne\/files\/2023\/06\/WhatsApp-Image-2023-06-05-at-00.04.30-1.jpeg 1200w\" sizes=\"auto, (max-width: 200px) 100vw, 200px\" \/><\/p>\n<p>Ningu\u00e9m melhor do que Ramez Atallah, hist\u00f3rico colaborador do Movimento de Lausanne e um dos organizadores do LGC23, para conduzir a \u00faltima sess\u00e3o do segundo dia (dia 01\/06). Em seus termos, no Lausanne 1 ele \u201cfoi convidado por ser jovem demais e no LGC23 foi convidado por ser velho demais\u201d. Sua vida expressa a identidade intergeracional do Movimento de Lausanne.<\/p>\n<p>Ramez Atallah encerrou a sess\u00e3o falando sobre Lideran\u00e7a Colaborativa: o car\u00e1ter sacrificial exercido na lideran\u00e7a de Jesus foi elemento central de sua fala e a ess\u00eancia do desafio feito ao grupo.<\/p>\n<p>Talvez voc\u00ea n\u00e3o tenha um brinquedo de Lego diante dos seus olhos, mas com certeza tem uma diversidade de gera\u00e7\u00f5es no seu entorno. O desafio de estabelecer conex\u00f5es intergeracionais \u00e9 premente e necess\u00e1rio. Sinta-se desafiado a come\u00e7ar a gerar ou ampliar seus relacionamentos intergeracionais, pois eles resultar\u00e3o em eficaz expans\u00e3o do Reino de Deus na Terra.<\/p>\n<p>&nbsp;<\/p>\n<ul>\n<li><span style=\"color: #808080;\">Gabriel Neres \u00e9 casado com Suzy e pai do Benjamin e do Vincent. Fez bacharelado e licenciatura em hist\u00f3ria pela Pontif\u00edcia Universidade Cat\u00f3lica de S\u00e3o Paulo (PUC-SP), mestrado em filosofia pela mesma institui\u00e7\u00e3o e cursou&nbsp;<em>Master of Arts in Biblical Leadership<\/em>&nbsp;no Semin\u00e1rio Teol\u00f3gico Servo de Cristo. Atua como professor de hist\u00f3ria e coordenador nacional de Projeto de Vida no Col\u00e9gio Presbiteriano Mackenzie. \u00c9 pastor do minist\u00e9rio de adolescentes da Igreja Batista do Morumbi.<\/span><\/li>\n<\/ul>\n<p><strong><span style=\"color: #993300;\">&gt;&gt; Siga-nos no Instagram:&nbsp;<\/span><a href=\"https:\/\/instagram.com\/lausanne_brasil?igshid=MzRlODBiNWFlZA==\">@lausanne_brasil<\/a><\/strong><\/p>\n","protected":false},"excerpt":{"rendered":"<p>O brinquedo disp\u00f4s todos a um processo extraordin\u00e1rio de colabora\u00e7\u00e3o e identifica\u00e7\u00e3o das fortalezas e fraquezas &nbsp; Por Gabriel Neres &nbsp; #LGC23 #JornadaLausanne4 &nbsp; O mundialmente conhecido brinquedo de montar da Lego numa confer\u00eancia de Lausanne? O que Billy Graham, um dos idealizadores do movimento, acharia disso? Provavelmente extraordin\u00e1rio! A divers\u00e3o come\u00e7ou muito antes das [&hellip;]<\/p>\n","protected":false},"author":24,"featured_media":0,"comment_status":"open","ping_status":"open","sticky":false,"template":"","format":"standard","meta":{"ngg_post_thumbnail":0,"footnotes":""},"categories":[116],"tags":[27693,27685],"class_list":["post-459","post","type-post","status-publish","format-standard","hentry","category-blog","tag-intergeracional","tag-lgc23"],"_links":{"self":[{"href":"https:\/\/ultimato.com.br\/sites\/lausanne\/wp-json\/wp\/v2\/posts\/459","targetHints":{"allow":["GET"]}}],"collection":[{"href":"https:\/\/ultimato.com.br\/sites\/lausanne\/wp-json\/wp\/v2\/posts"}],"about":[{"href":"https:\/\/ultimato.com.br\/sites\/lausanne\/wp-json\/wp\/v2\/types\/post"}],"author":[{"embeddable":true,"href":"https:\/\/ultimato.com.br\/sites\/lausanne\/wp-json\/wp\/v2\/users\/24"}],"replies":[{"embeddable":true,"href":"https:\/\/ultimato.com.br\/sites\/lausanne\/wp-json\/wp\/v2\/comments?post=459"}],"version-history":[{"count":2,"href":"https:\/\/ultimato.com.br\/sites\/lausanne\/wp-json\/wp\/v2\/posts\/459\/revisions"}],"predecessor-version":[{"id":464,"href":"https:\/\/ultimato.com.br\/sites\/lausanne\/wp-json\/wp\/v2\/posts\/459\/revisions\/464"}],"wp:attachment":[{"href":"https:\/\/ultimato.com.br\/sites\/lausanne\/wp-json\/wp\/v2\/media?parent=459"}],"wp:term":[{"taxonomy":"category","embeddable":true,"href":"https:\/\/ultimato.com.br\/sites\/lausanne\/wp-json\/wp\/v2\/categories?post=459"},{"taxonomy":"post_tag","embeddable":true,"href":"https:\/\/ultimato.com.br\/sites\/lausanne\/wp-json\/wp\/v2\/tags?post=459"}],"curies":[{"name":"wp","href":"https:\/\/api.w.org\/{rel}","templated":true}]}}