{"id":453,"date":"2023-06-05T17:16:15","date_gmt":"2023-06-05T20:16:15","guid":{"rendered":"https:\/\/ultimato.com.br\/sites\/lausanne\/?p=453"},"modified":"2023-06-05T17:16:15","modified_gmt":"2023-06-05T20:16:15","slug":"dia-2-espectacao-e-acao-o-que-the-chosen-revela-sobre-a-geracao-z","status":"publish","type":"post","link":"https:\/\/ultimato.com.br\/sites\/lausanne\/2023\/06\/05\/dia-2-espectacao-e-acao-o-que-the-chosen-revela-sobre-a-geracao-z\/","title":{"rendered":"Dia 2: Especta\u00e7\u00e3o e A\u00e7\u00e3o \u2013 o que \u201cThe Chosen\u201d revela sobre a Gera\u00e7\u00e3o Z"},"content":{"rendered":"<h3>&nbsp;<\/h3>\n<h3 style=\"text-align: center;\"><span style=\"color: #993300;\"><em>O Jesus relacional \u00e9 o Cristo que a gera\u00e7\u00e3o carente de sentido precisa em suas vidas!<\/em><\/span><\/h3>\n<p>&nbsp;<\/p>\n<p style=\"text-align: right;\"><em>Por Gabriel Neres<\/em><\/p>\n<p>&nbsp;<\/p>\n<p>#LGC23 #JornadaLausanne4<\/p>\n<p><img loading=\"lazy\" decoding=\"async\" class=\"alignleft size-medium wp-image-450\" src=\"https:\/\/ultimato.com.br\/sites\/lausanne\/files\/2023\/06\/lausanne-generation-conversation-thumbnail-400x400_corte-300x152.png\" alt=\"\" width=\"300\" height=\"152\">No segundo dia (01\/06) do encontro <a href=\"https:\/\/ultimato.com.br\/sites\/lausanne\/2023\/06\/01\/jornada-de-lausanne-4-movimento-realiza-encontro-entre-geracoes\/\">Conversas de Gera\u00e7\u00f5es de Lausanne<\/a> (LGC23) os organizadores proporcionaram diferentes espa\u00e7os de conviv\u00eancia aos participantes. Metade deles passou a tarde na praia para que pudessem estreitar os v\u00ednculos de amizades intergeracionais. \u00c0 outra metade do grupo foi proporcionada uma sess\u00e3o de cinema com a ilustre presen\u00e7a de Stan Jantz, CEO da Come&amp;See Foundation, e Kristoff Hart, Diretor de Crescimento e Expans\u00e3o da s\u00e9rie <em><a href=\"https:\/\/www.angel.com\/watch\/the-chosen\">The Chosen<\/a><\/em>. O document\u00e1rio <em><a href=\"https:\/\/link.angel.com\/E2HI8ZQBmAb\">\u201cSem Filtro: Gera\u00e7\u00e3o Z assiste The Chosen no Angel Studios\u201d<\/a><\/em> foi a produ\u00e7\u00e3o escolhida para a ocasi\u00e3o.<\/p>\n<p>Voc\u00ea deve estar pensando nesse momento: coitados daqueles que n\u00e3o participaram da conviv\u00eancia realizada na praia! Em que universo poss\u00edvel do metaverso ver um document\u00e1rio sobre as rea\u00e7\u00f5es da Gera\u00e7\u00e3o Z assistindo \u00e0 s\u00e9rie <em><a href=\"https:\/\/www.angel.com\/watch\/the-chosen\">The Chosen<\/a><\/em> seria mais interessante do que ter uma tarde com os p\u00e9s na areia das praias da Calif\u00f3rnia? Se engana quem pensou que as propostas estavam separadas por um abismo de significado.<\/p>\n<p><img loading=\"lazy\" decoding=\"async\" class=\"alignright wp-image-455\" src=\"https:\/\/ultimato.com.br\/sites\/lausanne\/files\/2023\/06\/the_chosen2-1024x613.jpeg\" alt=\"\" width=\"400\" height=\"239\" srcset=\"https:\/\/ultimato.com.br\/sites\/lausanne\/files\/2023\/06\/the_chosen2-1024x613.jpeg 1024w, https:\/\/ultimato.com.br\/sites\/lausanne\/files\/2023\/06\/the_chosen2-300x180.jpeg 300w, https:\/\/ultimato.com.br\/sites\/lausanne\/files\/2023\/06\/the_chosen2-768x460.jpeg 768w, https:\/\/ultimato.com.br\/sites\/lausanne\/files\/2023\/06\/the_chosen2-732x438.jpeg 732w, https:\/\/ultimato.com.br\/sites\/lausanne\/files\/2023\/06\/the_chosen2.jpeg 1133w\" sizes=\"auto, (max-width: 400px) 100vw, 400px\" \/>Os produtores do <em><a href=\"https:\/\/www.angel.com\/watch\/the-chosen\">The Chosen<\/a><\/em> foram cir\u00fargicos ao produzir tal document\u00e1rio. Os jovens Gen Z que foram convidados para assistir \u00e0 s\u00e9rie formaram um grupo heterog\u00eaneo: n\u00e3o crist\u00e3o, decepcionados com a Igreja, desagregados\u2026 A experi\u00eancia mostrou a evolu\u00e7\u00e3o da mentalidade deles ao contemplarem uma representa\u00e7\u00e3o de Jesus bem distinta da que eles imaginavam.<\/p>\n<p>O document\u00e1rio evidenciou que a forma como a Gera\u00e7\u00e3o Z enxerga Jesus provoca um significativo impacto em sua f\u00e9, espiritualidade e experi\u00eancia comunit\u00e1ria. Ao final de cada epis\u00f3dio, os \u201cGen Z\u201d estavam com os olhos marejados, demonstrando n\u00e3o apenas a emo\u00e7\u00e3o da dramaturgia proposta no <em><a href=\"https:\/\/www.angel.com\/watch\/the-chosen\">The Chosen<\/a><\/em>, como tamb\u00e9m o impacto de Jesus em suas vidas.<\/p>\n<p>O desfecho dessa hist\u00f3ria fica a seu encargo, querido(a) leitor(a). Voc\u00ea ter\u00e1 que assistir ao document\u00e1rio para observar o impacto do <em><a href=\"https:\/\/www.angel.com\/watch\/the-chosen\">The Chosen<\/a><\/em> na Gera\u00e7\u00e3o Z e experienciar os desafios provocados na vida e minist\u00e9rio dos que estavam presentes na sess\u00e3o na <em>Biola University<\/em>.<\/p>\n<p>O document\u00e1rio <em><a href=\"https:\/\/link.angel.com\/E2HI8ZQBmAb\">\u201cSem Filtro: Gera\u00e7\u00e3o Z assiste The Chosen no Angel Studios\u201d<\/a><\/em> n\u00e3o apenas gera impacto nos espectadores como tamb\u00e9m disp\u00f5e \u00e0 a\u00e7\u00e3o. N\u00e3o h\u00e1 como assisti-lo e ficar inerte \u00e0 urgente tarefa de evangelizar e pastorear adequadamente as nossas gera\u00e7\u00f5es, apresentando a elas o Jesus dos evangelhos, encarnado. Ele salva e quer se relacionar com os seus. Afinal, o Jesus relacional \u00e9 o Cristo que a gera\u00e7\u00e3o carente de sentido precisa em suas vidas!<\/p>\n<p>&nbsp;<\/p>\n<ul>\n<li><span style=\"color: #808080;\">Gabriel Neres \u00e9 casado com Suzy e pai do Benjamin e do Vincent. Fez bacharelado e licenciatura em hist\u00f3ria pela Pontif\u00edcia Universidade Cat\u00f3lica de S\u00e3o Paulo (PUC-SP), mestrado em filosofia pela mesma institui\u00e7\u00e3o e cursou <em>Master of Arts in Biblical Leadership<\/em>&nbsp;no Semin\u00e1rio Teol\u00f3gico Servo de Cristo. Atua como professor de hist\u00f3ria e coordenador nacional de Projeto de Vida no Col\u00e9gio Presbiteriano Mackenzie. \u00c9 pastor do minist\u00e9rio de adolescentes da Igreja Batista do Morumbi.<\/span><\/li>\n<\/ul>\n<p><span style=\"color: #808000;\"><strong>&gt;&gt; Siga-nos no Instagram: <a href=\"https:\/\/instagram.com\/lausanne_brasil?igshid=MzRlODBiNWFlZA==\">@lausanne_brasil<\/a><\/strong><\/span><\/p>\n","protected":false},"excerpt":{"rendered":"<p>&nbsp; O Jesus relacional \u00e9 o Cristo que a gera\u00e7\u00e3o carente de sentido precisa em suas vidas! &nbsp; Por Gabriel Neres &nbsp; #LGC23 #JornadaLausanne4 No segundo dia (01\/06) do encontro Conversas de Gera\u00e7\u00f5es de Lausanne (LGC23) os organizadores proporcionaram diferentes espa\u00e7os de conviv\u00eancia aos participantes. Metade deles passou a tarde na praia para que pudessem [&hellip;]<\/p>\n","protected":false},"author":24,"featured_media":0,"comment_status":"open","ping_status":"open","sticky":false,"template":"","format":"standard","meta":{"ngg_post_thumbnail":0,"footnotes":""},"categories":[116],"tags":[27690,27682,27689,27692,27685,27691,27688],"class_list":["post-453","post","type-post","status-publish","format-standard","hentry","category-blog","tag-geracao-z","tag-geracoes","tag-jesus","tag-jornadalausanne4","tag-lgc23","tag-novas-geracoes","tag-the-chosen"],"_links":{"self":[{"href":"https:\/\/ultimato.com.br\/sites\/lausanne\/wp-json\/wp\/v2\/posts\/453","targetHints":{"allow":["GET"]}}],"collection":[{"href":"https:\/\/ultimato.com.br\/sites\/lausanne\/wp-json\/wp\/v2\/posts"}],"about":[{"href":"https:\/\/ultimato.com.br\/sites\/lausanne\/wp-json\/wp\/v2\/types\/post"}],"author":[{"embeddable":true,"href":"https:\/\/ultimato.com.br\/sites\/lausanne\/wp-json\/wp\/v2\/users\/24"}],"replies":[{"embeddable":true,"href":"https:\/\/ultimato.com.br\/sites\/lausanne\/wp-json\/wp\/v2\/comments?post=453"}],"version-history":[{"count":3,"href":"https:\/\/ultimato.com.br\/sites\/lausanne\/wp-json\/wp\/v2\/posts\/453\/revisions"}],"predecessor-version":[{"id":458,"href":"https:\/\/ultimato.com.br\/sites\/lausanne\/wp-json\/wp\/v2\/posts\/453\/revisions\/458"}],"wp:attachment":[{"href":"https:\/\/ultimato.com.br\/sites\/lausanne\/wp-json\/wp\/v2\/media?parent=453"}],"wp:term":[{"taxonomy":"category","embeddable":true,"href":"https:\/\/ultimato.com.br\/sites\/lausanne\/wp-json\/wp\/v2\/categories?post=453"},{"taxonomy":"post_tag","embeddable":true,"href":"https:\/\/ultimato.com.br\/sites\/lausanne\/wp-json\/wp\/v2\/tags?post=453"}],"curies":[{"name":"wp","href":"https:\/\/api.w.org\/{rel}","templated":true}]}}