{"id":438,"date":"2023-06-03T18:03:10","date_gmt":"2023-06-03T21:03:10","guid":{"rendered":"https:\/\/ultimato.com.br\/sites\/lausanne\/?p=438"},"modified":"2023-08-18T17:16:23","modified_gmt":"2023-08-18T20:16:23","slug":"dia-2-amizades-intergeracionais-e-lideres-colaborativos","status":"publish","type":"post","link":"https:\/\/ultimato.com.br\/sites\/lausanne\/2023\/06\/03\/dia-2-amizades-intergeracionais-e-lideres-colaborativos\/","title":{"rendered":"Dia 2: Amizades Intergeracionais e L\u00edderes Colaborativos"},"content":{"rendered":"<div>\n<h3 style=\"text-align: center;\"><span style=\"color: #993300;\"><em>A c<\/em><\/span><span style=\"color: #993300;\"><em>aracter\u00edstica mais importante de um l\u00edder \u00e9 o amor e o cuidado por aqueles que ele lidera<\/em><\/span><\/h3>\n<p>#JornadaLausanne4 #LGC23<\/p>\n<p style=\"text-align: right;\"><em>Por Andrea Esp\u00edrito Santo Barrett<\/em><\/p>\n<p>&nbsp;<\/p>\n<p><img loading=\"lazy\" decoding=\"async\" class=\"alignleft size-medium wp-image-450\" src=\"https:\/\/ultimato.com.br\/sites\/lausanne\/files\/2023\/06\/lausanne-generation-conversation-thumbnail-400x400_corte-300x152.png\" alt=\"\" width=\"300\" height=\"152\">Al\u00e9m&nbsp;do estudo b\u00edblico indutivo em Atos 7.54- 9.31, hoje (dia 01\/06) aqui no <a href=\"https:\/\/ultimato.com.br\/sites\/lausanne\/2023\/06\/01\/jornada-de-lausanne-4-movimento-realiza-encontro-entre-geracoes\/\">Conversas de Gera\u00e7\u00f5es de<\/a><a href=\"https:\/\/ultimato.com.br\/sites\/lausanne\/2023\/06\/01\/jornada-de-lausanne-4-movimento-realiza-encontro-entre-geracoes\/\">&nbsp;Lausanne<\/a> (LGC23) tivemos atividades para desenvolver as amizades intergeracionais. Uma delas foi que cada mesa deveria montar um lego. Foi divertido e, para al\u00e9m disso, pudemos ver como cada um reage: os que colocam a m\u00e3o na massa, os que pensam e os que encorajam ou observam. Na nossa mesa, os mais ativos foram os dois irm\u00e3os que s\u00e3o pais de crian\u00e7as. N\u00e3o vimos uma grande diferen\u00e7a de gera\u00e7\u00f5es nessa atividade, mas sim de experi\u00eancias e personalidades.<\/p>\n<p>\u00c0 tarde, nos dividimos em 2 grupos. Um foi \u00e0 praia a fim de desenvolver amizades intergeracionais num passeio. Eu, que estava nesse grupo, fiquei maravilhada com o que pode<\/p>\n<div id=\"attachment_439\" style=\"width: 310px\" class=\"wp-caption alignright\"><img loading=\"lazy\" decoding=\"async\" aria-describedby=\"caption-attachment-439\" class=\"size-medium wp-image-439\" src=\"https:\/\/ultimato.com.br\/sites\/lausanne\/files\/2023\/06\/andreia_mesa-e1685823700624-300x225.jpeg\" alt=\"\" width=\"300\" height=\"225\" srcset=\"https:\/\/ultimato.com.br\/sites\/lausanne\/files\/2023\/06\/andreia_mesa-e1685823700624-300x225.jpeg 300w, https:\/\/ultimato.com.br\/sites\/lausanne\/files\/2023\/06\/andreia_mesa-e1685823700624.jpeg 400w\" sizes=\"auto, (max-width: 300px) 100vw, 300px\" \/><p id=\"caption-attachment-439\" class=\"wp-caption-text\">Andrea (primeira \u00e0 direita) e seu grupo de amigos formados no LGC23 ao redor da mesa.<\/p><\/div>\n<p>acontecer durante uma caminhada ao ar livre: conversei com duas mulheres mais velhas (de contextos muito diferentes do meu). Depois dialoguei com dois senhores bem diferentes de mim tamb\u00e9m. E, por fim, eu me juntei a um grupo dos mais jovens aqui do encontro. Foi bem proveitoso, al\u00e9m do lugar bem bonito e diferente (e a praia \u00e9 meu lugar preferido no mundo para me conectar com Deus).<\/p>\n<p>O outro grupo permaneceu no <em>campus<\/em> onde acontece o evento e assistiu a uma palestra com os produtores do <em>The Chosen<\/em>, que falaram sobre a pesquisa e o <a href=\"https:\/\/link.angel.com\/E2HI8ZQBmAb\">document\u00e1rio<\/a> que produziram sobre o impacto da s\u00e9rie na Gera\u00e7\u00e3o Z.<\/p>\n<p><img loading=\"lazy\" decoding=\"async\" class=\"size-medium wp-image-442 alignleft\" src=\"https:\/\/ultimato.com.br\/sites\/lausanne\/files\/2023\/06\/piramide-e1685824078554-300x169.jpeg\" alt=\"\" width=\"300\" height=\"169\" srcset=\"https:\/\/ultimato.com.br\/sites\/lausanne\/files\/2023\/06\/piramide-e1685824078554-300x169.jpeg 300w, https:\/\/ultimato.com.br\/sites\/lausanne\/files\/2023\/06\/piramide-e1685824078554.jpeg 534w\" sizes=\"auto, (max-width: 300px) 100vw, 300px\" \/>A programa\u00e7\u00e3o de hoje foi baseada na \u201cpir\u00e2mide da integra\u00e7\u00e3o de gera\u00e7\u00f5es\u201d. De manh\u00e3, aprendemos sobre a vis\u00e3o b\u00edblica e o chamado missional, \u00e0 tarde sobre a amizade e a mutualidade e, por fim, \u00e0 noite falamos sobre colabora\u00e7\u00e3o \u2013 o que se tornou um ponto alto para pensarmos no papel do l\u00edder em ambientes colaborativos.<\/p>\n<p>\u201cA caracter\u00edstica mais importante de um l\u00edder \u00e9 o amor e o cuidado por aqueles que ele lidera\u201d. Foi uma das frases mais importantes da noite, dita por Ramez Atallah, um l\u00edder de 74 anos vindo do Egito, que compartilhou sua hist\u00f3ria de lideran\u00e7a, seus erros e seus acertos.<\/p>\n<p><strong>Tr\u00eas virtudes de l\u00edderes colaborativos<\/strong><\/p>\n<ol>\n<li>Reconhecem dons em outros e d\u00e3o espa\u00e7os para o desenvolvimento deles;<\/li>\n<li>Empoderam, delegando responsabilidades com uma autoridade que corresponde.<\/li>\n<li>Confiam em Deus a respeito da vida daqueles que eles lideram.<\/li>\n<\/ol>\n<p>&nbsp;<\/p>\n<ul>\n<li><span style=\"color: #808080;\"><em>Andrea Esp\u00edrito Santo Barrett \u00e9 casada com Andrew e especialista em Prote\u00e7\u00e3o \u00e0 Crian\u00e7a. Faz Mestrado em Lideran\u00e7a Educacional na California Baptist University. Morou no Sudeste da \u00c1sia, onde foi ministra para pessoas deslocadas na Igreja Internacional de Bangkok. Serve na AMTB (Associa\u00e7\u00e3o de Miss\u00f5es Transculturais Brasileiras), coordenando o Departamento de Prote\u00e7\u00e3o \u00e0 Crian\u00e7a. \u00c9 autora da revista &#8220;Deus me criou, vou proteger meu corpo&#8221;, da Editora Crist\u00e3 Evang\u00e9lica. \u00c9 professora do Semin\u00e1rio Betel Brasileiro e membro da Equipe Executiva de Lausanne Brasil.<\/em><\/span><\/li>\n<\/ul>\n<\/div>\n","protected":false},"excerpt":{"rendered":"<p>A caracter\u00edstica mais importante de um l\u00edder \u00e9 o amor e o cuidado por aqueles que ele lidera #JornadaLausanne4 #LGC23 Por Andrea Esp\u00edrito Santo Barrett &nbsp; Al\u00e9m&nbsp;do estudo b\u00edblico indutivo em Atos 7.54- 9.31, hoje (dia 01\/06) aqui no Conversas de Gera\u00e7\u00f5es de&nbsp;Lausanne (LGC23) tivemos atividades para desenvolver as amizades intergeracionais. Uma delas foi que [&hellip;]<\/p>\n","protected":false},"author":24,"featured_media":0,"comment_status":"open","ping_status":"open","sticky":false,"template":"","format":"standard","meta":{"ngg_post_thumbnail":0,"footnotes":""},"categories":[116],"tags":[27687,27686,27685],"class_list":["post-438","post","type-post","status-publish","format-standard","hentry","category-blog","tag-amizades","tag-jornada-lausanne-4","tag-lgc23"],"_links":{"self":[{"href":"https:\/\/ultimato.com.br\/sites\/lausanne\/wp-json\/wp\/v2\/posts\/438","targetHints":{"allow":["GET"]}}],"collection":[{"href":"https:\/\/ultimato.com.br\/sites\/lausanne\/wp-json\/wp\/v2\/posts"}],"about":[{"href":"https:\/\/ultimato.com.br\/sites\/lausanne\/wp-json\/wp\/v2\/types\/post"}],"author":[{"embeddable":true,"href":"https:\/\/ultimato.com.br\/sites\/lausanne\/wp-json\/wp\/v2\/users\/24"}],"replies":[{"embeddable":true,"href":"https:\/\/ultimato.com.br\/sites\/lausanne\/wp-json\/wp\/v2\/comments?post=438"}],"version-history":[{"count":12,"href":"https:\/\/ultimato.com.br\/sites\/lausanne\/wp-json\/wp\/v2\/posts\/438\/revisions"}],"predecessor-version":[{"id":519,"href":"https:\/\/ultimato.com.br\/sites\/lausanne\/wp-json\/wp\/v2\/posts\/438\/revisions\/519"}],"wp:attachment":[{"href":"https:\/\/ultimato.com.br\/sites\/lausanne\/wp-json\/wp\/v2\/media?parent=438"}],"wp:term":[{"taxonomy":"category","embeddable":true,"href":"https:\/\/ultimato.com.br\/sites\/lausanne\/wp-json\/wp\/v2\/categories?post=438"},{"taxonomy":"post_tag","embeddable":true,"href":"https:\/\/ultimato.com.br\/sites\/lausanne\/wp-json\/wp\/v2\/tags?post=438"}],"curies":[{"name":"wp","href":"https:\/\/api.w.org\/{rel}","templated":true}]}}