{"id":43,"date":"2013-06-27T17:31:49","date_gmt":"2013-06-27T20:31:49","guid":{"rendered":"http:\/\/ultimato.com.br\/sites\/lausanne\/?p=43"},"modified":"2013-07-11T17:34:46","modified_gmt":"2013-07-11T20:34:46","slug":"movimento-de-lausanne-nomeia-novo-diretor-executivo","status":"publish","type":"post","link":"https:\/\/ultimato.com.br\/sites\/lausanne\/2013\/06\/27\/movimento-de-lausanne-nomeia-novo-diretor-executivo\/","title":{"rendered":"Movimento de Lausanne nomeia novo diretor-executivo"},"content":{"rendered":"<p><strong><a href=\"http:\/\/ultimato.com.br\/sites\/lausanne\/files\/2013\/07\/2013Michael-Oh.jpg\"><img loading=\"lazy\" decoding=\"async\" class=\"alignleft size-medium wp-image-44\" alt=\"2013Michael-Oh\" src=\"http:\/\/ultimato.com.br\/sites\/lausanne\/files\/2013\/07\/2013Michael-Oh-215x300.jpg\" width=\"215\" height=\"300\" srcset=\"https:\/\/ultimato.com.br\/sites\/lausanne\/files\/2013\/07\/2013Michael-Oh-215x300.jpg 215w, https:\/\/ultimato.com.br\/sites\/lausanne\/files\/2013\/07\/2013Michael-Oh-107x150.jpg 107w, https:\/\/ultimato.com.br\/sites\/lausanne\/files\/2013\/07\/2013Michael-Oh.jpg 300w\" sizes=\"auto, (max-width: 215px) 100vw, 215px\" \/><\/a>L\u00edder Jovem recebe o bast\u00e3o da lideran\u00e7a para a pr\u00f3xima gera\u00e7\u00e3o<\/strong><\/p>\n<p>LONDRES, fevereiro de 2013 \u2013 O Movimento de Lausanne anuncia a nomea\u00e7\u00e3o do Dr. Michael Oh, norte-americano de origem coreana de 41 anos, servindo no Jap\u00e3o, como seu novo Diretor Executivo, a ser efetivado no dia 1\u00ba de mar\u00e7o.<\/p>\n<p>\u201cMichael \u00e9 uma pessoa que constr\u00f3i pontes transculturais entre as diferentes gera\u00e7\u00f5es; ele conhece muito bem o Movimento como um todo e compreende a complexidade deste chamado para liderar&#8221;, disse Ram Gidoomal, Presidente do Conselho Diretivo do Movimento de Lausanne, em rela\u00e7\u00e3o \u00e0 unanimidade na escolha que foi confirmada na semana passada pelo Conselho. &#8220;Ele ser\u00e1 capaz de construir sobre o firme alicerce que Doug Birdsall e a lideran\u00e7a mundial de Lausanne estabeleceram, para a gl\u00f3ria de Deus.\u201d<!--more--><\/p>\n<p>Michael Oh \u00e9 presidente e fundador do \u201cSemin\u00e1rio B\u00edblico Cristo\u201d em Nagoya, no Jap\u00e3o, um semin\u00e1rio vibrante e crescente, que est\u00e1 impactando jovens crist\u00e3os que buscam uma vis\u00e3o renovada para a pr\u00f3xima gera\u00e7\u00e3o de crist\u00e3os no Jap\u00e3o. Ele est\u00e1 envolvido em Lausanne desde 2004, atuando como orador, fazendo parte da equipe de planejamento para o encontro de L\u00edderes Jovens de Lausanne em 2006, e como membro do Conselho de Lausanne desde 2007. Ele ser\u00e1 formalmente empossado no F\u00f3rum de Lideran\u00e7a Global de Lausanne que ter\u00e1 lugar no Sul da \u00c1sia, em junho.<\/p>\n<p>Michael Oh est\u00e1 sucedendo o Diretor Executivo Rev. S. Douglas (Doug) Birdsall, que em 1\u00ba de mar\u00e7o assumir\u00e1 a presid\u00eancia da Sociedade B\u00edblica Norte-americana.<\/p>\n<p>&#8220;Michael \u00e9 um l\u00edder jovem,\u00a0 excepcionalmente talentoso, que nos pr\u00f3ximos anos servir\u00e1 o Movimento de Lausanne com vis\u00e3o e paix\u00e3o&#8221;, disse Birdsall&#8221;. Por ser uma pessoa que alia experi\u00eancia e reflex\u00e3o, ele encarna a ess\u00eancia do &#8220;esp\u00edrito&#8221; de Lausanne: humildade, amizade, estudo , parceria, ora\u00e7\u00e3o e esperan\u00e7a.&#8221;<\/p>\n<p>Doug Birdsall\u00a0 afirmou tamb\u00e9m que Michael Oh entende o valor da rica hist\u00f3ria de Lausanne, e, como l\u00edder jovem, tem demonstrado capacidade de inspirar e mobilizar uma nova gera\u00e7\u00e3o de homens e mulheres em todo o mundo que compartilham o compromisso do Movimento de Lausanne de ver &#8220;toda a Igreja levando todo o Evangelho para o mundo todo&#8221;.<\/p>\n<p>\u201cLausanne est\u00e1 em boas m\u00e3os e o futuro \u00e9 promissor,\u201d completou Doug Birdsall. Depois de passar o bast\u00e3o da lideran\u00e7a para Michael Oh, Birdsall continuar\u00e1 servindo na lideran\u00e7a de Lausanne como Presidente Honor\u00e1rio.<\/p>\n<p>&#8220;Aceito com humildade esta nomea\u00e7\u00e3o seguindo os passos do legado que Deus come\u00e7ou no Movimento atrav\u00e9s de l\u00edderes dedicados como Billy Graham, Leighton Ford, Gottfried Osei-Mensah, Cedar Paulo, e meu antecessor e amigo, Doug Birdsall, &#8221; disse Michael Oh. &#8220;Meu pr\u00f3prio desenvolvimento como l\u00edder, junto com in\u00fameros outros l\u00edderes mais jovens dentro de Lausanne, foi significativamente impactado pela orienta\u00e7\u00e3o de Doug, do Conselho de Lausanne, e de outros l\u00edderes do Movimento. Lausanne est\u00e1 se tornando mais jovem, mais forte e mais representativo da rica diversidade e profundidade da igreja global. Mobilizar e conectar jovens l\u00edderes mundiais para a evangeliza\u00e7\u00e3o do mundo ser\u00e1 uma grande alegria e minha prioridade na lideran\u00e7a de Lausanne &#8220;.<\/p>\n<p>A nomea\u00e7\u00e3o de Michael Oh foi bem recebida pelos l\u00edderes do Jap\u00e3o, que manifestaram contentamento em saber que ele continuar\u00e1 vivendo no Jap\u00e3o enquanto serve o Movimento de Lausanne. &#8220;Estamos comprometidos com a expans\u00e3o da rede de apoio e ora\u00e7\u00e3o a favor do Michael entre as igrejas no Jap\u00e3o. Como membro do Conselho da Associa\u00e7\u00e3o Evang\u00e9lica do Jap\u00e3o, sei que o Secret\u00e1rio-Geral Kenichi Shinagawa compartilha uma amizade de longa data com o Michael. Sinto-me fortemente encorajado pois, ap\u00f3s ouvir a not\u00edcia da nomea\u00e7\u00e3o de seu amigo, Rev. Shinagawa indicou sua disposi\u00e7\u00e3o de liderar a Igreja Japonesa no servi\u00e7o m\u00fatuo para o avan\u00e7o do Reino de Deus &#8220;, afirmou o Rev. Dr. Satoru Kanemoto, Presidente do Comit\u00ea de Lausanne no Jap\u00e3o .<\/p>\n<p>O Comit\u00ea\u00a0 que recomendou Michael Oh foi presidido pelo Dr. Roger Parrott, presidente da Universidade Belhaven, que disse que o Comit\u00ea ficou muito impressionado com a qualidade dos candidatos que participaram do processo de escolha, o que \u00e9 indicativo de quanto Lausanne tem crescido em amplitude global e em profundidade. &#8220;Encontrei em Michael uma vis\u00e3o penetrante para a evangeliza\u00e7\u00e3o do mundo, uma riqueza em sua compreens\u00e3o das complexidades de nosso mundo, tanto global como localmente, uma humildade divina em servir e paix\u00e3o por Cristo, que s\u00e3o contagiantes&#8221;, afirmou Roger Parrott.\u00a0 O Rev. Bowers Esme, Presidente da African Enterprise, da \u00c1frica do Sul, membro do Comit\u00ea , disse: &#8220;A nomea\u00e7\u00e3o de Michael \u00e9 parte do compromisso cont\u00ednuo de Lausanne de\u00a0 identificar e equipar\u00a0 l\u00edderes mais jovens que est\u00e3o envolvidos em miss\u00e3o e evangeliza\u00e7\u00e3o em todo o mundo.&#8221;<\/p>\n<p>Dr. Lindsay Brown, Diretor Internacional de Lausanne, tamb\u00e9m est\u00e1 encorajado com o futuro como resultado da nomea\u00e7\u00e3o de Michael Oh. &#8220;Estou ansioso para trabalhar em parceria com Michael, com o objetivo de que &#8220;toda a terra possa ouvir Sua voz &#8220;, disse Dr. Lindsay. Ele se comprometeu a continuar servindo como diretor internacional at\u00e9 2015 para ajudar na transi\u00e7\u00e3o de lideran\u00e7a.<\/p>\n<p>Michael Oh \u00e9 Doutor em Filosofia, com especializa\u00e7\u00e3o em Antropologia Cultural e Educa\u00e7\u00e3o (Universidade da Pensilv\u00e2nia), tem Mestrado em Artes com concentra\u00e7\u00e3o em Estudos do Leste Asi\u00e1tico (Universidade de Harvard),\u00a0 Mestrado em Divindade com \u00eanfase em Miss\u00f5es (Trinity Evangelical Divinity School) e Mestrado em Ci\u00eancias (Universidade da Pensilv\u00e2nia). Michael e sua esposa, Pearl, s\u00e3o casados h\u00e1 18 anos e t\u00eam cinco filhos.<br \/>\n<strong>Hist\u00f3ria\u00a0<\/strong><br \/>\nLausanne \u00e9 um movimento global que mobiliza l\u00edderes evang\u00e9licos para colaborar na evangeliza\u00e7\u00e3o do mundo. Ele surgiu a partir do Congresso Internacional de Evangeliza\u00e7\u00e3o Mundial de 1974 que foi realizado em Lausanne, Su\u00ed\u00e7a, pelo Reverendo Billy Graham e o Bispo Jack Bishop Dain. O Terceiro Congresso Lausanne sobre Evangeliza\u00e7\u00e3o Mundial (outubro de 2010) na Cidade do Cabo, \u00c1frica do Sul, reuniu 4.200 l\u00edderes crist\u00e3os, representando 198 pa\u00edses. O resultado do Compromisso da Cidade do Cabo,\u00a0<a href=\"http:\/\/www.lausanne.org\/ctcommitment\">www.lausanne.org\/ctcommitment<\/a>(ingl\u00eas) e\u00a0<a href=\"http:\/\/www.lausanne.org\/pt\/ctcommitment\">www.lausanne.org\/pt\/ctcommitment<\/a>\u00a0(portugu\u00eas),\u00a0 indica as diretrizes para as atividades do Movimento. O Movimento Lausanne convoca 4 a 5 consultas a cada ano em torno das quest\u00f5es propostas no Compromisso da Cidade do Cabo. Mais informa\u00e7\u00f5es est\u00e3o dispon\u00edveis no site www.lausanne.org .<\/p>\n<p>Informa\u00e7\u00f5es adicionais ou d\u00favidas, por favor, entre em contato com M\u00e9rcia Carvalhaes:\u00a0<a href=\"mailto:mercia@sepal.org.br\">mercia@sepal.org.br<\/a><\/p>\n<p>&nbsp;<\/p>\n","protected":false},"excerpt":{"rendered":"<p>L\u00edder Jovem recebe o bast\u00e3o da lideran\u00e7a para a pr\u00f3xima gera\u00e7\u00e3o LONDRES, fevereiro de 2013 \u2013 O Movimento de Lausanne anuncia a nomea\u00e7\u00e3o do Dr. Michael Oh, norte-americano de origem coreana de 41 anos, servindo no Jap\u00e3o, como seu novo Diretor Executivo, a ser efetivado no dia 1\u00ba de mar\u00e7o. \u201cMichael \u00e9 uma pessoa que [&hellip;]<\/p>\n","protected":false},"author":24,"featured_media":0,"comment_status":"open","ping_status":"open","sticky":false,"template":"","format":"standard","meta":{"ngg_post_thumbnail":0,"footnotes":""},"categories":[116],"tags":[],"class_list":["post-43","post","type-post","status-publish","format-standard","hentry","category-blog"],"_links":{"self":[{"href":"https:\/\/ultimato.com.br\/sites\/lausanne\/wp-json\/wp\/v2\/posts\/43","targetHints":{"allow":["GET"]}}],"collection":[{"href":"https:\/\/ultimato.com.br\/sites\/lausanne\/wp-json\/wp\/v2\/posts"}],"about":[{"href":"https:\/\/ultimato.com.br\/sites\/lausanne\/wp-json\/wp\/v2\/types\/post"}],"author":[{"embeddable":true,"href":"https:\/\/ultimato.com.br\/sites\/lausanne\/wp-json\/wp\/v2\/users\/24"}],"replies":[{"embeddable":true,"href":"https:\/\/ultimato.com.br\/sites\/lausanne\/wp-json\/wp\/v2\/comments?post=43"}],"version-history":[{"count":3,"href":"https:\/\/ultimato.com.br\/sites\/lausanne\/wp-json\/wp\/v2\/posts\/43\/revisions"}],"predecessor-version":[{"id":47,"href":"https:\/\/ultimato.com.br\/sites\/lausanne\/wp-json\/wp\/v2\/posts\/43\/revisions\/47"}],"wp:attachment":[{"href":"https:\/\/ultimato.com.br\/sites\/lausanne\/wp-json\/wp\/v2\/media?parent=43"}],"wp:term":[{"taxonomy":"category","embeddable":true,"href":"https:\/\/ultimato.com.br\/sites\/lausanne\/wp-json\/wp\/v2\/categories?post=43"},{"taxonomy":"post_tag","embeddable":true,"href":"https:\/\/ultimato.com.br\/sites\/lausanne\/wp-json\/wp\/v2\/tags?post=43"}],"curies":[{"name":"wp","href":"https:\/\/api.w.org\/{rel}","templated":true}]}}