{"id":399,"date":"2023-06-01T19:17:55","date_gmt":"2023-06-01T22:17:55","guid":{"rendered":"https:\/\/ultimato.com.br\/sites\/lausanne\/?p=399"},"modified":"2023-06-03T18:04:25","modified_gmt":"2023-06-03T21:04:25","slug":"dia-1-conversas-de-geracoes-de-lausanne","status":"publish","type":"post","link":"https:\/\/ultimato.com.br\/sites\/lausanne\/2023\/06\/01\/dia-1-conversas-de-geracoes-de-lausanne\/","title":{"rendered":"Dia 1: Conversas de Gera\u00e7\u00f5es de Lausanne"},"content":{"rendered":"<h3>&nbsp;<\/h3>\n<h3 style=\"text-align: center;\"><span style=\"color: #800000;\"><em>A hist\u00f3ria da salva\u00e7\u00e3o tem como fio condutor as pontes intergeracionais constru\u00eddas<\/em><\/span><\/h3>\n<p>&nbsp;<\/p>\n<p style=\"text-align: right;\"><span style=\"color: #800000;\"><em>Por Gabriel Neres, participante brasileiro no LGC23.<\/em><\/span><\/p>\n<p>&nbsp;<\/p>\n<div id=\"attachment_403\" style=\"width: 235px\" class=\"wp-caption alignleft\"><a href=\"https:\/\/ultimato.com.br\/sites\/lausanne\/files\/2023\/06\/local-e1685657811827.jpeg\"><img loading=\"lazy\" decoding=\"async\" aria-describedby=\"caption-attachment-403\" class=\"wp-image-403 size-medium\" src=\"https:\/\/ultimato.com.br\/sites\/lausanne\/files\/2023\/06\/local-e1685657811827-225x300.jpeg\" alt=\"\" width=\"225\" height=\"300\" srcset=\"https:\/\/ultimato.com.br\/sites\/lausanne\/files\/2023\/06\/local-e1685657811827-225x300.jpeg 225w, https:\/\/ultimato.com.br\/sites\/lausanne\/files\/2023\/06\/local-e1685657811827.jpeg 300w\" sizes=\"auto, (max-width: 225px) 100vw, 225px\" \/><\/a><p id=\"caption-attachment-403\" class=\"wp-caption-text\">Encontro em mesas.<\/p><\/div>\n<p>O prop\u00f3sito do encontro <strong><a href=\"https:\/\/ultimato.com.br\/sites\/lausanne\/2023\/06\/01\/jornada-de-lausanne-4-movimento-realiza-encontro-entre-geracoes\/\">Conversas de Gera\u00e7\u00f5es de Lausanne<\/a><\/strong> (LGC23) se manifestou mesmo antes a abertura oficial. Foi nos corredores do aeroporto internacional de Los Angeles que as conversas intergeracionais e interculturais se estabeleceram. Em comum, todos demonstravam um interesse em servir na Grande Comiss\u00e3o.<\/p>\n<p>Assim que a confer\u00eancia foi aberta, os participantes foram relembrados sobre o car\u00e1ter intercultural e intergeracional do Movimento de Lausanne presente desde 1974 com as iniciativas de Billy Graham e John Stott.<\/p>\n<p>Essa din\u00e2mica gera frescor para as discuss\u00f5es acerca dos desafios atuais da Grande Comiss\u00e3o. Ao conectar perceptivas de diversas regi\u00f5es do mundo, a processo de proclama\u00e7\u00e3o \u00e9 sofisticado e avan\u00e7a em qualidade e quantidade pela gra\u00e7a do Senhor.<\/p>\n<p>Barry H. Cory, presidente da Universidade de Biola, chamou a aten\u00e7\u00e3o de todos para o fato de que lideran\u00e7as intergeracionais s\u00e3o extremamente importantes para a efici\u00eancia da tarefa. As pontes que s\u00e3o criadas em relacionamentos intergeracionais conectam perspectivas e formas distintas de interpreta\u00e7\u00e3o do tempo e dos desafios presentes em cada \u00e9poca.<\/p>\n<p>Lindsay Olesberg, uma das organizadoras da <em>Conversa de Gera\u00e7\u00f5es de Lausanne<\/em>, exp\u00f4s com maestria os cinco princ\u00edpios que nortear\u00e3o as conversas, a saber:<\/p>\n<ol>\n<li><strong> Vis\u00e3o B\u00edblica<\/strong>: LGC23 ser\u00e1 enquadrado e guiado pela vis\u00e3o das Escrituras acerca das gera\u00e7\u00f5es.<\/li>\n<li><strong> Mutualidade<\/strong>: Os participantes compartilhar\u00e3o, ouvir\u00e3o e responder\u00e3o com humildade, respeito e colabora\u00e7\u00e3o.<\/li>\n<li><strong> Chamado Mission\u00e1rio<\/strong>: Os resultados levar\u00e3o a conex\u00f5es e a\u00e7\u00f5es para acelerar a vis\u00e3o qu\u00e1drupla de Lausanne.<\/li>\n<li><strong> Colabora\u00e7\u00e3o<\/strong>: LGC23 inspirar\u00e1 a\u00e7\u00f5es colaborativas para o impacto do Reino de Deus em todas as esferas da sociedade.<\/li>\n<li><strong> Amizade:<\/strong> As a\u00e7\u00f5es, interven\u00e7\u00f5es e constru\u00e7\u00f5es coletivas no LGC23 promover\u00e3o e encorajar\u00e3o amizades que edificam o Reino de Deus entre gera\u00e7\u00f5es, culturas globais, g\u00eaneros e interesses mission\u00e1rios.<\/li>\n<\/ol>\n<p>A exposi\u00e7\u00e3o b\u00edblica do primeiro dia foi conduzida pelo diretor global de Lausanne para gera\u00e7\u00f5es, Nana Yaw Offei Awuku. Ele apresentou uma vis\u00e3o b\u00edblica acerca do car\u00e1ter intergeracional da expans\u00e3o do evangelho (Mt 1.17; Gn 9.12; Dt 6.4-9). A hist\u00f3ria da salva\u00e7\u00e3o tem como fio condutor as pontes intergeracionais constru\u00eddas. O Senhor usa gera\u00e7\u00f5es para manifestar seu plano. A Grande Comiss\u00e3o, segundo Nana, \u00e9 um movimento de disc\u00edpulos de diversas gera\u00e7\u00f5es, para diversas na\u00e7\u00f5es alcan\u00e7ando pessoas de todas as idades e em todos os lugares.<\/p>\n<p>&nbsp;<\/p>\n<ul>\n<li><span style=\"color: #808080;\">Gabriel Neres \u00e9 casado com Suzy e pai do Benjamin e do Vincent. Fez bacharelado e licenciatura em hist\u00f3ria pela Pontif\u00edcia Universidade Cat\u00f3lica de S\u00e3o Paulo (PUC-SP), mestrado em filosofia pela mesma institui\u00e7\u00e3o e cursou <em>Master of Arts in Biblical Leadership<\/em> no Semin\u00e1rio Teol\u00f3gico Servo de Cristo. Atua como professor de hist\u00f3ria e coordenador nacional de Projeto de Vida no Col\u00e9gio Presbiteriano Mackenzie. \u00c9 pastor do minist\u00e9rio de adolescentes da Igreja Batista do Morumbi.<\/span><\/li>\n<\/ul>\n","protected":false},"excerpt":{"rendered":"<p>&nbsp; A hist\u00f3ria da salva\u00e7\u00e3o tem como fio condutor as pontes intergeracionais constru\u00eddas &nbsp; Por Gabriel Neres, participante brasileiro no LGC23. &nbsp; O prop\u00f3sito do encontro Conversas de Gera\u00e7\u00f5es de Lausanne (LGC23) se manifestou mesmo antes a abertura oficial. Foi nos corredores do aeroporto internacional de Los Angeles que as conversas intergeracionais e interculturais se [&hellip;]<\/p>\n","protected":false},"author":12,"featured_media":0,"comment_status":"open","ping_status":"open","sticky":false,"template":"","format":"standard","meta":{"ngg_post_thumbnail":0,"footnotes":""},"categories":[116],"tags":[27682,27686,27685],"class_list":["post-399","post","type-post","status-publish","format-standard","hentry","category-blog","tag-geracoes","tag-jornada-lausanne-4","tag-lgc23"],"_links":{"self":[{"href":"https:\/\/ultimato.com.br\/sites\/lausanne\/wp-json\/wp\/v2\/posts\/399","targetHints":{"allow":["GET"]}}],"collection":[{"href":"https:\/\/ultimato.com.br\/sites\/lausanne\/wp-json\/wp\/v2\/posts"}],"about":[{"href":"https:\/\/ultimato.com.br\/sites\/lausanne\/wp-json\/wp\/v2\/types\/post"}],"author":[{"embeddable":true,"href":"https:\/\/ultimato.com.br\/sites\/lausanne\/wp-json\/wp\/v2\/users\/12"}],"replies":[{"embeddable":true,"href":"https:\/\/ultimato.com.br\/sites\/lausanne\/wp-json\/wp\/v2\/comments?post=399"}],"version-history":[{"count":5,"href":"https:\/\/ultimato.com.br\/sites\/lausanne\/wp-json\/wp\/v2\/posts\/399\/revisions"}],"predecessor-version":[{"id":437,"href":"https:\/\/ultimato.com.br\/sites\/lausanne\/wp-json\/wp\/v2\/posts\/399\/revisions\/437"}],"wp:attachment":[{"href":"https:\/\/ultimato.com.br\/sites\/lausanne\/wp-json\/wp\/v2\/media?parent=399"}],"wp:term":[{"taxonomy":"category","embeddable":true,"href":"https:\/\/ultimato.com.br\/sites\/lausanne\/wp-json\/wp\/v2\/categories?post=399"},{"taxonomy":"post_tag","embeddable":true,"href":"https:\/\/ultimato.com.br\/sites\/lausanne\/wp-json\/wp\/v2\/tags?post=399"}],"curies":[{"name":"wp","href":"https:\/\/api.w.org\/{rel}","templated":true}]}}