{"id":334,"date":"2014-08-15T20:05:17","date_gmt":"2014-08-15T23:05:17","guid":{"rendered":"http:\/\/ultimato.com.br\/sites\/lausanne\/?p=334"},"modified":"2014-08-15T21:37:36","modified_gmt":"2014-08-16T00:37:36","slug":"analise-global-do-movimento-de-lausanne-vol-3-ed-4","status":"publish","type":"post","link":"https:\/\/ultimato.com.br\/sites\/lausanne\/2014\/08\/15\/analise-global-do-movimento-de-lausanne-vol-3-ed-4\/","title":{"rendered":"An\u00e1lise Global do Movimento de Lausanne &#8211; Vol. 3 &#8211; Ed. 4"},"content":{"rendered":"<h2>Lausanne \u201974: Bons mordomos do legado<\/h2>\n<p><i>S Douglas Birdsall<\/i><\/p>\n<p>&nbsp;<\/p>\n<p>Quando Billy Graham foi entrevistado pela revista &#8220;Newsweek<i>&#8220;<\/i> em 2006, perguntaram qual teria sido o impacto mais duradouro de seu not\u00e1vel minist\u00e9rio global de sessenta anos. Para surpresa do entrevistador, ele respondeu que sua contribui\u00e7\u00e3o mais significativa talvez fosse o Congresso Mundial de Evangeliza\u00e7\u00e3o de 1974 em Lausanne e o Movimento de Lausanne que dele surgiu. Este ano comemoramos o 40.<sup>o<\/sup> anivers\u00e1rio daquele congresso que marcou \u00e9poca e foi, a meu ver, o encontro mission\u00e1rio mais significativo da era crist\u00e3.<\/p>\n<p>Leia este texto e o documento completo em <a title=\"An\u00e1lise Global do Movimento Lausanne - Jul 2014\" href=\"https:\/\/www.dropbox.com\/s\/cpoyulv6sr4zt9y\/LGA-Sumario%20Executivo-Jul-2014.pdf\">portugu\u00eas.<\/a><\/p>\n<p>Para ler o documento completo em ingl\u00eas\u00a0<a href=\"http:\/\/www.lausanne.org\/en\/documents\/global-analysis\/july-2014.html\">clique aqui.<\/a><\/p>\n<p><a href=\"http:\/\/ultimato.com.br\/sites\/lausanne\/files\/2014\/08\/LGA_Jul2014_Cover.png\"><img loading=\"lazy\" decoding=\"async\" class=\"alignleft size-medium wp-image-337\" alt=\"LGA_Jul2014_Cover\" src=\"http:\/\/ultimato.com.br\/sites\/lausanne\/files\/2014\/08\/LGA_Jul2014_Cover-230x300.png\" width=\"230\" height=\"300\" srcset=\"https:\/\/ultimato.com.br\/sites\/lausanne\/files\/2014\/08\/LGA_Jul2014_Cover-230x300.png 230w, https:\/\/ultimato.com.br\/sites\/lausanne\/files\/2014\/08\/LGA_Jul2014_Cover-115x150.png 115w, https:\/\/ultimato.com.br\/sites\/lausanne\/files\/2014\/08\/LGA_Jul2014_Cover.png 397w\" sizes=\"auto, (max-width: 230px) 100vw, 230px\" \/><\/a><\/p>\n","protected":false},"excerpt":{"rendered":"<p>Lausanne \u201974: Bons mordomos do legado S Douglas Birdsall &nbsp; Quando Billy Graham foi entrevistado pela revista &#8220;Newsweek&#8220; em 2006, perguntaram qual teria sido o impacto mais duradouro de seu not\u00e1vel minist\u00e9rio global de sessenta anos. Para surpresa do entrevistador, ele respondeu que sua contribui\u00e7\u00e3o mais significativa talvez fosse o Congresso Mundial de Evangeliza\u00e7\u00e3o de [&hellip;]<\/p>\n","protected":false},"author":37,"featured_media":0,"comment_status":"open","ping_status":"open","sticky":false,"template":"","format":"standard","meta":{"ngg_post_thumbnail":0,"footnotes":""},"categories":[114],"tags":[19055,19000],"class_list":["post-334","post","type-post","status-publish","format-standard","hentry","category-artigos","tag-40-anos-movimento-lausanne","tag-billy-graham"],"_links":{"self":[{"href":"https:\/\/ultimato.com.br\/sites\/lausanne\/wp-json\/wp\/v2\/posts\/334","targetHints":{"allow":["GET"]}}],"collection":[{"href":"https:\/\/ultimato.com.br\/sites\/lausanne\/wp-json\/wp\/v2\/posts"}],"about":[{"href":"https:\/\/ultimato.com.br\/sites\/lausanne\/wp-json\/wp\/v2\/types\/post"}],"author":[{"embeddable":true,"href":"https:\/\/ultimato.com.br\/sites\/lausanne\/wp-json\/wp\/v2\/users\/37"}],"replies":[{"embeddable":true,"href":"https:\/\/ultimato.com.br\/sites\/lausanne\/wp-json\/wp\/v2\/comments?post=334"}],"version-history":[{"count":4,"href":"https:\/\/ultimato.com.br\/sites\/lausanne\/wp-json\/wp\/v2\/posts\/334\/revisions"}],"predecessor-version":[{"id":340,"href":"https:\/\/ultimato.com.br\/sites\/lausanne\/wp-json\/wp\/v2\/posts\/334\/revisions\/340"}],"wp:attachment":[{"href":"https:\/\/ultimato.com.br\/sites\/lausanne\/wp-json\/wp\/v2\/media?parent=334"}],"wp:term":[{"taxonomy":"category","embeddable":true,"href":"https:\/\/ultimato.com.br\/sites\/lausanne\/wp-json\/wp\/v2\/categories?post=334"},{"taxonomy":"post_tag","embeddable":true,"href":"https:\/\/ultimato.com.br\/sites\/lausanne\/wp-json\/wp\/v2\/tags?post=334"}],"curies":[{"name":"wp","href":"https:\/\/api.w.org\/{rel}","templated":true}]}}