{"id":306,"date":"2014-06-08T15:38:23","date_gmt":"2014-06-08T18:38:23","guid":{"rendered":"http:\/\/ultimato.com.br\/sites\/lausanne\/?p=306"},"modified":"2014-06-11T09:23:15","modified_gmt":"2014-06-11T12:23:15","slug":"40-anos-depois-de-volta-a-lausanne","status":"publish","type":"post","link":"https:\/\/ultimato.com.br\/sites\/lausanne\/2014\/06\/08\/40-anos-depois-de-volta-a-lausanne\/","title":{"rendered":"40 ANOS DEPOIS: DE VOLTA A LAUSANNE"},"content":{"rendered":"<p>20 de maio de 2014<\/p>\n<p>Michael Oh, Diretor Executivo\/CEO<\/p>\n<p>&nbsp;<\/p>\n<p>Dez dias atr\u00e1s encerramos nossa reuni\u00e3o da lideran\u00e7a internacional, um encontro de l\u00edderes europeus e uma celebra\u00e7\u00e3o de anivers\u00e1rio de 40 anos perto de Lausanne, na Su\u00ed\u00e7a, onde foi realizado o primeiro Congresso Internacional de Evangeliza\u00e7\u00e3o Mundial em 1974.<!--more--><\/p>\n<p>Em meio a ora\u00e7\u00f5es e planejamentos colaborativos para o futuro de Lausanne, fizemos uma pausa para nos lembrar de tudo o que Deus fez nos \u00faltimos 40 anos do movimento e agradecer a ele: surgimento de estrat\u00e9gias mission\u00e1rias como Grupos de Povos N\u00e3o Alcan\u00e7ados e miss\u00e3o hol\u00edstica; nascimento de centenas de redes e parcerias em torno de quest\u00f5es mission\u00e1rias cr\u00edticas; conex\u00f5es geogr\u00e1ficas, teol\u00f3gicas e geracionais entre l\u00edderes; e muito mais.<\/p>\n<div id=\"attachment_303\" style=\"width: 310px\" class=\"wp-caption alignright\"><a href=\"http:\/\/ultimato.com.br\/sites\/lausanne\/files\/2014\/06\/lausanne-40th1.jpg\"><img loading=\"lazy\" decoding=\"async\" aria-describedby=\"caption-attachment-303\" class=\"size-medium wp-image-303\" alt=\"Michael Oh com participantes do Congresso de 1974.\" src=\"http:\/\/ultimato.com.br\/sites\/lausanne\/files\/2014\/06\/lausanne-40th1-300x177.jpg\" width=\"300\" height=\"177\" srcset=\"https:\/\/ultimato.com.br\/sites\/lausanne\/files\/2014\/06\/lausanne-40th1-300x177.jpg 300w, https:\/\/ultimato.com.br\/sites\/lausanne\/files\/2014\/06\/lausanne-40th1-150x88.jpg 150w, https:\/\/ultimato.com.br\/sites\/lausanne\/files\/2014\/06\/lausanne-40th1.jpg 330w\" sizes=\"auto, (max-width: 300px) 100vw, 300px\" \/><\/a><p id=\"caption-attachment-303\" class=\"wp-caption-text\">Michael Oh com participantes do Congresso de 1974.<\/p><\/div>\n<p>Cerca de vinte participantes do primeiro Congresso Lausanne em 1974 estiveram em nossa celebra\u00e7\u00e3o de anivers\u00e1rio numa noite de quarta-feira. Foi uma honra ouvir as hist\u00f3rias sem igual de como Deus os levou ao Congresso e as maneiras pelas quais lhes impactou a vida e o minist\u00e9rio por meio dele. O entusiasmo e a alegria com que falaram do Congresso fizeram reviver no presente a import\u00e2ncia e a emo\u00e7\u00e3o daquele evento hist\u00f3rico.<\/p>\n<p>Tamb\u00e9m ouvimos acerca do impacto daquele Congresso sobre a cidade de Lausanne. Hoje, igrejas e minist\u00e9rios da cidade re\u00fanem-se uma vez por ano em ora\u00e7\u00e3o, transpondo mais uma vez limites denominacionais, \u00e9tnicos e geracionais.<\/p>\n<p>L\u00edderes europeus de quase 40 pa\u00edses tamb\u00e9m se juntaram a n\u00f3s nessa semana, concentrados nos desafios e no progresso da evangeliza\u00e7\u00e3o em todo o continente. Ainda que os desafios sejam muitos e coplexos, l\u00edderes da Alb\u00e2nia, Eslov\u00eania, Alemanha, Fran\u00e7a e outros compartilharam relatos acerca do trabalho ativo de Deus em jovens, entre mulheres, por interm\u00e9dio de reuni\u00f5es evangel\u00edsticas e planta\u00e7\u00e3o de igrejas.<\/p>\n<p><a href=\"http:\/\/ultimato.com.br\/sites\/lausanne\/files\/2014\/06\/Ukrainian-Russian-prayer.jpg\"><img loading=\"lazy\" decoding=\"async\" class=\"alignright size-medium wp-image-304\" alt=\"Ukrainian-Russian-prayer\" src=\"http:\/\/ultimato.com.br\/sites\/lausanne\/files\/2014\/06\/Ukrainian-Russian-prayer-300x199.jpg\" width=\"300\" height=\"199\" srcset=\"https:\/\/ultimato.com.br\/sites\/lausanne\/files\/2014\/06\/Ukrainian-Russian-prayer-300x199.jpg 300w, https:\/\/ultimato.com.br\/sites\/lausanne\/files\/2014\/06\/Ukrainian-Russian-prayer-150x99.jpg 150w, https:\/\/ultimato.com.br\/sites\/lausanne\/files\/2014\/06\/Ukrainian-Russian-prayer.jpg 330w\" sizes=\"auto, (max-width: 300px) 100vw, 300px\" \/><\/a>Um dos momentos mais poderosos e emocionantes da semana foi ter o privil\u00e9gio de nos juntar em ora\u00e7\u00e3o aos irm\u00e3os ucranianos e russos quando se ajoelharam pedindo a Deus que use este tempo de conflito como oportunidade singular para testificarem de Cristo tanto na Ucr\u00e2nia como na R\u00fassia.<\/p>\n<p>Enquanto prossegu\u00edamos na reflex\u00e3o e celebr\u00e1vamos a obra de Deus no passado, tamb\u00e9m nos reunimos para planejar o futuro. O que Deus far\u00e1 nos pr\u00f3ximos 40 anos do movimento? Vi um lampejo disso quando me reuni com a Equipe de L\u00edderes Jovens que veio de todas as regi\u00f5es do mundo a fim de planejar a pr\u00f3xima Reuni\u00e3o de L\u00edderes Jovens que ser\u00e1 realizada em 2016. V\u00ea-los foi uma representa\u00e7\u00e3o de nossa esperan\u00e7a n\u00e3o s\u00f3 no evento, mas da esperan\u00e7a maior de que a gera\u00e7\u00e3o deles, por todo o planeta, trabalhe junto para exercerem um impacto poderoso na miss\u00e3o divina hoje e no futuro.<\/p>\n<p>Um dos l\u00edderes mais jovens disse que\u00a0 a parte mais significativa da semana foi encontrar l\u00edderes globais que encarnam o \u201cesp\u00edrito de Lausanne\u201d conforme herdado de Billy Graham e John Stott \u2014 um esp\u00edrito de humildade, amizade e compromisso sincero com a evangeliza\u00e7\u00e3o mundial. Uma parte importante do futuro do movimento est\u00e1 firmado na capacidade de os l\u00edderes atuais servirem como mentores dos l\u00edderes emergentes, transmitindo esse \u201cesp\u00edrito\u201d.<\/p>\n<p>Outra perspectiva de nosso futuro inclui a Miss\u00e3o China 2030, uma iniciativa da igreja chinesa para mobilizar e enviar 20.000 mission\u00e1rios at\u00e9 2030. Como oferta \u00e0 igreja global, a igreja chinesa almeja enviar um mission\u00e1rio para cada mission\u00e1rio recebido no pa\u00eds.<\/p>\n<p><a href=\"http:\/\/ultimato.com.br\/sites\/lausanne\/files\/2014\/06\/MichaelOh-Lausanne40th.jpg\"><img loading=\"lazy\" decoding=\"async\" class=\"alignright size-full wp-image-305\" alt=\"MichaelOh-Lausanne40th\" src=\"http:\/\/ultimato.com.br\/sites\/lausanne\/files\/2014\/06\/MichaelOh-Lausanne40th.jpg\" width=\"200\" height=\"300\" srcset=\"https:\/\/ultimato.com.br\/sites\/lausanne\/files\/2014\/06\/MichaelOh-Lausanne40th.jpg 200w, https:\/\/ultimato.com.br\/sites\/lausanne\/files\/2014\/06\/MichaelOh-Lausanne40th-100x150.jpg 100w\" sizes=\"auto, (max-width: 200px) 100vw, 200px\" \/><\/a>Estamos prosseguindo com maior clareza, entusiasmo e unidade. Nos \u00faltimos oito meses, ouvimos l\u00edderes do passado e do presente: \u00a0seus pensamentos e esperan\u00e7as quanto ao impacto futuro do movimento e tive a oportunidade de compartilhar a resposta disso em nosso tempo na Su\u00ed\u00e7a. Desse processo emergiu um modo muito mais claro de expressar quem \u00e9, o que \u00e9 e por que existe o Movimento de Lausanne, e espero revelar mais dessas respostas nos pr\u00f3ximos meses.<\/p>\n<p>H\u00e1 muito para agradecer e muito para aguardar!<\/p>\n<p>Voltamos a declarar o chamado do Congresso de 1974 \u2014 \u201cQue o mundo ou\u00e7a sua voz!\u201d 40 anos atr\u00e1s e agora, n\u00f3s nos dedicamos \u00e0 colabora\u00e7\u00e3o global para que as boas novas de Jesus Cristo sejam compartilhadas em todas as na\u00e7\u00f5es.<\/p>\n<p><i>At\u00e9 que toda a terra ou\u00e7a sua voz,<\/i><\/p>\n<p><i>At\u00e9 que soe a trombeta,<\/i><\/p>\n<p><i>At\u00e9 que todos os povos sobre a terra conhe\u00e7am sua salva\u00e7\u00e3o,<\/i><\/p>\n<p><i>Vamos continuar lutando.<\/i><\/p>\n<p>&nbsp;<\/p>\n<p>Tradu\u00e7\u00e3o: Lucy Yamakami<\/p>\n","protected":false},"excerpt":{"rendered":"<p>20 de maio de 2014 Michael Oh, Diretor Executivo\/CEO &nbsp; Dez dias atr\u00e1s encerramos nossa reuni\u00e3o da lideran\u00e7a internacional, um encontro de l\u00edderes europeus e uma celebra\u00e7\u00e3o de anivers\u00e1rio de 40 anos perto de Lausanne, na Su\u00ed\u00e7a, onde foi realizado o primeiro Congresso Internacional de Evangeliza\u00e7\u00e3o Mundial em 1974.<\/p>\n","protected":false},"author":37,"featured_media":0,"comment_status":"open","ping_status":"open","sticky":false,"template":"","format":"standard","meta":{"ngg_post_thumbnail":0,"footnotes":""},"categories":[116],"tags":[19055,19003,19007],"class_list":["post-306","post","type-post","status-publish","format-standard","hentry","category-blog","tag-40-anos-movimento-lausanne","tag-michael-oh","tag-movimento-lausanne"],"_links":{"self":[{"href":"https:\/\/ultimato.com.br\/sites\/lausanne\/wp-json\/wp\/v2\/posts\/306","targetHints":{"allow":["GET"]}}],"collection":[{"href":"https:\/\/ultimato.com.br\/sites\/lausanne\/wp-json\/wp\/v2\/posts"}],"about":[{"href":"https:\/\/ultimato.com.br\/sites\/lausanne\/wp-json\/wp\/v2\/types\/post"}],"author":[{"embeddable":true,"href":"https:\/\/ultimato.com.br\/sites\/lausanne\/wp-json\/wp\/v2\/users\/37"}],"replies":[{"embeddable":true,"href":"https:\/\/ultimato.com.br\/sites\/lausanne\/wp-json\/wp\/v2\/comments?post=306"}],"version-history":[{"count":5,"href":"https:\/\/ultimato.com.br\/sites\/lausanne\/wp-json\/wp\/v2\/posts\/306\/revisions"}],"predecessor-version":[{"id":312,"href":"https:\/\/ultimato.com.br\/sites\/lausanne\/wp-json\/wp\/v2\/posts\/306\/revisions\/312"}],"wp:attachment":[{"href":"https:\/\/ultimato.com.br\/sites\/lausanne\/wp-json\/wp\/v2\/media?parent=306"}],"wp:term":[{"taxonomy":"category","embeddable":true,"href":"https:\/\/ultimato.com.br\/sites\/lausanne\/wp-json\/wp\/v2\/categories?post=306"},{"taxonomy":"post_tag","embeddable":true,"href":"https:\/\/ultimato.com.br\/sites\/lausanne\/wp-json\/wp\/v2\/tags?post=306"}],"curies":[{"name":"wp","href":"https:\/\/api.w.org\/{rel}","templated":true}]}}