{"id":292,"date":"2014-03-08T11:09:02","date_gmt":"2014-03-08T14:09:02","guid":{"rendered":"http:\/\/ultimato.com.br\/sites\/lausanne\/?p=292"},"modified":"2014-03-08T11:11:05","modified_gmt":"2014-03-08T14:11:05","slug":"analise-global-do-movimento-de-lausanne-vol-3-ed-1","status":"publish","type":"post","link":"https:\/\/ultimato.com.br\/sites\/lausanne\/2014\/03\/08\/analise-global-do-movimento-de-lausanne-vol-3-ed-1\/","title":{"rendered":"An\u00e1lise Global do Movimento de Lausanne &#8211; Vol.3 &#8211; Ed.1"},"content":{"rendered":"<p><a href=\"http:\/\/ultimato.com.br\/sites\/lausanne\/files\/2014\/01\/Lausanne-Global-Analysis-Port.png\"><img loading=\"lazy\" decoding=\"async\" class=\"alignnone size-medium wp-image-277\" alt=\"Lausanne Global Analysis Port\" src=\"http:\/\/ultimato.com.br\/sites\/lausanne\/files\/2014\/01\/Lausanne-Global-Analysis-Port-300x42.png\" width=\"300\" height=\"42\" srcset=\"https:\/\/ultimato.com.br\/sites\/lausanne\/files\/2014\/01\/Lausanne-Global-Analysis-Port-300x42.png 300w, https:\/\/ultimato.com.br\/sites\/lausanne\/files\/2014\/01\/Lausanne-Global-Analysis-Port-150x21.png 150w, https:\/\/ultimato.com.br\/sites\/lausanne\/files\/2014\/01\/Lausanne-Global-Analysis-Port.png 810w\" sizes=\"auto, (max-width: 300px) 100vw, 300px\" \/><\/a><\/p>\n<p>Quando falamos de miss\u00f5es n\u00e3o \u00e9 incomum pensarmos, por exemplo, no desafio dos grupos ind\u00edgenas brasileiros. Por outro lado, o tr\u00e1fico de seres humanos, os meios modernos de comunica\u00e7\u00e3o e a etnodoxologia n\u00e3o s\u00e3o, necessariamente, os primeiros t\u00f3picos que v\u00eam \u00e0 nossa mente em uma reflex\u00e3o missiol\u00f3gica. Por\u00e9m, s\u00e3o justamente estes os temas desta edi\u00e7\u00e3o da\u00a0\u201c<a title=\"Global Analysis - 01\/2014\" href=\"https:\/\/dl.dropboxusercontent.com\/u\/94602369\/Lausanne%20Global%20Analysis%20-%20Exec%20Summary%20-%20Jan%202014_Port.pdf\">An\u00e1lise Global de Lausanne<\/a>\u201d. <!--more-->Sem d\u00favida alguma sua leitura ser\u00e1 de ajuda para uma melhor compreens\u00e3o dos desafios mission\u00e1rios nos dias de hoje, se entendermos miss\u00e3o como a responsabilidade de cada crist\u00e3o de levar todo o Evangelho ao mundo todo.<\/p>\n<p>Para ler o documento completo em ingl\u00eas <a title=\"Global analysis english 01\/2014\" href=\"http:\/\/www.lausanne.org\/en\/documents\/global-analysis\/january-2014.html\">clique aqui.<\/a><\/p>\n<p>&nbsp;<\/p>\n<p><a href=\"http:\/\/ultimato.com.br\/sites\/lausanne\/files\/2014\/03\/LausanneGlobalAnalysis_1_2014.png\"><img loading=\"lazy\" decoding=\"async\" class=\"alignnone size-medium wp-image-296\" alt=\"LausanneGlobalAnalysis_1_2014\" src=\"http:\/\/ultimato.com.br\/sites\/lausanne\/files\/2014\/03\/LausanneGlobalAnalysis_1_2014-230x300.png\" width=\"230\" height=\"300\" srcset=\"https:\/\/ultimato.com.br\/sites\/lausanne\/files\/2014\/03\/LausanneGlobalAnalysis_1_2014-230x300.png 230w, https:\/\/ultimato.com.br\/sites\/lausanne\/files\/2014\/03\/LausanneGlobalAnalysis_1_2014-115x150.png 115w, https:\/\/ultimato.com.br\/sites\/lausanne\/files\/2014\/03\/LausanneGlobalAnalysis_1_2014.png 491w\" sizes=\"auto, (max-width: 230px) 100vw, 230px\" \/><\/a><\/p>\n","protected":false},"excerpt":{"rendered":"<p>Quando falamos de miss\u00f5es n\u00e3o \u00e9 incomum pensarmos, por exemplo, no desafio dos grupos ind\u00edgenas brasileiros. Por outro lado, o tr\u00e1fico de seres humanos, os meios modernos de comunica\u00e7\u00e3o e a etnodoxologia n\u00e3o s\u00e3o, necessariamente, os primeiros t\u00f3picos que v\u00eam \u00e0 nossa mente em uma reflex\u00e3o missiol\u00f3gica. Por\u00e9m, s\u00e3o justamente estes os temas desta edi\u00e7\u00e3o [&hellip;]<\/p>\n","protected":false},"author":37,"featured_media":0,"comment_status":"open","ping_status":"open","sticky":false,"template":"","format":"standard","meta":{"ngg_post_thumbnail":0,"footnotes":""},"categories":[116],"tags":[19036,19054,19051,19053,19052],"class_list":["post-292","post","type-post","status-publish","format-standard","hentry","category-blog","tag-analise-global-do-movimento-de-lausanne","tag-etnodoxologia","tag-grupos-indigenas","tag-meios-de-comunicacao","tag-trafico-de-seres-humanos"],"_links":{"self":[{"href":"https:\/\/ultimato.com.br\/sites\/lausanne\/wp-json\/wp\/v2\/posts\/292","targetHints":{"allow":["GET"]}}],"collection":[{"href":"https:\/\/ultimato.com.br\/sites\/lausanne\/wp-json\/wp\/v2\/posts"}],"about":[{"href":"https:\/\/ultimato.com.br\/sites\/lausanne\/wp-json\/wp\/v2\/types\/post"}],"author":[{"embeddable":true,"href":"https:\/\/ultimato.com.br\/sites\/lausanne\/wp-json\/wp\/v2\/users\/37"}],"replies":[{"embeddable":true,"href":"https:\/\/ultimato.com.br\/sites\/lausanne\/wp-json\/wp\/v2\/comments?post=292"}],"version-history":[{"count":6,"href":"https:\/\/ultimato.com.br\/sites\/lausanne\/wp-json\/wp\/v2\/posts\/292\/revisions"}],"predecessor-version":[{"id":298,"href":"https:\/\/ultimato.com.br\/sites\/lausanne\/wp-json\/wp\/v2\/posts\/292\/revisions\/298"}],"wp:attachment":[{"href":"https:\/\/ultimato.com.br\/sites\/lausanne\/wp-json\/wp\/v2\/media?parent=292"}],"wp:term":[{"taxonomy":"category","embeddable":true,"href":"https:\/\/ultimato.com.br\/sites\/lausanne\/wp-json\/wp\/v2\/categories?post=292"},{"taxonomy":"post_tag","embeddable":true,"href":"https:\/\/ultimato.com.br\/sites\/lausanne\/wp-json\/wp\/v2\/tags?post=292"}],"curies":[{"name":"wp","href":"https:\/\/api.w.org\/{rel}","templated":true}]}}