{"id":20,"date":"2013-06-28T16:13:24","date_gmt":"2013-06-28T19:13:24","guid":{"rendered":"http:\/\/ultimato.com.br\/sites\/lausanne\/?p=20"},"modified":"2013-07-12T10:21:08","modified_gmt":"2013-07-12T13:21:08","slug":"lausanne-uma-cidade-um-congresso-ou-o-resumo-do-que-cremos","status":"publish","type":"post","link":"https:\/\/ultimato.com.br\/sites\/lausanne\/2013\/06\/28\/lausanne-uma-cidade-um-congresso-ou-o-resumo-do-que-cremos\/","title":{"rendered":"Lausanne: uma cidade, um congresso ou o resumo daquilo que cremos?"},"content":{"rendered":"<p><a href=\"http:\/\/ultimato.com.br\/sites\/lausanne\/files\/2013\/06\/stott_caricatura3.jpg\"><img loading=\"lazy\" decoding=\"async\" class=\"alignleft size-full wp-image-36\" alt=\"stott_caricatura3\" src=\"http:\/\/ultimato.com.br\/sites\/lausanne\/files\/2013\/06\/stott_caricatura3.jpg\" width=\"101\" height=\"134\" \/><\/a>Para inaugurar o <em>blog Lausanne<\/em>, <strong>Ultimato<\/strong> coloca \u00e0 disposi\u00e7\u00e3o dos leitores o\u00a0<a href=\"http:\/\/www.ultimato.com.br\/pagina\/pacto-de-lausanne\">Pacto de Lausanne<\/a>, resultado do Congresso Internacional de Evangeliza\u00e7\u00e3o Mundial, em Lausanne, na Su\u00ed\u00e7a, em 1974, com o qual a Editora Ultimato se identifica e aponta como express\u00e3o hist\u00f3rica e adequada da nossa f\u00e9 e miss\u00e3o.<\/p>\n<p>O conhecido te\u00f3logo ingl\u00eas, <a href=\"http:\/\/ultimato.com.br\/sites\/john-stott\/\">John Stott<\/a>, foi o organizador e mentor do Congresso e do Pacto de Lausanne.<\/p>\n","protected":false},"excerpt":{"rendered":"<p>Para inaugurar o blog Lausanne, Ultimato coloca \u00e0 disposi\u00e7\u00e3o dos leitores o\u00a0Pacto de Lausanne, resultado do Congresso Internacional de Evangeliza\u00e7\u00e3o Mundial, em Lausanne, na Su\u00ed\u00e7a, em 1974, com o qual a Editora Ultimato se identifica e aponta como express\u00e3o hist\u00f3rica e adequada da nossa f\u00e9 e miss\u00e3o. O conhecido te\u00f3logo ingl\u00eas, John Stott, foi o [&hellip;]<\/p>\n","protected":false},"author":24,"featured_media":0,"comment_status":"open","ping_status":"open","sticky":false,"template":"","format":"standard","meta":{"ngg_post_thumbnail":0,"footnotes":""},"categories":[116],"tags":[5668,18985],"class_list":["post-20","post","type-post","status-publish","format-standard","hentry","category-blog","tag-john-stott","tag-pacto-de-lausanne"],"_links":{"self":[{"href":"https:\/\/ultimato.com.br\/sites\/lausanne\/wp-json\/wp\/v2\/posts\/20","targetHints":{"allow":["GET"]}}],"collection":[{"href":"https:\/\/ultimato.com.br\/sites\/lausanne\/wp-json\/wp\/v2\/posts"}],"about":[{"href":"https:\/\/ultimato.com.br\/sites\/lausanne\/wp-json\/wp\/v2\/types\/post"}],"author":[{"embeddable":true,"href":"https:\/\/ultimato.com.br\/sites\/lausanne\/wp-json\/wp\/v2\/users\/24"}],"replies":[{"embeddable":true,"href":"https:\/\/ultimato.com.br\/sites\/lausanne\/wp-json\/wp\/v2\/comments?post=20"}],"version-history":[{"count":14,"href":"https:\/\/ultimato.com.br\/sites\/lausanne\/wp-json\/wp\/v2\/posts\/20\/revisions"}],"predecessor-version":[{"id":210,"href":"https:\/\/ultimato.com.br\/sites\/lausanne\/wp-json\/wp\/v2\/posts\/20\/revisions\/210"}],"wp:attachment":[{"href":"https:\/\/ultimato.com.br\/sites\/lausanne\/wp-json\/wp\/v2\/media?parent=20"}],"wp:term":[{"taxonomy":"category","embeddable":true,"href":"https:\/\/ultimato.com.br\/sites\/lausanne\/wp-json\/wp\/v2\/categories?post=20"},{"taxonomy":"post_tag","embeddable":true,"href":"https:\/\/ultimato.com.br\/sites\/lausanne\/wp-json\/wp\/v2\/tags?post=20"}],"curies":[{"name":"wp","href":"https:\/\/api.w.org\/{rel}","templated":true}]}}