{"id":136,"date":"2013-08-22T09:04:07","date_gmt":"2013-08-22T12:04:07","guid":{"rendered":"http:\/\/ultimato.com.br\/sites\/lausanne\/?p=136"},"modified":"2013-09-04T23:25:44","modified_gmt":"2013-09-05T02:25:44","slug":"consulta-global-lausanne-sobre-o-cuidado-da-criacao-e-o-evangelho-convocacao-a-acao","status":"publish","type":"post","link":"https:\/\/ultimato.com.br\/sites\/lausanne\/2013\/08\/22\/consulta-global-lausanne-sobre-o-cuidado-da-criacao-e-o-evangelho-convocacao-a-acao\/","title":{"rendered":"Consulta Global Lausanne sobre o Cuidado da Cria\u00e7\u00e3o e o Evangelho: Convoca\u00e7\u00e3o \u00e0 A\u00e7\u00e3o"},"content":{"rendered":"<p>Sta. Anna, Jamaica, novembro de 2012<\/p>\n<p>&nbsp;<\/p>\n<p><b><span style=\"text-decoration: underline;\">Introdu\u00e7\u00e3o<\/span><\/b><\/p>\n<p>A &#8220;Consulta Global Lausanne sobre o Cuidado da Cria\u00e7\u00e3o e o Evangelho&#8221; aconteceu nos dias 29 de outubro a 02 novembro de 2012, em Santa Anna, Jamaica, com o objetivo de melhor elaborar os pontos do\u00a0<a title=\"Compromisso da Cidade do Cabo\" href=\"http:\/\/www.lausanne.org\/pt\/pt\/1661-compromisso-da-cidade-do-cabo.html\">Compromisso da Cidade do Cabo<\/a>\u00a0(CCC) relacionados com o cuidado com a cria\u00e7\u00e3o.A Consulta reuniu te\u00f3logos, l\u00edderes de igrejas, cientistas e profissionais na \u00e1rea da Cria\u00e7\u00e3o, sendo 57 homens e 20 mulheres, vindos de 26 pa\u00edses do Caribe, \u00c1frica, Am\u00e9rica Latina, Oceania, Am\u00e9rica do Norte e Europa. Ela foi realizada sob os ausp\u00edcios do\u00a0<a title=\"Movimento Lausanne\" href=\"http:\/\/www.lausanne.org\/pt\/\">Movimento Lausanne<\/a>, em colabora\u00e7\u00e3o com a Alian\u00e7a Evang\u00e9lica Mundial, e em um pa\u00eds e regi\u00e3o de marcante beleza natural, onde pudemos apreciar, celebrar e refletir sobre a maravilha da boa Cria\u00e7\u00e3o de Deus.<!--more--> Muitas passagens b\u00edblicas, incluindo reflex\u00f5es em G\u00eanesis 1 &#8211; 3, Salmo 8 e Romanos 8, orientaram nossas ora\u00e7\u00f5es, discuss\u00f5es e delibera\u00e7\u00f5es sobre os temas O mundo de Deus, A Palavra de Deus e A obra de Deus. A nossa consulta aconteceu imediatamente ap\u00f3s a devasta\u00e7\u00e3o do furac\u00e3o Sandy no Caribe e coincidiu com a chegada da tempestade na Am\u00e9rica do Norte; a destrui\u00e7\u00e3o e a perda de vidas foi um lembrete surpreendente quanto \u00e0 urg\u00eancia, oportunidade e import\u00e2ncia desta consulta.<\/p>\n<p>&nbsp;<\/p>\n<p><b>Duas grandes convic\u00e7\u00f5es<\/b><\/p>\n<p>&nbsp;<\/p>\n<p>Nossas discuss\u00f5es, estudos e ora\u00e7\u00f5es nos levaram a duas conclus\u00f5es principais:<\/p>\n<p>&nbsp;<\/p>\n<p><b>O Cuidado com a Cria\u00e7\u00e3o \u00e9 de fato uma &#8220;quest\u00e3o do Evangelho no contexto do Senhorio de Cristo&#8221;<\/b>\u00a0(CCC I.7.A). Informados e inspirados por nossos estudos das Escrituras \u2013 o prop\u00f3sito original, o plano e o mandamento para cuidar da Cria\u00e7\u00e3o, as narrativas da ressurrei\u00e7\u00e3o e a verdade profunda que, em Cristo todas as coisas foram reconciliadas com Deus &#8211; reafirmamos que o cuidado da Cria\u00e7\u00e3o \u00e9 uma quest\u00e3o que deve ser inclu\u00edda em nossa resposta ao Evangelho, proclamando e agindo sobre as boas novas do que Deus j\u00e1 fez e completar\u00e1 para a salva\u00e7\u00e3o do mundo. Isto n\u00e3o \u00e9 somente justificado biblicamente, mas parte integrante de nossa miss\u00e3o e uma express\u00e3o de nossa adora\u00e7\u00e3o a Deus pelo seu maravilhoso plano de reden\u00e7\u00e3o atrav\u00e9s de Jesus Cristo. Portanto, o nosso minist\u00e9rio da reconcilia\u00e7\u00e3o \u00e9 uma quest\u00e3o de grande alegria e esperan\u00e7a e n\u00f3s cuidar\u00edamos da cria\u00e7\u00e3o, mesmo que ela n\u00e3o estivesse em crise.<\/p>\n<p>&nbsp;<\/p>\n<p><b>&#8220;Estamos diante de uma crise pressionante, urgente, e que deve ser resolvida em nossa gera\u00e7\u00e3o.&#8221;<\/b>\u00a0Muitas das pessoas mais pobres do mundo, os ecossistemas e esp\u00e9cies da fauna e flora est\u00e3o sendo devastados de diversas formas pela viol\u00eancia contra o meio ambiente, e a mudan\u00e7a clim\u00e1tica global, o desmatamento, a perda de biodiversidade, a escassez de \u00e1gua e a polui\u00e7\u00e3o s\u00e3o apenas parte da crise. N\u00f3s n\u00e3o podemos mais tolerar a complac\u00eancia e os debates intermin\u00e1veis. O amor a Deus ao nosso pr\u00f3ximo e \u00e0 toda a Cria\u00e7\u00e3o, assim como a nossa paix\u00e3o pela justi\u00e7a, obrigam-nos \u00e0 &#8220;urgente e prof\u00e9tica responsabilidade ecol\u00f3gica&#8221;. (CCC I.7.A).<\/p>\n<p>&nbsp;<\/p>\n<p><b><span style=\"text-decoration: underline;\">Nossa convoca\u00e7\u00e3o \u00e0 a\u00e7\u00e3o<\/span><\/b><\/p>\n<p>&nbsp;<\/p>\n<p>Baseados nestas duas convic\u00e7\u00f5es, n\u00f3s, portanto, convocamos toda a Igreja, na depend\u00eancia do Esp\u00edrito Santo, para responder radical e fielmente ao cuidado da Cria\u00e7\u00e3o de Deus, demonstrando nossa cren\u00e7a e esperan\u00e7a no poder transformador de Cristo. Apelamos aos crist\u00e3os, aos l\u00edderes evang\u00e9licos, \u00e0s organiza\u00e7\u00f5es evang\u00e9licas nacionais, a todas as igrejas locais, e ao Movimento Lausanne para responderem e agirem com urg\u00eancia.<\/p>\n<p>&nbsp;<\/p>\n<p><b>Especificamente, n\u00f3s convocamos para:<\/b><\/p>\n<p>&nbsp;<\/p>\n<p><b>1. Um novo compromisso com um estilo de vida simples.<\/b>\u00a0Reconhecendo que muito da nossa crise \u00e9 devido aos bilh\u00f5es de pessoas que vivem descuidadamente, reafirmamos o compromisso de Lausanne ao estilo de vida simples (Documentos Ocasionais de Lausanne n\u00ba 20 &#8211; Lausanne Occasional Paper # 20), e convocamos a comunidade evang\u00e9lica mundial a adotar medidas, individual e coletivamente, para viverem dentro dos limites corretos da boa d\u00e1diva de Deus na cria\u00e7\u00e3o, de se engajarem mais na sua recupera\u00e7\u00e3o e conserva\u00e7\u00e3o, e de partilharem essa generosa d\u00e1diva de forma equitativa.<\/p>\n<p>&nbsp;<\/p>\n<p><b>2. Novo e vigoroso trabalho teol\u00f3gico.<\/b>\u00a0Em particular, precisamos de orienta\u00e7\u00e3o em quatro \u00e1reas: \u2022 Uma teologia integrada de cuidado com a cria\u00e7\u00e3o que envolva semin\u00e1rios, escolas b\u00edblicas e outros para equipar pastores que discipulem suas congrega\u00e7\u00f5es. \u2022 Uma teologia que examina a identidade da humanidade como inserida na cria\u00e7\u00e3o e, ao mesmo tempo, possuidora de um papel especial na Cria\u00e7\u00e3o. \u2022 Uma teologia relacionada com a nossa mordomia b\u00edblica da cria\u00e7\u00e3o que desafie as ideologias econ\u00f4micas atualmente prevalecentes \u2022 Uma teologia da esperan\u00e7a em Cristo e Sua Segunda Vinda que informe e inspire adequadamente o cuidado com a Cria\u00e7\u00e3o.<\/p>\n<p>&nbsp;<\/p>\n<p><b>3. Lideran\u00e7a da igreja nos pa\u00edses em desenvolvimento.<\/b>\u00a0Como os pa\u00edses em desenvolvimento representam aqueles mais afetados com a crise ecol\u00f3gica atual, h\u00e1 uma necessidade especial de que seus representantes falem, se envolvam nas quest\u00f5es do cuidado da Cria\u00e7\u00e3o e ajam sobre elas. N\u00f3s, os membros da Consulta, pedimos que a igreja nos pa\u00edses em desenvolvimento exer\u00e7a lideran\u00e7a entre n\u00f3s, ajudando-nos a definir a agenda para o avan\u00e7o do Evangelho e o cuidado da Cria\u00e7\u00e3o.<\/p>\n<p>&nbsp;<\/p>\n<p><b>4. Mobiliza\u00e7\u00e3o de toda a Igreja e engajamento de toda a sociedade.<\/b>\u00a0A mobiliza\u00e7\u00e3o deve ocorrer nas igrejas locais e incluir aqueles que muitas vezes s\u00e3o negligenciados, utilizando os dons de mulheres, crian\u00e7as, jovens e povos ind\u00edgenas, assim como profissionais e pessoas com outros recursos que possuam experi\u00eancia e conhecimento. O envolvimento deve ser igualmente<\/p>\n<p>amplo, incluindo di\u00e1logos formais, urgentes e criativos com os correspondentes l\u00edderes no governo, nas empresas, na sociedade civil e acad\u00eamicos.<\/p>\n<p>&nbsp;<\/p>\n<p><b>5. Miss\u00f5es ambientais entre os povos n\u00e3o alcan\u00e7ados.<\/b>\u00a0N\u00f3s participamos da convoca\u00e7\u00e3o hist\u00f3rica de Lausanne para a evangeliza\u00e7\u00e3o do mundo, e acreditamos que as quest\u00f5es ambientais representam uma das maiores oportunidades para demonstrar o amor de Cristo e plantar igrejas entre grupos n\u00e3o alcan\u00e7ados e n\u00e3o engajados em nossa gera\u00e7\u00e3o (CCC II.D.1.B). N\u00f3s encorajamos a igreja a promover &#8220;miss\u00f5es ambientais&#8221; como uma nova categoria dentro do trabalho mission\u00e1rio (de forma semelhante \u00e0s miss\u00f5es m\u00e9dicas).<\/p>\n<p>&nbsp;<\/p>\n<p><b>6. A\u00e7\u00e3o radical para enfrentar a mudan\u00e7a clim\u00e1tica.<\/b>\u00a0Afirmando a declara\u00e7\u00e3o do Compromisso da Cidade do Cabo (CCC) sobre o &#8220;desafio s\u00e9rio e urgente da mudan\u00e7a clim\u00e1tica&#8221;, que &#8220;afetar\u00e1 desproporcionalmente aqueles que vivem em pa\u00edses mais pobres&#8221;, (CCC II.B.6), convocamos para a a\u00e7\u00e3o na redu\u00e7\u00e3o radical das emiss\u00f5es de gases que causam o efeito estufa e a constru\u00e7\u00e3o de comunidades resilientes. Entendemos essas a\u00e7\u00f5es como uma aplica\u00e7\u00e3o do mandamento para negar a n\u00f3s mesmos, tomar a cruz e seguir a Cristo.<\/p>\n<p>&nbsp;<\/p>\n<p><b>7. Princ\u00edpios sustent\u00e1veis na produ\u00e7\u00e3o de alimentos.<\/b>\u00a0Em gratid\u00e3o a Deus, que providencia nosso sustento, e fluindo da nossa convic\u00e7\u00e3o de nos tornarmos excelentes mordomos da Cria\u00e7\u00e3o, n\u00f3s insistimos na aplica\u00e7\u00e3o de princ\u00edpios sustent\u00e1veis a n\u00edveis ambiental e geracional na agricultura (culturas de campo, pecu\u00e1ria, pesca e todas as outras formas de produ\u00e7\u00e3o de alimentos), com especial aten\u00e7\u00e3o para a utiliza\u00e7\u00e3o de metodologias tais como a agricultura de preserva\u00e7\u00e3o.<\/p>\n<p>&nbsp;<\/p>\n<p><b>8. Uma economia que trabalha em harmonia com a Cria\u00e7\u00e3o de Deus.<\/b>\u00a0N\u00f3s convocamos para uma abordagem voltada para o bem-estar e o desenvolvimento econ\u00f4mico, produ\u00e7\u00e3o de energia, gest\u00e3o de recursos naturais (incluindo minera\u00e7\u00e3o e florestas), a gest\u00e3o da \u00e1gua e sua utiliza\u00e7\u00e3o, transporte, sa\u00fade, design urbano e rural, e padr\u00f5es de consumo pessoais e empresariais que mantenham a integridade ecol\u00f3gica da Cria\u00e7\u00e3o.<\/p>\n<p>&nbsp;<\/p>\n<p><b>9. Express\u00f5es locais de cuidado com a Cria\u00e7\u00e3o, que preservam e aumentam a biodiversidade.<\/b>\u00a0Recomendamos \u00e0 igreja de todo o mundo tais projetos, juntamente com qualquer a\u00e7\u00e3o que possa ser caracterizada como um &#8220;pequeno passo&#8221; ou um &#8220;ato simb\u00f3lico&#8221;, como forma de testemunhar poderosamente o Senhorio de Cristo sobre toda a Cria\u00e7\u00e3o.<\/p>\n<p>&nbsp;<\/p>\n<p><b>10. Advocacia prof\u00e9tica e reconcilia\u00e7\u00e3o restauradora.<\/b>\u00a0Apelamos para os crist\u00e3os como indiv\u00edduos, e para a igreja como um todo, para profeticamente &#8220;falar a verdade aos poderosos&#8221; atrav\u00e9s da defesa e de a\u00e7\u00f5es legais, para que as pol\u00edticas p\u00fablicas e pr\u00e1ticas privadas possam mudar para melhor promover o cuidado com a Cria\u00e7\u00e3o, e melhorar a ajuda \u00e0s comunidades devastadas. Al\u00e9m disso, convocamos a Igreja para &#8220;falar da paz de Cristo&#8221; em comunidades dilaceradas por disputas ambientais, mobilizando aqueles que s\u00e3o h\u00e1beis na resolu\u00e7\u00e3o de conflitos e mantendo nossas pr\u00f3prias convic\u00e7\u00f5es com humildade.<\/p>\n<p>&nbsp;<\/p>\n<p><b><span style=\"text-decoration: underline;\">Nossa convoca\u00e7\u00e3o \u00e0 ora\u00e7\u00e3o<\/span><\/b><\/p>\n<p>&nbsp;<\/p>\n<p>Cada um dos nossos chamados \u00e0 a\u00e7\u00e3o repousa sobre uma convoca\u00e7\u00e3o ainda mais urgente para a ora\u00e7\u00e3o, intencional e fervorosa, sobriamente consciente de que esta \u00e9 uma luta espiritual. Muitos de n\u00f3s devemos come\u00e7ar nossa ora\u00e7\u00e3o com lamento e arrependimento por nosso fracasso em cuidar da Cria\u00e7\u00e3o, e por nosso fracasso de liderar a transforma\u00e7\u00e3o nos n\u00edveis pessoal e empresarial. E ent\u00e3o, tendo provado da gra\u00e7a e da miseric\u00f3rdia de Deus em Cristo Jesus e atrav\u00e9s do Esp\u00edrito Santo, e com a esperan\u00e7a na plenitude de nossa reden\u00e7\u00e3o, oramos com confian\u00e7a que o Deus Tri\u00fano pode sarar a nossa terra e todos os que nela habitam, para a gl\u00f3ria do Seu incompar\u00e1vel nome.<\/p>\n<p>&nbsp;<\/p>\n<p>N\u00f3s, os participantes da Consulta Jamaica 2012 sobre o Cuidado da Cria\u00e7\u00e3o, convidamos todos os crist\u00e3os e as organiza\u00e7\u00f5es crist\u00e3s em todos os lugares para tornar conhecido o seu compromisso com esta Convoca\u00e7\u00e3o \u00e0 A\u00e7\u00e3o &#8220;<b>assinando este documento<\/b>\u00a0individualmente ou em nome de sua igreja,organiza\u00e7\u00e3o, institui\u00e7\u00e3o, ou outro organismo da Igreja.&#8221; Os indiv\u00edduos podem assinar, acessando:<a title=\"Lausanne Movement\" href=\"http:\/\/www.lausanne.org\/creationcare\">\u00a0http:\/\/www.lausanne.org\/creationcare<\/a>\u00a0e seguindo as instru\u00e7\u00f5es para adicionar seus nomes. Signat\u00e1rios organizacionais devem enviar uma carta ou e-mail assinado por seu l\u00edder, presidente, ou representante autorizado para\u00a0<span style=\"text-decoration: underline;\">creationcare@lausanne.org<\/span>\u00a0(Perguntas sobre este procedimento podem ser enviadas para o mesmo endere\u00e7o.)<\/p>\n<p>&nbsp;<\/p>\n<p>Acordado por todos os participantes\u00a0<span style=\"text-decoration: underline;\">da Consulta Global Lausanne sobre o Cuidado da Cria\u00e7\u00e3o e o Evangelho<\/span>, Sta. Anna, Jamaica, 09 de novembro de 2012.<\/p>\n<p>&nbsp;<\/p>\n<p>Convoca\u00e7\u00e3o \u00e0 A\u00e7\u00e3o &#8211; Equipe de Escritores:<\/p>\n<p>Lowell Bliss (EUA); Paul Cook (Reino Unido); Sara Kaweesa (Uganda); Lawrence Ko (Singapura).<\/p>\n<p>L\u00edderes Seniores da Consulta:<\/p>\n<p>Sr.Ed Brown, Associa\u00e7\u00e3o do Cuidado com a Cria\u00e7\u00e3o; Las Newman, Diretor Delegado de Lausanne Internacional para o Caribe; Ken Gnanakan, Presidente do Conselho Internacional de Educa\u00e7\u00e3o Superior; David Bookless, Assessor de Teologia &amp; Igrejas, A Rocha Internacional.<\/p>\n<p>&nbsp;<\/p>\n<p>Participantes da Consulta:<\/p>\n<p>Tyler Amy (EUA); Premamitra Anandaraja (\u00cdndia); Seth Ken Appiah Kubi (Gana); Hoi Wen Au Yong (Singapura); Tom Baker (Reino Unido); Frederic Baudin (Fran\u00e7a); Colin Bell (Reino Unido); David Bennett (EUA); Samuel YuTo Chiu (Canad\u00e1); Paul Cook (Reino Unido); Beth Doerr (EUA); Stan Doerr (EUA); Lindani Dube (Zimbabue); Darceuil Duncan (Trinidad e Tobago); Christopher Elisara (EUA); Susan Emmerich (EUA); Samuel Ewell (Reino Unido); Naomi Frizzell (EUA); David Gould (Singa-pura); Peter Illyn (EUA); James Kalikwembe (Malawi); David Knight (Canad\u00e1); Andrew Leake (Argentina); Terry LeBlanc (Canad\u00e1); Jonathan Moo (EUA); Juliana Morillo (Peru); Osvaldo Munguia (Honduras); Cassien Ndikuriyo (Burundi); Claudio Oliver (Brasil); James Pender (Bangladesh); Mark Pierson (Nova Zel\u00e2ndia); Lalbiakhlui Rokhum (\u00cdndia); Thomas Schirrmacher (Alemanha); Sally Shaw (Austr\u00e1lia); Chris Shore (EUA); Mgliwe Simdinatome (Togo); Craig Sorley (Qu\u00eania); Joel Tembo Vwira (Congo); Efraim Tendero (Filipinas); Denise Thompson (Trinidad e Tobago); Stephen Tollestrup (Nova Zel\u00e2ndia); Ruth Valerio (Reino Unido); Peter Vander Meulen (EUA); Jean Valery Vital Herne (Haiti); Barry Wade (Jamaica); Serah Wambua (Qu\u00eania); Robert White (Reino Unido); Thomas Yaccino (EUA).<\/p>\n<p>&nbsp;<\/p>\n","protected":false},"excerpt":{"rendered":"<p>Sta. Anna, Jamaica, novembro de 2012 &nbsp; Introdu\u00e7\u00e3o A &#8220;Consulta Global Lausanne sobre o Cuidado da Cria\u00e7\u00e3o e o Evangelho&#8221; aconteceu nos dias 29 de outubro a 02 novembro de 2012, em Santa Anna, Jamaica, com o objetivo de melhor elaborar os pontos do\u00a0Compromisso da Cidade do Cabo\u00a0(CCC) relacionados com o cuidado com a cria\u00e7\u00e3o.A [&hellip;]<\/p>\n","protected":false},"author":37,"featured_media":0,"comment_status":"open","ping_status":"open","sticky":false,"template":"","format":"standard","meta":{"ngg_post_thumbnail":0,"footnotes":""},"categories":[114],"tags":[9530,19006,19007],"class_list":["post-136","post","type-post","status-publish","format-standard","hentry","category-artigos","tag-compromisso-da-cidade-do-cabo","tag-consulta-global-lausanne","tag-movimento-lausanne"],"_links":{"self":[{"href":"https:\/\/ultimato.com.br\/sites\/lausanne\/wp-json\/wp\/v2\/posts\/136","targetHints":{"allow":["GET"]}}],"collection":[{"href":"https:\/\/ultimato.com.br\/sites\/lausanne\/wp-json\/wp\/v2\/posts"}],"about":[{"href":"https:\/\/ultimato.com.br\/sites\/lausanne\/wp-json\/wp\/v2\/types\/post"}],"author":[{"embeddable":true,"href":"https:\/\/ultimato.com.br\/sites\/lausanne\/wp-json\/wp\/v2\/users\/37"}],"replies":[{"embeddable":true,"href":"https:\/\/ultimato.com.br\/sites\/lausanne\/wp-json\/wp\/v2\/comments?post=136"}],"version-history":[{"count":14,"href":"https:\/\/ultimato.com.br\/sites\/lausanne\/wp-json\/wp\/v2\/posts\/136\/revisions"}],"predecessor-version":[{"id":198,"href":"https:\/\/ultimato.com.br\/sites\/lausanne\/wp-json\/wp\/v2\/posts\/136\/revisions\/198"}],"wp:attachment":[{"href":"https:\/\/ultimato.com.br\/sites\/lausanne\/wp-json\/wp\/v2\/media?parent=136"}],"wp:term":[{"taxonomy":"category","embeddable":true,"href":"https:\/\/ultimato.com.br\/sites\/lausanne\/wp-json\/wp\/v2\/categories?post=136"},{"taxonomy":"post_tag","embeddable":true,"href":"https:\/\/ultimato.com.br\/sites\/lausanne\/wp-json\/wp\/v2\/tags?post=136"}],"curies":[{"name":"wp","href":"https:\/\/api.w.org\/{rel}","templated":true}]}}