{"id":129,"date":"2013-08-22T09:04:51","date_gmt":"2013-08-22T12:04:51","guid":{"rendered":"http:\/\/ultimato.com.br\/sites\/lausanne\/?p=129"},"modified":"2013-09-04T23:30:15","modified_gmt":"2013-09-05T02:30:15","slug":"primeiro-forum-global-de-lideranca-do-movimento-de-lausanne-bangalore","status":"publish","type":"post","link":"https:\/\/ultimato.com.br\/sites\/lausanne\/2013\/08\/22\/primeiro-forum-global-de-lideranca-do-movimento-de-lausanne-bangalore\/","title":{"rendered":"Primeiro F\u00f3rum Global de Lideran\u00e7a do Movimento de Lausanne &#8211;  Bangalore"},"content":{"rendered":"<p><b>16 de julho de 2013<\/b><\/p>\n<p>&nbsp;<\/p>\n<p>A Associa\u00e7\u00e3o Evang\u00e9lica da \u00cdndia sediou em Bangalore, no m\u00eas de junho de 2013, o primeiro F\u00f3rum Lausanne Global de Lideran\u00e7a, atraindo 350 participantes de mais de 60 pa\u00edses, selecionados por seus envolvimentos na arena p\u00fablica, igrejas, ag\u00eancias e meios de comunica\u00e7\u00e3o. O trabalho principal do F\u00f3rum foi avaliar o progresso em quest\u00f5es identificadas no <a title=\"Compromisso da Cidade do Cabo\" href=\"http:\/\/www.lausanne.org\/pt\/pt\/1661-compromisso-da-cidade-do-cabo.html\"><i>Compromisso da Cidade do Cabo<\/i><\/a>, e estimular ainda mais a a\u00e7\u00e3o colaborativa em dire\u00e7\u00e3o aos objetivos do \u201cChamado \u00e0 A\u00e7\u00e3o\u201d.<!--more--><\/p>\n<p>&nbsp;<\/p>\n<p>A Diretora do F\u00f3rum foi Grace Mathews, vice-presidente do Conselho de Lausanne. &#8220;Nossos grupos tem\u00e1ticos reuniram mentes argutas e pensadores estrat\u00e9gicos&#8221;, disse ela, acrescentando: &#8220;o aspecto da parceria manteve-se como valor fundamental desde nosso princ\u00edpio, sob a lideran\u00e7a de Billy Graham e John Stott. Assim como fizemos na Cidade do Cabo, pretendemos fazer muito mais no F\u00f3rum dispon\u00edvel on-line para obter uma ampla participa\u00e7\u00e3o nas discuss\u00f5es\u201d.<\/p>\n<p>&nbsp;<\/p>\n<p>Cada um dos quatro dias foram iniciados com a exposi\u00e7\u00e3o da B\u00edblia por um representante de um continente diferente, seguida do estudo multi-cultural da B\u00edblia pelos participantes divididos em mesas. O F\u00f3rum, em seguida, passava a explorar as formas nas quais a igreja pode envolver melhor a nossa cultura &#8211; em particular, atrav\u00e9s da igreja local, atrav\u00e9s do trabalho e atrav\u00e9s de influenciadores culturais. \u00c0s noites eram trazidas not\u00edcias de todos os continentes, com tempo para ora\u00e7\u00e3o.<\/p>\n<p>&nbsp;<\/p>\n<p>Ao final do F\u00f3rum, Doug Birdsall, presidente executivo de Lausanne desde 2004, e agora presidente da Sociedade B\u00edblica Norte-americana, passou formalmente a lideran\u00e7a para o norte-americano de origem coreana Michael Oh (42), fundador-presidente de Instituto B\u00edblico Cristo da cidade de Nagoya, Jap\u00e3o. Como Diretor Executivo\/CEO rec\u00e9m-nomeado, enfatizou seu desejo de ver l\u00edderes mais jovens engajados no Movimento.<\/p>\n<p>&nbsp;<\/p>\n<p>A primeira de uma s\u00e9rie de consultas globais sobre quest\u00f5es cr\u00edticas identificadas no <i>Compromisso da Cidade do Cabo<\/i> j\u00e1 tinha acontecido, na Jamaica, sobre o mandato para o cuidado com a cria\u00e7\u00e3o. Nos pr\u00f3ximos meses consultas para explorar as quest\u00f5es mais cruciais mencionadas no Compromisso da Cidade do Cabo ser\u00e3o realizadas. Uma delas acontecer\u00e1 em Mar\u00e7o de 2014, em S\u00e3o Paulo, e abordar\u00e1 o tema \u201cA Teologia da Prosperidade, a Pobreza e o Evangelho\u201d.<\/p>\n<p>&nbsp;<\/p>\n<p>Em prepara\u00e7\u00e3o para o encontro em Bangalore, foram publicadas edi\u00e7\u00f5es especiais do boletim foi publicada uma edi\u00e7\u00e3o especial do \u201cAn\u00e1lise Global do Movimento de Lausanne\u201d (dispon\u00edvel no momento somente em ingl\u00eas e espanhol) trazendo a vis\u00e3o de uma rede internacional de analistas evang\u00e9licos para equipar os participantes e l\u00edderes crist\u00e3os a n\u00edvel mundial para a tarefa da evangeliza\u00e7\u00e3o mundial. Para receber via e-mail a edi\u00e7\u00e3o bi-mensal desse boletim, basta fazer sua assinatura online. Para acessar o <i>Compromisso da Cidade do Cabo<\/i> e a crescente lista de livros publicados, visite <a href=\"http:\/\/www.lausanne.org\/books\">www.lausanne.org\/books<\/a><\/p>\n<p>&nbsp;<\/p>\n<p>V\u00eddeos de partes do F\u00f3rum Global de Lideran\u00e7a estar\u00e3o dispon\u00edveis na internet em breve.<\/p>\n<p>&nbsp;<\/p>\n<p>V\u00e1rios participantes tamb\u00e9m t\u00eam publicado em seus blogs, em ingles, suas experi\u00eancias no F\u00f3rum Global de Lideran\u00e7a:<\/p>\n<p>&nbsp;<\/p>\n<ul>\n<li><a href=\"http:\/\/lifeincolour.com\/?p=1025\">Andy Goodacre &#8211; Lausanne Global Leaders&#8217; Forum<\/a><\/li>\n<li><a href=\"http:\/\/www.ourfathersworld.org\/2013\/07\/03\/a-prayer\/#more-1184\">Ed Brown &#8211; A Prayer<\/a><\/li>\n<li>Tom White \u2013 Global Leadership Forum<\/li>\n<\/ul>\n<p>&nbsp;<\/p>\n","protected":false},"excerpt":{"rendered":"<p>16 de julho de 2013 &nbsp; A Associa\u00e7\u00e3o Evang\u00e9lica da \u00cdndia sediou em Bangalore, no m\u00eas de junho de 2013, o primeiro F\u00f3rum Lausanne Global de Lideran\u00e7a, atraindo 350 participantes de mais de 60 pa\u00edses, selecionados por seus envolvimentos na arena p\u00fablica, igrejas, ag\u00eancias e meios de comunica\u00e7\u00e3o. O trabalho principal do F\u00f3rum foi avaliar [&hellip;]<\/p>\n","protected":false},"author":37,"featured_media":0,"comment_status":"open","ping_status":"open","sticky":false,"template":"","format":"standard","meta":{"ngg_post_thumbnail":0,"footnotes":""},"categories":[116],"tags":[19000,19001,19002,5668,19003,18988],"class_list":["post-129","post","type-post","status-publish","format-standard","hentry","category-blog","tag-billy-graham","tag-forum-lausanne-global-de-lideranca","tag-grace-mathews","tag-john-stott","tag-michael-oh","tag-movimento-de-lausanne"],"_links":{"self":[{"href":"https:\/\/ultimato.com.br\/sites\/lausanne\/wp-json\/wp\/v2\/posts\/129","targetHints":{"allow":["GET"]}}],"collection":[{"href":"https:\/\/ultimato.com.br\/sites\/lausanne\/wp-json\/wp\/v2\/posts"}],"about":[{"href":"https:\/\/ultimato.com.br\/sites\/lausanne\/wp-json\/wp\/v2\/types\/post"}],"author":[{"embeddable":true,"href":"https:\/\/ultimato.com.br\/sites\/lausanne\/wp-json\/wp\/v2\/users\/37"}],"replies":[{"embeddable":true,"href":"https:\/\/ultimato.com.br\/sites\/lausanne\/wp-json\/wp\/v2\/comments?post=129"}],"version-history":[{"count":4,"href":"https:\/\/ultimato.com.br\/sites\/lausanne\/wp-json\/wp\/v2\/posts\/129\/revisions"}],"predecessor-version":[{"id":202,"href":"https:\/\/ultimato.com.br\/sites\/lausanne\/wp-json\/wp\/v2\/posts\/129\/revisions\/202"}],"wp:attachment":[{"href":"https:\/\/ultimato.com.br\/sites\/lausanne\/wp-json\/wp\/v2\/media?parent=129"}],"wp:term":[{"taxonomy":"category","embeddable":true,"href":"https:\/\/ultimato.com.br\/sites\/lausanne\/wp-json\/wp\/v2\/categories?post=129"},{"taxonomy":"post_tag","embeddable":true,"href":"https:\/\/ultimato.com.br\/sites\/lausanne\/wp-json\/wp\/v2\/tags?post=129"}],"curies":[{"name":"wp","href":"https:\/\/api.w.org\/{rel}","templated":true}]}}