{"id":984,"date":"2011-08-03T15:40:12","date_gmt":"2011-08-03T18:40:12","guid":{"rendered":"http:\/\/ultimato.com.br\/sites\/jovem\/?p=984"},"modified":"2011-08-03T15:53:40","modified_gmt":"2011-08-03T18:53:40","slug":"em-transito","status":"publish","type":"post","link":"https:\/\/ultimato.com.br\/sites\/jovem\/2011\/08\/03\/em-transito\/","title":{"rendered":"Em tr\u00e2nsito"},"content":{"rendered":"<p><a href=\"http:\/\/ultimato.com.br\/sites\/jovem\/files\/2011\/08\/03_08_jovem_holanda.jpg\" class=\"lightview\" data-lightview-group=\"group-984\" data-lightview-options=\"skin: 'dark', controls: 'relative', padding: '10', shadow: { color: '#000000', opacity: 0.08, blur: 3 }\" data-lightview-title=\"03_08_jovem_holanda\"><img loading=\"lazy\" decoding=\"async\" class=\"size-full wp-image-985 alignleft\" title=\"03_08_jovem_holanda\" src=\"http:\/\/ultimato.com.br\/sites\/jovem\/files\/2011\/08\/03_08_jovem_holanda.jpg\" alt=\"\" width=\"346\" height=\"194\" srcset=\"https:\/\/ultimato.com.br\/sites\/jovem\/files\/2011\/08\/03_08_jovem_holanda.jpg 432w, https:\/\/ultimato.com.br\/sites\/jovem\/files\/2011\/08\/03_08_jovem_holanda-300x168.jpg 300w, https:\/\/ultimato.com.br\/sites\/jovem\/files\/2011\/08\/03_08_jovem_holanda-150x84.jpg 150w\" sizes=\"auto, (max-width: 346px) 100vw, 346px\" \/><\/a>Saudade: \u00f4 palavra gostosa de se dizer aos quatro cantos! H\u00e1 uma semana estou longe do meu pa\u00eds, l\u00edngua e atividades. Hoje, ao sentar em meu quarto para escrever, fico olhando a paisagem \u2013 que \u00e9 linda! \u2013 e medito sobre como \u00e9 fant\u00e1stica a diversidade de pessoas, ra\u00e7as, culturas, costumes&#8230; e a simplicidade do ser \u201cHUMANO\u201d. Essa viagem tem me mostrado um outro mundo onde tudo, ou praticamente tudo, \u00e9 poss\u00edvel. Quando tenho essas percep\u00e7\u00f5es ao meu redor, lembro das exorta\u00e7\u00f5es sempre firmes e convictas de Paulo em suas viagens, bem direcionadas exatamente por essa gama enorme de diferen\u00e7as.<!--more--><\/p>\n<p>Vivemos em tr\u00e2nsito, cruzando com diferentes pessoas o tempo todo.  Essa experi\u00eancia tem sido \u00fanica e porqu\u00ea compartilhar aqui e com cada um de voc\u00eas que est\u00e3o longe ou perto, que me conhecem ou n\u00e3o? Pelo simples fato de querer registrar que ao redor do mundo existem PESSOAS. Achou estranho? Isso mesmo: pessoas sens\u00edveis, confusas, engra\u00e7adas, hospitaleiras, interessadas, descoladas, elegantes, sofisticadas, em busca de algo que verdadeiramente as preencha.<\/p>\n<p>Ter\u00edamos n\u00f3s, crist\u00e3os, perdido a sensibilidade frente a maior car\u00eancia do ser humano? Ao viajar, Paulo sempre levava consigo um objetivo nobre, maior. Teria eu esse mesmo objetivo, mais do que dentro de minha mochila, dentro do meu cora\u00e7\u00e3o? Aprendi que fomos chamados para fazer diferen\u00e7a; ser\u00edamos n\u00f3s apenas diferentes?<\/p>\n<p>Antes de desembarcar e vir para a fazenda onde estou hospedado, algo interessante aconteceu: a fam\u00edlia que me recebe fez algumas perguntas a meu respeito e uma delas foi qual minha profiss\u00e3o no Brasil. Ao mencionar que era um mission\u00e1rio, logo ligaram minha pessoa a de um religioso. Diante dessa expectativa, faria eu diferen\u00e7a? Nesse primeiro momento, algo muito simples aconteceu: na primeira refei\u00e7\u00e3o juntos, a dona da casa me perguntou se eu podia orar. Seria s\u00f3 uma gentileza por parte deles? Queriam me agradar? Por que essas perguntas surgem? Seria eu um <strong>religioso<\/strong>? N\u00c3O! O pedido se repete a cada refei\u00e7\u00e3o e, a cada refei\u00e7\u00e3o, esse momento singelo se torna \u00fanico. Espero que essa viagem e esse pequeno relato mostre que a sua ora\u00e7\u00e3o pode transformar, impactar, <strong>mesmo<\/strong>!<\/p>\n<p>__________<\/p>\n<p><strong>Jeverton \u201cMagr\u00e3o\u201d Ledo<\/strong> \u00e9 mission\u00e1rio, autor de \u201cMinha Escolha Profissional \u2014 o que Deus tem a ver com isso?\u201d (Editora Vida).<\/p>\n<p><a href=\"jeverton.ledo@gmail.com\" target=\"_blank\">jeverton.ledo@gmail.com<\/a><\/p>\n","protected":false},"excerpt":{"rendered":"<p>Saudade: \u00f4 palavra gostosa de se dizer aos quatro cantos! H\u00e1 uma semana estou longe do meu pa\u00eds, l\u00edngua e atividades. Hoje, ao sentar em meu quarto para escrever, fico olhando a paisagem \u2013 que \u00e9 linda! \u2013 e medito sobre como \u00e9 fant\u00e1stica a diversidade de pessoas, ra\u00e7as, culturas, costumes&#8230; e a simplicidade do [&hellip;]<\/p>\n","protected":false},"author":2,"featured_media":0,"comment_status":"open","ping_status":"open","sticky":false,"template":"","format":"standard","meta":{"ngg_post_thumbnail":0,"footnotes":""},"categories":[6054],"tags":[],"class_list":["post-984","post","type-post","status-publish","format-standard","hentry","category-textos"],"_links":{"self":[{"href":"https:\/\/ultimato.com.br\/sites\/jovem\/wp-json\/wp\/v2\/posts\/984","targetHints":{"allow":["GET"]}}],"collection":[{"href":"https:\/\/ultimato.com.br\/sites\/jovem\/wp-json\/wp\/v2\/posts"}],"about":[{"href":"https:\/\/ultimato.com.br\/sites\/jovem\/wp-json\/wp\/v2\/types\/post"}],"author":[{"embeddable":true,"href":"https:\/\/ultimato.com.br\/sites\/jovem\/wp-json\/wp\/v2\/users\/2"}],"replies":[{"embeddable":true,"href":"https:\/\/ultimato.com.br\/sites\/jovem\/wp-json\/wp\/v2\/comments?post=984"}],"version-history":[{"count":3,"href":"https:\/\/ultimato.com.br\/sites\/jovem\/wp-json\/wp\/v2\/posts\/984\/revisions"}],"predecessor-version":[{"id":990,"href":"https:\/\/ultimato.com.br\/sites\/jovem\/wp-json\/wp\/v2\/posts\/984\/revisions\/990"}],"wp:attachment":[{"href":"https:\/\/ultimato.com.br\/sites\/jovem\/wp-json\/wp\/v2\/media?parent=984"}],"wp:term":[{"taxonomy":"category","embeddable":true,"href":"https:\/\/ultimato.com.br\/sites\/jovem\/wp-json\/wp\/v2\/categories?post=984"},{"taxonomy":"post_tag","embeddable":true,"href":"https:\/\/ultimato.com.br\/sites\/jovem\/wp-json\/wp\/v2\/tags?post=984"}],"curies":[{"name":"wp","href":"https:\/\/api.w.org\/{rel}","templated":true}]}}