{"id":9758,"date":"2026-04-28T15:39:41","date_gmt":"2026-04-28T18:39:41","guid":{"rendered":"https:\/\/ultimato.com.br\/sites\/jovem\/?p=9758"},"modified":"2026-04-28T15:55:05","modified_gmt":"2026-04-28T18:55:05","slug":"a-providencia-divina-na-vocacao","status":"publish","type":"post","link":"https:\/\/ultimato.com.br\/sites\/jovem\/2026\/04\/28\/a-providencia-divina-na-vocacao\/","title":{"rendered":"A provid\u00eancia divina na voca\u00e7\u00e3o"},"content":{"rendered":"<blockquote><p>\u201cSer\u00e1 que minhas escolhas est\u00e3o de acordo com os planos de Deus?\u201d<\/p><\/blockquote>\n<p><span style=\"color: #808000;\"><strong>Por Ricardo Murtada<\/strong><\/span><\/p>\n<p><img loading=\"lazy\" decoding=\"async\" class=\"alignright wp-image-9759 size-medium\" title=\"Unsplash\" src=\"https:\/\/ultimato.com.br\/sites\/jovem\/files\/2026\/04\/blog_jovem_28-04-26_providencia-300x222.jpg\" alt=\"\" width=\"300\" height=\"222\" srcset=\"https:\/\/ultimato.com.br\/sites\/jovem\/files\/2026\/04\/blog_jovem_28-04-26_providencia-300x222.jpg 300w, https:\/\/ultimato.com.br\/sites\/jovem\/files\/2026\/04\/blog_jovem_28-04-26_providencia.jpg 500w\" sizes=\"auto, (max-width: 300px) 100vw, 300px\" \/>Se existe uma preocupa\u00e7\u00e3o que ronda muitos crist\u00e3os ao pensar em estudos, trabalho e vida na igreja, \u00e9 a voca\u00e7\u00e3o. Jovens se perguntam se suas escolhas, como um curso universit\u00e1rio, est\u00e3o de acordo com o <a href=\"https:\/\/loja.ultimato.com.br\/livros\/vocacao\">chamado de Deus<\/a> para sua vida. Mas, tamb\u00e9m, adultos maduros, em alguns momentos, se questionam se seu trabalho, ou at\u00e9 mesmo toda a sua jornada, est\u00e3o alinhados com a sua voca\u00e7\u00e3o.<\/p>\n<p>Compreender a voca\u00e7\u00e3o passa, muitas vezes, pelo esfor\u00e7o de alinhar nossas expectativas com aquilo que imaginamos ser a vontade de Deus para nossa vida: \u201cSer\u00e1 que minhas escolhas est\u00e3o de acordo com os planos de Deus?\u201d.<\/p>\n<p>E algumas pessoas, descontentes com determinadas escolhas, subentendem que elas n\u00e3o refletem o chamado de Deus para sua vida. No meio de tudo isso parece haver muita confus\u00e3o.<\/p>\n<p>Vou contar um pouco da minha experi\u00eancia e como tenho encarado minha <a href=\"https:\/\/loja.ultimato.com.br\/livros\/vocacao\">voca\u00e7\u00e3o<\/a> \u2013 apesar de ser algo particular e de n\u00e3o oferecer respostas para d\u00favidas e ang\u00fastias, espero que possa ajudar a refletir sobre esse tema.<\/p>\n<p>Quem me conhece sabe que reconhe\u00e7o ser vocacionado para o trabalho como professor. Atuo profissionalmente como professor h\u00e1 quinze anos, e muitas vezes as atividades com as quais me envolvi na igreja estiveram relacionadas \u00e0 \u00e1rea do ensino. Mas, se no in\u00edcio da adolesc\u00eancia me perguntassem se eu me sentia chamado para ser um professor, a minha resposta seria um grande n\u00e3o!<\/p>\n<p>Tornei-me professor a convite de uma amiga, logo ap\u00f3s minha primeira forma\u00e7\u00e3o acad\u00eamica \u2013 seguran\u00e7a do trabalho. No in\u00edcio da minha jornada, apaixonei-me pela tarefa de educar. O jovem Ricardo que detestava apresentar trabalhos na frente da turma se assustaria ao saber que se tornaria professor. Por\u00e9m, ensinar fazia meus olhos brilharem. Tamb\u00e9m fui descobrindo que n\u00e3o s\u00e3o s\u00f3 de bons momentos se faz a vida de um professor, que muitas dificuldades apareceram ao longo do caminho. Essas dificuldades me mostraram que eu precisava melhorar e crescer para poder cumprir a tarefa de ensinar.<\/p>\n<p>Minha vida foi se encaminhando para a \u00e1rea da educa\u00e7\u00e3o tamb\u00e9m no contexto da igreja. Atuei na maioria dos minist\u00e9rios da igreja local (at\u00e9 na \u00e1rea de m\u00fasica, em que ficou claro que n\u00e3o nasci para ser cantor) e em todos eles, de alguma maneira, o ensino era n\u00e3o apenas o que fazia meus olhos brilharem, mas tamb\u00e9m aquilo para o que os irm\u00e3os que estavam \u00e0 minha volta me incentivavam.<\/p>\n<p>Mas o que tudo isso tem a ver com a minha compreens\u00e3o de voca\u00e7\u00e3o?<\/p>\n<p>A descoberta da tarefa de ensino veio junto com a compreens\u00e3o de que a provid\u00eancia divina encaminha nossa vida, mesmo que n\u00e3o estejamos atentos a isso. Nossa voca\u00e7\u00e3o n\u00e3o est\u00e1 restrita a nossa percep\u00e7\u00e3o pessoal, mas, muitas vezes, as pessoas ao nosso redor v\u00e3o enxergar certas caracter\u00edsticas e at\u00e9 nos incentivar para seguirmos determinadas jornadas. A voca\u00e7\u00e3o \u00e9 feita de diversas escolhas, e muitas delas v\u00eam acompanhadas de dificuldades e ang\u00fastias. Logo, o <a href=\"https:\/\/loja.ultimato.com.br\/livros\/vocacao\">caminho da voca\u00e7\u00e3o<\/a> n\u00e3o \u00e9 feito apenas de plenos e bons momentos, e h\u00e1 pessoas que se sentem frustradas com sua pr\u00f3pria voca\u00e7\u00e3o. A voca\u00e7\u00e3o de cada um colabora para o bem da igreja e para a promo\u00e7\u00e3o do evangelho. E, como um bom adepto da tradi\u00e7\u00e3o kuyperiana, compreendo por meio dela que Cristo brilha no escrit\u00f3rio, na obra, no ch\u00e3o de f\u00e1brica.<\/p>\n<p>Por fim, e mais importante, ser vocacionado exige o esfor\u00e7o de confiar na gra\u00e7a e na provid\u00eancia divina e de lembrar que, mesmo nos momentos mais frustrantes e dif\u00edceis, \u00e9 Cristo quem nos sustenta e, por isso, sustenta a nossa voca\u00e7\u00e3o.<\/p>\n<ul>\n<li>Ricardo Murtada, consultor educacional e de treinamentos, \u00e9 professor do curso de seguran\u00e7a do trabalho e respons\u00e1vel pelo projeto Filosofia Completa e Descomplicada. Ricardo participa do Programa Amigos da Ultimato. @ricardomurtada.<\/li>\n<\/ul>\n<p>&nbsp;<\/p>\n<h6>Imagem: <a href=\"https:\/\/unsplash.com\/photos\/pair-of-black-sneakers-1E1J2qGB0G8\">Unsplash<\/a>.<\/h6>\n<h6>Leia mais:<\/h6>\n<h6>\u00bb\u00a0<a href=\"https:\/\/www.ultimato.com.br\/conteudo\/viver-a-vocacao-valida-a-vida#vocacao\">Viver a voca\u00e7\u00e3o valida a vida<\/a>, Christian Gillis<\/h6>\n<h6>\u00bb <a href=\"https:\/\/www.ultimato.com.br\/conteudo\/juventude-e-vocacao-uma-jornada-aberta-para-deus#vocacao\">Juventude e voca\u00e7\u00e3o: uma jornada aberta para Deus<\/a>, Liss\u00e2nder Dias do Amaral<\/h6>\n<h6>\u00bb <a href=\"https:\/\/loja.ultimato.com.br\/livros\/vocacao\">Voca\u00e7\u00e3o \u2013 Perspectivas b\u00edblicas e teol\u00f3gicas<\/a>, Kl\u00e9os Magalh\u00e3es Lenz C\u00e9sar<\/h6>\n","protected":false},"excerpt":{"rendered":"<p>\u201cSer\u00e1 que minhas escolhas est\u00e3o de acordo com os planos de Deus?\u201d Por Ricardo Murtada Se existe uma preocupa\u00e7\u00e3o que ronda muitos crist\u00e3os ao pensar em estudos, trabalho e vida na igreja, \u00e9 a voca\u00e7\u00e3o. Jovens se perguntam se suas escolhas, como um curso universit\u00e1rio, est\u00e3o de acordo com o chamado de Deus para sua [&hellip;]<\/p>\n","protected":false},"author":19,"featured_media":0,"comment_status":"open","ping_status":"open","sticky":false,"template":"","format":"standard","meta":{"ngg_post_thumbnail":0,"footnotes":""},"categories":[9],"tags":[164,16533],"class_list":["post-9758","post","type-post","status-publish","format-standard","hentry","category-sem-categoria","tag-vida-crista","tag-vocacao"],"_links":{"self":[{"href":"https:\/\/ultimato.com.br\/sites\/jovem\/wp-json\/wp\/v2\/posts\/9758","targetHints":{"allow":["GET"]}}],"collection":[{"href":"https:\/\/ultimato.com.br\/sites\/jovem\/wp-json\/wp\/v2\/posts"}],"about":[{"href":"https:\/\/ultimato.com.br\/sites\/jovem\/wp-json\/wp\/v2\/types\/post"}],"author":[{"embeddable":true,"href":"https:\/\/ultimato.com.br\/sites\/jovem\/wp-json\/wp\/v2\/users\/19"}],"replies":[{"embeddable":true,"href":"https:\/\/ultimato.com.br\/sites\/jovem\/wp-json\/wp\/v2\/comments?post=9758"}],"version-history":[{"count":2,"href":"https:\/\/ultimato.com.br\/sites\/jovem\/wp-json\/wp\/v2\/posts\/9758\/revisions"}],"predecessor-version":[{"id":9762,"href":"https:\/\/ultimato.com.br\/sites\/jovem\/wp-json\/wp\/v2\/posts\/9758\/revisions\/9762"}],"wp:attachment":[{"href":"https:\/\/ultimato.com.br\/sites\/jovem\/wp-json\/wp\/v2\/media?parent=9758"}],"wp:term":[{"taxonomy":"category","embeddable":true,"href":"https:\/\/ultimato.com.br\/sites\/jovem\/wp-json\/wp\/v2\/categories?post=9758"},{"taxonomy":"post_tag","embeddable":true,"href":"https:\/\/ultimato.com.br\/sites\/jovem\/wp-json\/wp\/v2\/tags?post=9758"}],"curies":[{"name":"wp","href":"https:\/\/api.w.org\/{rel}","templated":true}]}}