{"id":9653,"date":"2025-09-10T14:30:56","date_gmt":"2025-09-10T17:30:56","guid":{"rendered":"https:\/\/ultimato.com.br\/sites\/jovem\/?p=9653"},"modified":"2026-02-09T14:56:18","modified_gmt":"2026-02-09T17:56:18","slug":"um-convite-ao-choro","status":"publish","type":"post","link":"https:\/\/ultimato.com.br\/sites\/jovem\/2025\/09\/10\/um-convite-ao-choro\/","title":{"rendered":"Um convite ao choro"},"content":{"rendered":"<p><img loading=\"lazy\" decoding=\"async\" class=\"alignright size-full wp-image-9654\" src=\"https:\/\/ultimato.com.br\/sites\/jovem\/files\/2025\/09\/girl-9703141.jpg\" alt=\"\" width=\"233\" height=\"350\" srcset=\"https:\/\/ultimato.com.br\/sites\/jovem\/files\/2025\/09\/girl-9703141.jpg 233w, https:\/\/ultimato.com.br\/sites\/jovem\/files\/2025\/09\/girl-9703141-200x300.jpg 200w\" sizes=\"auto, (max-width: 233px) 100vw, 233px\" \/>O m\u00eas de setembro \u00e9 marcado por campanhas relacionadas \u00e0 sa\u00fade mental. Em 2025 n\u00e3o deveria mais ser necess\u00e1rio pontuar o qu\u00e3o relevante e necess\u00e1ria \u00e9 essa\u00a0pauta, inclusive, e ouso dizer &#8211; principalmente, no meio crist\u00e3o.<\/p>\n<p>Romanos 12:15 diz: \u201cAlegrem-se com os que se alegram; chorem com os que choram\u201d. J\u00e1 ouvi algumas vezes que \u00e9 muito mais f\u00e1cil chorar com os que chora do que se alegrar com os que se alegram, mas entendo que as duas posturas apresentam suas dificuldades, e \u00e9 por isso que temos esse chamado de Paulo nas Escrituras.<\/p>\n<p>O que devemos de fato nos perguntar \u00e9: qual o motivo do nosso choro?<\/p>\n<p><a href=\"https:\/\/loja.ultimato.com.br\/livros\/pensamentos-transformados-emocoes-redimidas\">In\u00fameras dores e sofrimentos nos atravessam neste mundo ca\u00eddo, marcado pelo pecado.<\/a> Alguns choram por saudades de um familiar que j\u00e1 foi promovido aos C\u00e9us, outros choram porque se encontram desesperados com quest\u00f5es financeiras, h\u00e1 o choro de lamento pelas desilus\u00f5es e mudan\u00e7as bruscas da vida, entre tantas outras.<\/p>\n<p>Mas aqui, n\u00e3o quero focar em quem chora por um motivo, quero me deter sobre a \u00faltima vez que choramos com um irm\u00e3o ou irm\u00e3. E n\u00e3o aquelas l\u00e1grimas por se tratar de uma hist\u00f3ria triste, mas porque a dor do outro \u00e9 t\u00e3o real que ela nos deixa sem palavras e a \u00fanica coisa poss\u00edvel a ser feita \u00e9 chorar.<\/p>\n<p>Saiba, essas l\u00e1grimas podem ser poderosas, n\u00e3o porque solucionar\u00e3o a situa\u00e7\u00e3o, mas porque a outra pessoa poder\u00e1 se sentir vista, validada e acolhida em suas dores.<\/p>\n<p>\u201cCarreguem o fardo uns dos outros\u201d (G\u00e1latas 6:2), \u201cChorem com os que choram\u201d (Romanos 12:15) \u2013 esses s\u00e3o os comandos b\u00edblicos. Estejamos presentes em mensagens, caf\u00e9s, ora\u00e7\u00e3o, e principalmente em l\u00e1grimas. Jesus chorou (Jo\u00e3o 11:35). Imitemos seu exemplo.<\/p>\n<p>Nesse setembro amarelo, proponho um convite ao choro, com<a href=\"https:\/\/loja.ultimato.com.br\/livros\/pensamentos-transformados-emocoes-redimidas\"> gotas que reguem cora\u00e7\u00f5es fracos com esperan\u00e7a de que um dia Ele enxugar\u00e1 toda l\u00e1grima<\/a> (Apocalipse 21:4).<\/p>\n<p><a href=\"https:\/\/loja.ultimato.com.br\/livros\/pensamentos-transformados-emocoes-redimidas\"><img loading=\"lazy\" decoding=\"async\" class=\"alignright wp-image-9168 size-full\" src=\"https:\/\/ultimato.com.br\/sites\/jovem\/files\/2022\/08\/toposite_pter.jpg\" alt=\"\" width=\"1600\" height=\"200\" srcset=\"https:\/\/ultimato.com.br\/sites\/jovem\/files\/2022\/08\/toposite_pter.jpg 1600w, https:\/\/ultimato.com.br\/sites\/jovem\/files\/2022\/08\/toposite_pter-300x38.jpg 300w, https:\/\/ultimato.com.br\/sites\/jovem\/files\/2022\/08\/toposite_pter-1024x128.jpg 1024w, https:\/\/ultimato.com.br\/sites\/jovem\/files\/2022\/08\/toposite_pter-768x96.jpg 768w, https:\/\/ultimato.com.br\/sites\/jovem\/files\/2022\/08\/toposite_pter-1536x192.jpg 1536w, https:\/\/ultimato.com.br\/sites\/jovem\/files\/2022\/08\/toposite_pter-732x92.jpg 732w, https:\/\/ultimato.com.br\/sites\/jovem\/files\/2022\/08\/toposite_pter-1140x143.jpg 1140w\" sizes=\"auto, (max-width: 1600px) 100vw, 1600px\" \/><\/a><\/p>\n<ul>\n<li><b>Talita Ra\u00edssa, <\/b>filha amada de Deus, filha do Rev. Luiz Fernando Dos Santos (in memoriam) e Regina. Advogada e pesquisadora. Compartilha reflex\u00f5es sobre a caminhada com Cristo no perfil @aqmve (Aquele que me v\u00ea) no Instagram.<\/li>\n<\/ul>\n<p>Imagem: <a href=\"https:\/\/pixabay.com\/photos\/girl-face-cry-crying-9703141\/\">Pixabay<\/a><\/p>\n<p><strong>Saiba mais:<\/strong><br \/>\n<a href=\"https:\/\/loja.ultimato.com.br\/categorias\/explore\/assine-a-revista\">Assine Ultimato<\/a><\/p>\n","protected":false},"excerpt":{"rendered":"<p>O m\u00eas de setembro \u00e9 marcado por campanhas relacionadas \u00e0 sa\u00fade mental. Em 2025 n\u00e3o deveria mais ser necess\u00e1rio pontuar o qu\u00e3o relevante e necess\u00e1ria \u00e9 essa\u00a0pauta, inclusive, e ouso dizer &#8211; principalmente, no meio crist\u00e3o. Romanos 12:15 diz: \u201cAlegrem-se com os que se alegram; chorem com os que choram\u201d. J\u00e1 ouvi algumas vezes que [&hellip;]<\/p>\n","protected":false},"author":19,"featured_media":0,"comment_status":"open","ping_status":"open","sticky":false,"template":"","format":"standard","meta":{"ngg_post_thumbnail":0,"footnotes":""},"categories":[45458,6054],"tags":[],"class_list":["post-9653","post","type-post","status-publish","format-standard","hentry","category-reflexao","category-textos"],"_links":{"self":[{"href":"https:\/\/ultimato.com.br\/sites\/jovem\/wp-json\/wp\/v2\/posts\/9653","targetHints":{"allow":["GET"]}}],"collection":[{"href":"https:\/\/ultimato.com.br\/sites\/jovem\/wp-json\/wp\/v2\/posts"}],"about":[{"href":"https:\/\/ultimato.com.br\/sites\/jovem\/wp-json\/wp\/v2\/types\/post"}],"author":[{"embeddable":true,"href":"https:\/\/ultimato.com.br\/sites\/jovem\/wp-json\/wp\/v2\/users\/19"}],"replies":[{"embeddable":true,"href":"https:\/\/ultimato.com.br\/sites\/jovem\/wp-json\/wp\/v2\/comments?post=9653"}],"version-history":[{"count":4,"href":"https:\/\/ultimato.com.br\/sites\/jovem\/wp-json\/wp\/v2\/posts\/9653\/revisions"}],"predecessor-version":[{"id":9660,"href":"https:\/\/ultimato.com.br\/sites\/jovem\/wp-json\/wp\/v2\/posts\/9653\/revisions\/9660"}],"wp:attachment":[{"href":"https:\/\/ultimato.com.br\/sites\/jovem\/wp-json\/wp\/v2\/media?parent=9653"}],"wp:term":[{"taxonomy":"category","embeddable":true,"href":"https:\/\/ultimato.com.br\/sites\/jovem\/wp-json\/wp\/v2\/categories?post=9653"},{"taxonomy":"post_tag","embeddable":true,"href":"https:\/\/ultimato.com.br\/sites\/jovem\/wp-json\/wp\/v2\/tags?post=9653"}],"curies":[{"name":"wp","href":"https:\/\/api.w.org\/{rel}","templated":true}]}}