{"id":964,"date":"2011-07-27T12:11:05","date_gmt":"2011-07-27T15:11:05","guid":{"rendered":"http:\/\/ultimato.com.br\/sites\/jovem\/?p=964"},"modified":"2011-08-03T15:54:04","modified_gmt":"2011-08-03T18:54:04","slug":"missoes-estudantis-evangelicas-do-mundo-todo-se-reunem-na-polonia","status":"publish","type":"post","link":"https:\/\/ultimato.com.br\/sites\/jovem\/2011\/07\/27\/missoes-estudantis-evangelicas-do-mundo-todo-se-reunem-na-polonia\/","title":{"rendered":"ABU em assembleia na Pol\u00f4nia"},"content":{"rendered":"<p><strong>Miss\u00f5es estudantis evang\u00e9licas do mundo todo est\u00e3o reunidas. Doze\u00a0brasileiros participam da confer\u00eancia em Crac\u00f3via<\/strong><\/p>\n<div id=\"attachment_965\" style=\"width: 458px\" class=\"wp-caption aligncenter\"><strong><a href=\"http:\/\/ultimato.com.br\/sites\/jovem\/files\/2011\/07\/27_07_jovem_ifesworldassembly.jpg\" class=\"lightview\" data-lightview-group=\"group-964\" data-lightview-options=\"skin: 'dark', controls: 'relative', padding: '10', shadow: { color: '#000000', opacity: 0.08, blur: 3 }\" data-lightview-title=\"27_07_jovem_ifesworldassembly\"><img loading=\"lazy\" decoding=\"async\" aria-describedby=\"caption-attachment-965\" class=\"size-full wp-image-965\" title=\"27_07_jovem_ifesworldassembly\" src=\"http:\/\/ultimato.com.br\/sites\/jovem\/files\/2011\/07\/27_07_jovem_ifesworldassembly.jpg\" alt=\"\" width=\"448\" height=\"329\" srcset=\"https:\/\/ultimato.com.br\/sites\/jovem\/files\/2011\/07\/27_07_jovem_ifesworldassembly.jpg 448w, https:\/\/ultimato.com.br\/sites\/jovem\/files\/2011\/07\/27_07_jovem_ifesworldassembly-300x220.jpg 300w, https:\/\/ultimato.com.br\/sites\/jovem\/files\/2011\/07\/27_07_jovem_ifesworldassembly-150x110.jpg 150w\" sizes=\"auto, (max-width: 448px) 100vw, 448px\" \/><\/a><\/strong><p id=\"caption-attachment-965\" class=\"wp-caption-text\">Estudantes sul-africanos vestindo orgulhosamente a camiseta &quot;Pedras Vivas&quot;, tema de campanha da IFES<\/p><\/div>\n<p>&nbsp;<\/p>\n<p><strong> <\/strong><\/p>\n<p>\u201cJesus Cristo: Senhor do Universo, Senhor da Universidade\u201d \u00e9 o tema da <a href=\"http:\/\/www.ifesworld.org\/worldassembly\" target=\"_blank\">Assembleia Mundial da Comunidade Internacional de Estudantes Evang\u00e9licos<\/a> (<a href=\"http:\/\/www.ifesworld.org\/\" target=\"_blank\">IFES<\/a>, sigla em ingl\u00eas), que recebe dos dias 26 de julho a 3 de agosto cerca de 750 estudantes, obreiros e profissionais de mais de 150 pa\u00edses.<!--more--><\/p>\n<p>A Assembleia ocorre a cada quatro anos e \u00e9 o principal evento da IFES, em que participam movimentos estudantis evang\u00e9licos filiados de todo o mundo. Em 2011, o movimento estudantil polon\u00eas \u00e9 o anfitri\u00e3o do evento e as plen\u00e1rias ocorrem no audit\u00f3rio Universidade de Jagiellonian em Crac\u00f3via, cidade ao sul do pa\u00eds. A programa\u00e7\u00e3o inclui momentos de adora\u00e7\u00e3o, ora\u00e7\u00e3o, estudo b\u00edblico, palestras, f\u00f3runs e plen\u00e1rias.\u00a0&#8220;A Assembleia Mundial \u00e9, de muitas maneiras, muito mais que uma confer\u00eancia; \u00e9 uma reuni\u00e3o familiar. \u00c9 uma oportunidade de ser inspirado pelo que Deus est\u00e1 fazendo e por nosso chamado a levar o evangelho a cada universidade do mundo&#8221;, compartilha Daniel Bourdann\u00e9, secret\u00e1rio geral da IFES.<\/p>\n<p>A delega\u00e7\u00e3o da <a href=\"http:\/\/www.abub.org.br\/\" target=\"_blank\">Alian\u00e7a B\u00edblica Universit\u00e1ria do Brasil<\/a> \u00e9 composta por seis estudantes de gradua\u00e7\u00e3o, um estudante do ensino m\u00e9dio, dois profissionais e tr\u00eas obreiros. Os estudantes participaram de uma pr\u00e9-confer\u00eancia, tr\u00eas dias antes do in\u00edcio da Assembleia.\u00a0\u201cTer a oportunidade de participar da Assembleia Mundial \u00e9 singular, espero ampliar minha vis\u00e3o sobre miss\u00e3o, conhecer realidade de outras miss\u00f5es estudantis e aprender com eles. Espero trazer uma nova vis\u00e3o, um cora\u00e7\u00e3o mais disposto e muitas experi\u00eancias para compartilhar\u201d, T\u00e1lyta H\u00e9nya, estudante de administra\u00e7\u00e3o da Universidade Estadual do Maranh\u00e3o (UEMA), da Alian\u00e7a B\u00edblica Universit\u00e1ria de Imperatriz (MA).<\/p>\n<p>A coordena\u00e7\u00e3o do evento compartilha um pedido de ora\u00e7\u00e3o: &#8220;Por favor, orem para que a Assembleia Mundial seja um evento significativo, em que os participantes ou\u00e7am a voz de Deus, sejam animados a escutar os testemunhos de Sua obra e a responder ao Seu chamado&#8221;.<br \/>\n<a href=\"http:\/\/player.vimeo.com\/video\/16933163?autoplay=1\" data-lightview-title=\"This is IFES\" data-lightview-options=\"width: 500, height: 281, skin: 'dark', controls: 'relative', padding: '10', shadow: { color: '#000000', opacity: 0.08, blur: 3 }\" class=\"lightview\" data-lightview-type=\"iframe\"><span class=\"plus_previewimage\" style=\"width:300px;\"><img src=\"https:\/\/i.vimeocdn.com\/video\/104451177-50a090d9d78926461da0a8ab489ca7f72ec632293bce2272211691694ee10557-d_640?region=us\" width=\"300\" height=\"168\" alt=\"\" \/><span class=\"plus_playbutton\" style=\"left: 100px; top: 59px;\"> \u25b6 <\/span><\/span><\/a><br \/>\n<!-- generated by WordPress Plugin Lightview Plus 3.1.3 -->\n<\/p>\n<p><a \nPara saber mais novidades a respeito da Assembleia, visite os sites: <a href=\"www.facebook.com\/abu.brasil\" target=\"_blank\">www.facebook.com\/abu.brasil<\/a> ou <a href=\"www.ifesworld.org\/worldassembly\" target=\"_blank\">www.ifesworld.org\/worldassembly<\/a><\/p>\n<p>__________<\/p>\n<p><strong><a href=\"http:\/\/twitter.com\/#!\/amaralgi\" target=\"_blank\">Giovanna Amaral<\/a><\/strong> \u00e9 assessora de Comunica\u00e7\u00e3o da\u00a0<a href=\"http:\/\/twitter.com\/#!\/acompanheabub\" target=\"_blank\">Alian\u00e7a B\u00edblica Universit\u00e1ria do Brasil<\/a>.<\/p>\n","protected":false},"excerpt":{"rendered":"<p>Miss\u00f5es estudantis evang\u00e9licas do mundo todo est\u00e3o reunidas. Doze\u00a0brasileiros participam da confer\u00eancia em Crac\u00f3via &nbsp; \u201cJesus Cristo: Senhor do Universo, Senhor da Universidade\u201d \u00e9 o tema da Assembleia Mundial da Comunidade Internacional de Estudantes Evang\u00e9licos (IFES, sigla em ingl\u00eas), que recebe dos dias 26 de julho a 3 de agosto cerca de 750 estudantes, obreiros [&hellip;]<\/p>\n","protected":false},"author":19,"featured_media":0,"comment_status":"open","ping_status":"open","sticky":false,"template":"","format":"standard","meta":{"ngg_post_thumbnail":0,"footnotes":""},"categories":[7],"tags":[],"class_list":["post-964","post","type-post","status-publish","format-standard","hentry","category-noticias"],"_links":{"self":[{"href":"https:\/\/ultimato.com.br\/sites\/jovem\/wp-json\/wp\/v2\/posts\/964","targetHints":{"allow":["GET"]}}],"collection":[{"href":"https:\/\/ultimato.com.br\/sites\/jovem\/wp-json\/wp\/v2\/posts"}],"about":[{"href":"https:\/\/ultimato.com.br\/sites\/jovem\/wp-json\/wp\/v2\/types\/post"}],"author":[{"embeddable":true,"href":"https:\/\/ultimato.com.br\/sites\/jovem\/wp-json\/wp\/v2\/users\/19"}],"replies":[{"embeddable":true,"href":"https:\/\/ultimato.com.br\/sites\/jovem\/wp-json\/wp\/v2\/comments?post=964"}],"version-history":[{"count":7,"href":"https:\/\/ultimato.com.br\/sites\/jovem\/wp-json\/wp\/v2\/posts\/964\/revisions"}],"predecessor-version":[{"id":992,"href":"https:\/\/ultimato.com.br\/sites\/jovem\/wp-json\/wp\/v2\/posts\/964\/revisions\/992"}],"wp:attachment":[{"href":"https:\/\/ultimato.com.br\/sites\/jovem\/wp-json\/wp\/v2\/media?parent=964"}],"wp:term":[{"taxonomy":"category","embeddable":true,"href":"https:\/\/ultimato.com.br\/sites\/jovem\/wp-json\/wp\/v2\/categories?post=964"},{"taxonomy":"post_tag","embeddable":true,"href":"https:\/\/ultimato.com.br\/sites\/jovem\/wp-json\/wp\/v2\/tags?post=964"}],"curies":[{"name":"wp","href":"https:\/\/api.w.org\/{rel}","templated":true}]}}