{"id":9601,"date":"2025-05-09T09:43:18","date_gmt":"2025-05-09T12:43:18","guid":{"rendered":"https:\/\/ultimato.com.br\/sites\/jovem\/?p=9601"},"modified":"2025-05-09T09:43:18","modified_gmt":"2025-05-09T12:43:18","slug":"nenhum-lugar-e-todos-os-lugares-ao-mesmo-tempo","status":"publish","type":"post","link":"https:\/\/ultimato.com.br\/sites\/jovem\/2025\/05\/09\/nenhum-lugar-e-todos-os-lugares-ao-mesmo-tempo\/","title":{"rendered":"Nenhum lugar e todos os lugares ao mesmo tempo"},"content":{"rendered":"<blockquote><p>Cresci em constante movimento. Sempre de passagem<\/p><\/blockquote>\n<p><span style=\"color: #808000;\"><strong>Por Rebeca Shammah<\/strong><\/span><\/p>\n<p><span style=\"color: #993300;\"><strong>O Meu Lugar No Mundo<\/strong><\/span><\/p>\n<p><img loading=\"lazy\" decoding=\"async\" class=\"alignright wp-image-9605 size-medium\" src=\"https:\/\/ultimato.com.br\/sites\/jovem\/files\/2025\/05\/blog_jovem_omlm_rebeca_1_topo-300x222.jpg\" alt=\"\" width=\"300\" height=\"222\" srcset=\"https:\/\/ultimato.com.br\/sites\/jovem\/files\/2025\/05\/blog_jovem_omlm_rebeca_1_topo-300x222.jpg 300w, https:\/\/ultimato.com.br\/sites\/jovem\/files\/2025\/05\/blog_jovem_omlm_rebeca_1_topo.jpg 500w\" sizes=\"auto, (max-width: 300px) 100vw, 300px\" \/>O meu lugar no mundo\u2026 Que lugar \u00e9 esse?<\/p>\n<p>Por muito tempo, essa pergunta me assombrou. Eu nunca soube como respond\u00ea-la de verdade.<\/p>\n<p><a href=\"https:\/\/www.ultimato.com.br\/conteudo\/a-garota-da-foto-na-geladeira-os-filhos-de-missionarios-tambem-sao-chamados\">Sou filha de mission\u00e1rio. Minha m\u00e3e atendeu ao chamado de miss\u00f5es quando eu tinha apenas sete anos.<\/a> Ela deixou tudo para tr\u00e1s, e levou somente a mim, sua filha pequenina, para anunciar o Evangelho onde Deus a conduzisse. Vivi em diferentes lugares durante a minha vida, Bol\u00edvia, Senegal, Burkina-Faso, Fran\u00e7a.<\/p>\n<p>E assim cresci, em constante movimento. Sempre de passagem. Sempre indo, mas nunca voltando. Todos os dias aprendi a viver fora da zona de conforto, me adaptar a novos lugares, novas culturas, novas vidas.<\/p>\n<p>Minha casa? Nenhum lugar\u2026 e todos os lugares ao mesmo tempo.<\/p>\n<p>Ao viver assim, \u00e0s vezes fica dif\u00edcil entender qual \u00e9 realmente o nosso lugar.E a pergunta sempre ecoava: <em>de onde vim? Para onde vou?<\/em><\/p>\n<p>Dizem serem as ra\u00edzes que nos sustentam, que nos fazem crescer e florescer naquilo que fomos chamados a ser. Mas, se for assim, ser\u00e1 que talvez eu esteja perdida pelo vasto oceano em movimento?<\/p>\n<p>Por nunca me sentir parte de lugar nenhum, sempre me vi como um barquinho \u00e0 deriva, \u00e0 procura de um porto que me acolhesse e que entendesse at\u00e9 aquelas partes de mim que eu mesma n\u00e3o consigo explicar. Mas de tanto eu ir para lugares t\u00e3o distantes, sentia que nunca poderia encontrar esse porto. Quanto mais eu buscava pertencer, mais percebia que nenhum lugar era suficientemente meu.<\/p>\n<p>E talvez voc\u00ea se pergunte: como algu\u00e9m que nunca se sentiu pertencer a lugar algum, poderia encontrar seu verdadeiro lugar no mundo?<\/p>\n<p>Minha hist\u00f3ria foi tecida de despedidas, recome\u00e7os e constantes reinven\u00e7\u00f5es. Cada partida deixava marcas, cada chegada trazia incertezas. Mas, foi nesse constante ir e vir que fui entendendo que talvez eu n\u00e3o fosse feita para ancorar em terra firme. E que tudo isso n\u00e3o significava que eu estava perdida. Na verdade, eu nunca estive. Pelo contr\u00e1rio, <a href=\"https:\/\/loja.ultimato.com.br\/livros\/o-discipulo\">aquele barquinho fr\u00e1gil, solto no vasto oceano, nunca navegou sozinho, pois nele havia um Capit\u00e3o: Jesus.<\/a> Ele n\u00e3o acalmou todas as \u00e1guas revoltas, mas foi minha \u00e2ncora em meio \u00e0 tempestade. Foi o abrigo quando tudo ao meu redor era transit\u00f3rio, o porto seguro quando o ch\u00e3o parecia desaparecer sob meus p\u00e9s. Ele me mostrou que era Ele quem me guiava. E, mais do que isso, me ensinou a n\u00e3o fixar meus olhos no vento que rasgava as velas ou na f\u00faria da tempestade, mas no prop\u00f3sito por tr\u00e1s de cada experi\u00eancia. Em tudo, Ele estava me moldando, usando minha vida para que Sua obra se realizasse.<\/p>\n<p>E foi assim que entendi qual era o meu lugar no mundo e esse nunca foi um ponto no mapa, nem uma terra que pudesse chamar de minha, mas sim viver para a honra e gl\u00f3ria dele. Seguir o Seu chamado, deixar-me ser conduzida por Sua voz.<\/p>\n<p><img loading=\"lazy\" decoding=\"async\" class=\"alignright wp-image-9562 size-thumbnail\" src=\"https:\/\/ultimato.com.br\/sites\/jovem\/files\/2025\/02\/selo_meulugarnomundo-01-01-150x150.png\" alt=\"\" width=\"150\" height=\"150\" \/>Aprendi que n\u00e3o fomos criados para fincar ra\u00edzes permanentes nesta terra, mas para ir, para anunciar o Evangelho \u00e0queles que ainda precisam ouvir sobre o amor de Deus. E sim, isso exige ren\u00fancia, saudades, despedidas, mas enquanto nossa alma estiver ancorada em Seu amor, nunca estaremos perdidos.<\/p>\n<p>As experi\u00eancias que vivi ao lado da minha m\u00e3e abriram meus olhos para a realidade de um mundo que ainda clama por conhecer Jesus. Percebi o quanto ainda h\u00e1 cora\u00e7\u00f5es sedentos, e como a seara \u00e9 grande e poucos s\u00e3o os ceifeiros. O medo e a incerteza sempre estar\u00e3o por perto. <a href=\"https:\/\/www.ultimato.com.br\/conteudo\/a-garota-da-foto-na-geladeira-os-filhos-de-missionarios-tambem-sao-chamados\">Mas Aquele que nos envia \u00e9 maior que qualquer temor, maior que nossas d\u00favidas, maior que tudo aquilo que tenta nos parar.<\/a> E no fim, tudo vale a pena. Se for por uma vida, se for por uma alma que encontra a verdade, tudo isso faz valer a pena.<\/p>\n<p>Para mim, <a href=\"https:\/\/loja.ultimato.com.br\/livros\/o-discipulo\">cada partida, cada despedida, tudo valeu a pena.<\/a> E em cada perda aparente eu ganhei muito mais. Cada vez que eu vivenciava experi\u00eancias extraordin\u00e1rias no campo mission\u00e1rio onde eu via a gl\u00f3ria de Deus se manifestar atrav\u00e9s das nossas vidas eu tinha a certeza de que foi para isso que fomos chamados. E se minha m\u00e3e n\u00e3o tivesse ido, talvez muitas vidas n\u00e3o teriam conhecido Jesus. Isso arde em mim. Isso me faz querer ir tamb\u00e9m.<\/p>\n<p>Entreguei minha vida para Deus e a obra mission\u00e1ria, porque foi dentro deste sonho que ele me moldou. Decidi que minhas escolhas e decis\u00f5es de vida seriam para honra e gl\u00f3ria do Senhor e \u00e9 por isso que minha profiss\u00e3o eu tamb\u00e9m entreguei para a obra mission\u00e1ria. Atualmente estou no \u00faltimo ano da faculdade, sou mestranda em psicopatologia cl\u00ednica psicanal\u00edtica, um caminho que sei que Deus escolheu. Antes mesmo de come\u00e7ar, <a href=\"https:\/\/loja.ultimato.com.br\/livros\/o-discipulo\">consagrei-me a Ele: seria instrumento em Suas m\u00e3os para alcan\u00e7ar cora\u00e7\u00f5es feridos.<\/a> Deus me mostrou que minha profiss\u00e3o seria uma extens\u00e3o do meu chamado. Que Ele me levaria a lugares onde, com a escuta, com o cuidado, com o olhar, eu poderia ser um canal do Seu amor.<\/p>\n<p>Foi na aus\u00eancia de pertencimento que Deus me revelou que o verdadeiro lar de uma alma mission\u00e1ria n\u00e3o est\u00e1 em um lugar f\u00edsico, mas em viver plenamente no centro da Sua vontade. N\u00e3o perten\u00e7o a nenhum canto desta terra, mas me entrego por completo a todos os lugares onde Ele deseja me usar. Porque meu lar n\u00e3o \u00e9 ch\u00e3o, \u00e9 prop\u00f3sito; n\u00e3o \u00e9 terra, \u00e9 miss\u00e3o.<\/p>\n<p><a href=\"https:\/\/unsplash.com\/pt-br\/fotografias\/uma-pintura-de-um-navio-em-mar-agitado-PdL3E6nvGsY\">Imagem: Museum of New Zealand Te Papa Tongarewa (@tepapa)<\/a><\/p>\n<p><img loading=\"lazy\" decoding=\"async\" class=\"size-full wp-image-9585 aligncenter\" src=\"https:\/\/ultimato.com.br\/sites\/jovem\/files\/2025\/04\/bannerB_o_discipulo.gif\" alt=\"\" width=\"720\" height=\"90\" \/><\/p>\n<p><strong><img loading=\"lazy\" decoding=\"async\" class=\"alignright wp-image-9602 size-thumbnail\" style=\"font-weight: 400;\" src=\"https:\/\/ultimato.com.br\/sites\/jovem\/files\/2025\/05\/blog_jovem_omlm_rebeca_2-150x150.jpg\" alt=\"\" width=\"150\" height=\"150\" \/><\/strong><\/p>\n<p>&nbsp;<\/p>\n<ul>\n<li><strong>Rebeca Shammah<\/strong>, filha de mission\u00e1ria e mestranda em psicopatologia cl\u00ednica psicanal\u00edtica.<\/li>\n<\/ul>\n<p>&nbsp;<\/p>\n<p>&nbsp;<\/p>\n<p>&nbsp;<\/p>\n<hr \/>\n<p><span style=\"color: #808000;\"><strong><img loading=\"lazy\" decoding=\"async\" src=\"\/image\/revistas\/ult_413_capa.gif\" alt=\"\" width=\"152\" height=\"200\" align=\"left\" \/>REVISTA ULTIMATO \u2013 LIVRA-NOS DO MAL <\/strong><\/span><br \/>\nO mal e o Maligno existem. E precisamos recorrer a Deus, o nosso Pai, por prote\u00e7\u00e3o.<\/p>\n<p><a title=\"Edi\u00e7\u00e3o 413\" href=\"https:\/\/www.ultimato.com.br\/revista\/\">O que sabemos sobre o mal?<\/a> A que textos b\u00edblicos recorremos para refletir e falar do assunto? Como o mal nos afeta [e como afetamos outros com o mal] e porque pedimos para sermos livres dele? Por que os crist\u00e3os e a igreja precisam levar esse assunto a s\u00e9rio?<\/p>\n<p>\u00c9 disso que trata a mat\u00e9ria de capa da <a title=\"Edi\u00e7\u00e3o 413\" href=\"https:\/\/www.ultimato.com.br\/revista\/\" target=\"_blank\" rel=\"noopener\">edi\u00e7\u00e3o 413<\/a> da revista <strong>Ultimato<\/strong>. Para assinar, clique <a title=\"Assinatura Revista \" href=\"https:\/\/loja.ultimato.com.br\/categorias\/explore\/assine-a-revista\" target=\"_blank\" rel=\"noopener\"><strong>aqui<\/strong><\/a>.<\/p>\n<hr \/>\n<p><strong>Saiba mais:<\/strong><\/p>\n<p>&gt;<a href=\"https:\/\/loja.ultimato.com.br\/livros\/o-discipulo\"> O Disc\u00edpulo \u2013 Um chamado a cumprir<\/a>, John Stott e Tim Chester<\/p>\n<p>&gt; <a href=\"https:\/\/loja.ultimato.com.br\/revista-ultimato\/revista-ultimato-355\">Voca\u00e7\u00e3o e juventude<\/a>, edi\u00e7\u00e3o 355 de Ultimato<\/p>\n<p>&gt;<a href=\"https:\/\/loja.ultimato.com.br\/livros\/o-proposito-de-deus-e-a-nossa-vocacao\"> O Prop\u00f3sito de Deus e a Nossa Voca\u00e7\u00e3o \u2013 Uma teologia b\u00edblica da miss\u00e3o toda<\/a>, Tim\u00f3teo Carriker<\/p>\n<p>&gt;<a href=\"https:\/\/www.ultimato.com.br\/conteudo\/a-garota-da-foto-na-geladeira-os-filhos-de-missionarios-tambem-sao-chamados\">A garota [da foto] da geladeira \u2013 os filhos dos mission\u00e1rios tamb\u00e9m s\u00e3o chamados\u00a0?<\/a>, por Kl\u00eania Fassoni e Ariane Gomes<\/p>\n","protected":false},"excerpt":{"rendered":"<p>Cresci em constante movimento. Sempre de passagem Por Rebeca Shammah O Meu Lugar No Mundo O meu lugar no mundo\u2026 Que lugar \u00e9 esse? Por muito tempo, essa pergunta me assombrou. Eu nunca soube como respond\u00ea-la de verdade. Sou filha de mission\u00e1rio. Minha m\u00e3e atendeu ao chamado de miss\u00f5es quando eu tinha apenas sete anos. [&hellip;]<\/p>\n","protected":false},"author":19,"featured_media":0,"comment_status":"open","ping_status":"open","sticky":false,"template":"","format":"standard","meta":{"ngg_post_thumbnail":0,"footnotes":""},"categories":[9],"tags":[],"class_list":["post-9601","post","type-post","status-publish","format-standard","hentry","category-sem-categoria"],"_links":{"self":[{"href":"https:\/\/ultimato.com.br\/sites\/jovem\/wp-json\/wp\/v2\/posts\/9601","targetHints":{"allow":["GET"]}}],"collection":[{"href":"https:\/\/ultimato.com.br\/sites\/jovem\/wp-json\/wp\/v2\/posts"}],"about":[{"href":"https:\/\/ultimato.com.br\/sites\/jovem\/wp-json\/wp\/v2\/types\/post"}],"author":[{"embeddable":true,"href":"https:\/\/ultimato.com.br\/sites\/jovem\/wp-json\/wp\/v2\/users\/19"}],"replies":[{"embeddable":true,"href":"https:\/\/ultimato.com.br\/sites\/jovem\/wp-json\/wp\/v2\/comments?post=9601"}],"version-history":[{"count":6,"href":"https:\/\/ultimato.com.br\/sites\/jovem\/wp-json\/wp\/v2\/posts\/9601\/revisions"}],"predecessor-version":[{"id":9609,"href":"https:\/\/ultimato.com.br\/sites\/jovem\/wp-json\/wp\/v2\/posts\/9601\/revisions\/9609"}],"wp:attachment":[{"href":"https:\/\/ultimato.com.br\/sites\/jovem\/wp-json\/wp\/v2\/media?parent=9601"}],"wp:term":[{"taxonomy":"category","embeddable":true,"href":"https:\/\/ultimato.com.br\/sites\/jovem\/wp-json\/wp\/v2\/categories?post=9601"},{"taxonomy":"post_tag","embeddable":true,"href":"https:\/\/ultimato.com.br\/sites\/jovem\/wp-json\/wp\/v2\/tags?post=9601"}],"curies":[{"name":"wp","href":"https:\/\/api.w.org\/{rel}","templated":true}]}}