{"id":9543,"date":"2024-11-06T09:44:04","date_gmt":"2024-11-06T12:44:04","guid":{"rendered":"https:\/\/ultimato.com.br\/sites\/jovem\/?p=9543"},"modified":"2024-11-06T10:19:45","modified_gmt":"2024-11-06T13:19:45","slug":"fechar-os-olhos-e-despertar-contigo","status":"publish","type":"post","link":"https:\/\/ultimato.com.br\/sites\/jovem\/2024\/11\/06\/fechar-os-olhos-e-despertar-contigo\/","title":{"rendered":"Fechar os olhos e despertar contigo"},"content":{"rendered":"<p><span style=\"color: #808000;\"><strong>Por Layla Fischer<\/strong><\/span><\/p>\n<p><img loading=\"lazy\" decoding=\"async\" class=\"alignright size-full wp-image-9544\" src=\"https:\/\/ultimato.com.br\/sites\/jovem\/files\/2024\/11\/blog_jovem_6-11-24_layla-e1730896775943.jpg\" alt=\"\" width=\"350\" height=\"262\" \/>Quais s\u00e3o as principais responsabilidades de algu\u00e9m hoje?<\/p>\n<p>Acordar cedo. Trabalhar ou estudar. Cuidar da sa\u00fade (e do <em>shape)<\/em>. Congregar. Estar com a fam\u00edlia. Dormir 8h por dia. Tomar \u00e1gua. Fazer a devocional. Regar as plantas. Tomar creatina. E \u00f4mega 3. Comer frutas. Acompanhar os grupos no <em>WhatsApp<\/em>. Estar por dentro dos assuntos do momento. Acompanhar o time. Estar em dia com a s\u00e9rie preferida.<\/p>\n<p>Quantas tarefas e objetivos nos acompanham&#8230;<\/p>\n<p>Entre tantos compromissos, erramos e acertamos. Os dias passam e assistem nossa firmeza e nossa inconst\u00e2ncia. E assim seguimos.<\/p>\n<p>Mas eles tamb\u00e9m nos t\u00eam tornado incapazes de assumir um compromisso sobremodo maior. Em meio a tantos \u201c<em>checks<\/em>\u201d a serem postos nas listas de atividades, esquecemos de algo que transcende a tudo isso.<\/p>\n<p>Eu s\u00f3 me lembro dele quando fecho meus olhos. Mas n\u00e3o para dormir. Ou orar.<\/p>\n<p><a href=\"https:\/\/loja.ultimato.com.br\/livros\/o-mundo\">\u00c9 quando fecho meus olhos e imagino todas as pessoas que amo<\/a>.<\/p>\n<p>Alguns amigos, alguns familiares. Colegas de trabalho. As pessoas da rotina. Gente que j\u00e1 passou por essa vida e hoje nem sei por onde anda. Gente querida.<\/p>\n<p>Imagino todos eles. Distantes para sempre da presen\u00e7a do Senhor. Perdidos em sofrimento eterno, buscando respostas que j\u00e1 n\u00e3o podem encontrar.<\/p>\n<p>Quest\u00f5es como: \u201cPor que voc\u00ea nunca me falou do seu Deus?\u201d. \u201cPor que nunca tocou nesse assunto?\u201d.<\/p>\n<p>Consegue imaginar? A afli\u00e7\u00e3o que durar\u00e1 eternamente?<\/p>\n<p>Eles eram seus vizinhos. Parentes que via no fim do ano. Colegas com quem voc\u00ea compartilhava horas do dia. Mas que agora est\u00e3o eternamente distantes.<\/p>\n<p>Abra\u00e7ados pela morte, para todo o sempre.<\/p>\n<p><a href=\"https:\/\/loja.ultimato.com.br\/livros\/o-mundo\"><img loading=\"lazy\" decoding=\"async\" class=\"alignright wp-image-9545 size-full\" src=\"https:\/\/ultimato.com.br\/sites\/jovem\/files\/2024\/11\/bannerB_o_mundo.gif\" alt=\"\" width=\"720\" height=\"90\" \/><\/a><a href=\"https:\/\/loja.ultimato.com.br\/livros\/o-mundo\">N\u00e3o existe responsabilidade mais importante para o crente do que amar verdadeiramente as pessoas<\/a> e permitir que conhe\u00e7am o Cristo que as livrar\u00e1 da aus\u00eancia eterna de si.<\/p>\n<p>Nossos pensamentos precisam ser remetidos \u00e0 realidade da eternidade, que \u00e9 certa e acontecer\u00e1. Nossas muitas tarefas n\u00e3o podem nos tornar esquecidos da nossa maior responsabilidade.<\/p>\n<p><a href=\"https:\/\/loja.ultimato.com.br\/livros\/o-mundo\">O mundo clama<\/a> \u2013 talvez silenciosamente &#8211; por salva\u00e7\u00e3o. A tarefa de proclamar a reden\u00e7\u00e3o em Cristo \u00e9 nossa.<\/p>\n<p>Por\u00e9m, na diversidade dos compromissos, um lembrete tamb\u00e9m nos acompanha: mesmo que falhemos, o Senhor jamais falhar\u00e1 com o Seu compromisso de convencer os cora\u00e7\u00f5es.<\/p>\n<p>Enquanto lan\u00e7amos as sementes do Evangelho, \u00e9 o Senhor quem as faz crescer e frutificar. Podemos descansar em sua const\u00e2ncia e em sua obra completa.<\/p>\n<p>Mesmo em meio a urg\u00eancia de nossa maior responsabilidade, Deus \u00e9 conosco em nossos dias \u2013 os mais tranquilos e os mais atarefados.<\/p>\n<p>E quer nos tornar descansados. N\u00e3o s\u00f3 dos muitos compromissos, que j\u00e1 ter\u00e3o seu fim. Mas descansados nesta certeza: aqueles que s\u00e3o do Senhor, um dia fechar\u00e3o seus olhos para esse mundo. E despertar\u00e3o com ele.<\/p>\n<p>&nbsp;<\/p>\n<ul>\n<li><strong>Layla Fischer<\/strong>, 25 anos, \u00e9 assessora jur\u00eddica, congrega na Igreja Presbiteriana Silva Jardim, em Curitiba, PR, e escreve para o blog Ultimato Jovem desde 2021. <a href=\"https:\/\/www.instagram.com\/laylafischer\/\">@laylafischer<\/a>.<\/li>\n<\/ul>\n<p>&nbsp;<\/p>\n<p><strong>Saiba mais:<\/strong><\/p>\n<p><a href=\"https:\/\/loja.ultimato.com.br\/livros\/o-que-voce-quer\">O Que Voc\u00ea Quer? &#8211; Desejo, ambi\u00e7\u00e3o e f\u00e9 crist\u00e3<\/a>, Jen Pollock Michel<\/p>\n<p><a href=\"https:\/\/loja.ultimato.com.br\/livros\/o-mundo\">O Mundo &#8211; Uma miss\u00e3o a ser cumprida<\/a>, John Stott e Tim Chester<\/p>\n","protected":false},"excerpt":{"rendered":"<p>Por Layla Fischer Quais s\u00e3o as principais responsabilidades de algu\u00e9m hoje? Acordar cedo. Trabalhar ou estudar. Cuidar da sa\u00fade (e do shape). Congregar. Estar com a fam\u00edlia. Dormir 8h por dia. Tomar \u00e1gua. Fazer a devocional. Regar as plantas. Tomar creatina. E \u00f4mega 3. Comer frutas. Acompanhar os grupos no WhatsApp. Estar por dentro dos [&hellip;]<\/p>\n","protected":false},"author":19,"featured_media":0,"comment_status":"open","ping_status":"open","sticky":false,"template":"","format":"standard","meta":{"ngg_post_thumbnail":0,"footnotes":""},"categories":[6054],"tags":[10586,45452,8458],"class_list":["post-9543","post","type-post","status-publish","format-standard","hentry","category-textos","tag-amizade","tag-eternidade","tag-relacionamentos"],"_links":{"self":[{"href":"https:\/\/ultimato.com.br\/sites\/jovem\/wp-json\/wp\/v2\/posts\/9543","targetHints":{"allow":["GET"]}}],"collection":[{"href":"https:\/\/ultimato.com.br\/sites\/jovem\/wp-json\/wp\/v2\/posts"}],"about":[{"href":"https:\/\/ultimato.com.br\/sites\/jovem\/wp-json\/wp\/v2\/types\/post"}],"author":[{"embeddable":true,"href":"https:\/\/ultimato.com.br\/sites\/jovem\/wp-json\/wp\/v2\/users\/19"}],"replies":[{"embeddable":true,"href":"https:\/\/ultimato.com.br\/sites\/jovem\/wp-json\/wp\/v2\/comments?post=9543"}],"version-history":[{"count":5,"href":"https:\/\/ultimato.com.br\/sites\/jovem\/wp-json\/wp\/v2\/posts\/9543\/revisions"}],"predecessor-version":[{"id":9550,"href":"https:\/\/ultimato.com.br\/sites\/jovem\/wp-json\/wp\/v2\/posts\/9543\/revisions\/9550"}],"wp:attachment":[{"href":"https:\/\/ultimato.com.br\/sites\/jovem\/wp-json\/wp\/v2\/media?parent=9543"}],"wp:term":[{"taxonomy":"category","embeddable":true,"href":"https:\/\/ultimato.com.br\/sites\/jovem\/wp-json\/wp\/v2\/categories?post=9543"},{"taxonomy":"post_tag","embeddable":true,"href":"https:\/\/ultimato.com.br\/sites\/jovem\/wp-json\/wp\/v2\/tags?post=9543"}],"curies":[{"name":"wp","href":"https:\/\/api.w.org\/{rel}","templated":true}]}}