{"id":9536,"date":"2024-06-25T09:31:00","date_gmt":"2024-06-25T12:31:00","guid":{"rendered":"https:\/\/ultimato.com.br\/sites\/jovem\/?p=9536"},"modified":"2024-06-25T09:33:37","modified_gmt":"2024-06-25T12:33:37","slug":"queimar-para-florescer","status":"publish","type":"post","link":"https:\/\/ultimato.com.br\/sites\/jovem\/2024\/06\/25\/queimar-para-florescer\/","title":{"rendered":"Queimar para florescer"},"content":{"rendered":"<p><span style=\"color: #808000;\"><strong>Por J\u00falia Oliveira Gomes<\/strong><\/span><\/p>\n<p><em>Quando o ch\u00e3o est\u00e1 coberto de cinzas, o milagre embaixo da terra desperta e o Cerrado ressurge, germina e floresce. \u00c9 um reavivamento natural. Das cinzas ele se ergue.<\/em><\/p>\n<p><strong>\u00a0<\/strong><\/p>\n<p><a href=\"https:\/\/ultimato.com.br\/sites\/jovem\/files\/2024\/06\/blog_jovem_25-6-24_queimar.jpg\" class=\"lightview\" data-lightview-group=\"group-9536\" data-lightview-options=\"skin: 'dark', controls: 'relative', padding: '10', shadow: { color: '#000000', opacity: 0.08, blur: 3 }\" data-lightview-title=\"Pixabay\"><img loading=\"lazy\" decoding=\"async\" class=\"alignright wp-image-9538 size-medium\" title=\"Pixabay\" src=\"https:\/\/ultimato.com.br\/sites\/jovem\/files\/2024\/06\/blog_jovem_25-6-24_queimar-300x200.jpg\" alt=\"\" width=\"300\" height=\"200\" srcset=\"https:\/\/ultimato.com.br\/sites\/jovem\/files\/2024\/06\/blog_jovem_25-6-24_queimar-300x200.jpg 300w, https:\/\/ultimato.com.br\/sites\/jovem\/files\/2024\/06\/blog_jovem_25-6-24_queimar.jpg 700w\" sizes=\"auto, (max-width: 300px) 100vw, 300px\" \/><\/a>O fogo encanta e aterroriza os seres humanos desde os primeiros dias de nossos antepassados. Recordo-me com calor no cora\u00e7\u00e3o das noites de fogueiras nos acampamentos da juventude, como se ali esper\u00e1ssemos o que Deus haveria de fazer em nosso meio, mas com um santo temor de que, como o fogo, \u00e9 preciso atentar, mesmo querendo estar perto, que ele \u00e9 poderoso e maior que n\u00f3s.<\/p>\n<p>&nbsp;<\/p>\n<p>De forma similar, a B\u00edblia discute acerca do fogo. A passagem emblem\u00e1tica de \u00caxodo 3.2 narra o encontro de Mois\u00e9s com Yahweh, simbolizado por chamas que n\u00e3o consumiam; o profeta Isa\u00edas, em sua vis\u00e3o, teve seus l\u00e1bios purificados por brasas para estar na presen\u00e7a de Deus e, ent\u00e3o, p\u00f4de come\u00e7ar seu minist\u00e9rio em nome do Senhor. Ambos os relatos revelam a condi\u00e7\u00e3o do servo (pecador perdoado) e sua voca\u00e7\u00e3o pessoal (libertador e profeta, respectivamente), bem como o car\u00e1ter de Deus, Santo, mas alcan\u00e7\u00e1vel pela Gra\u00e7a.<\/p>\n<p>&nbsp;<\/p>\n<p>Entretanto, quando refletimos sobre a \u00a0rela\u00e7\u00e3o fogo-natureza \u00e9 instintivo pensar que isso n\u00e3o pode dar certo, afinal, fogo queima, consome, destr\u00f3i. Por\u00e9m, numa aula de ecologia na faculdade eu estava prestes a descobrir que com o Cerrado foi diferente. Ao contr\u00e1rio das florestas tropicais da Mata Atl\u00e2ntica e da Amaz\u00f4nia marcadas pelas chuvas e umidade, o Cerrado, de clima seco e quente, se desenvolveu ao longo das eras num ambiente forjado e purificado pelo fogo.\u00b9<\/p>\n<p>&nbsp;<\/p>\n<p>A secura do ambiente combinada ao material combust\u00edvel, como capim, promove o local perfeito para queimadas.\u00b2 Basta uma fagulha e o Cerrado arde em chamas. Ora, isso parece terr\u00edvel! Como a vida p\u00f4de, n\u00e3o s\u00f3 resistir, mas tornar-se t\u00e3o diversa e bela num ambiente hostil? A resposta reside no pr\u00f3prio fogo.<sup>\u00b3<\/sup><\/p>\n<p>&nbsp;<\/p>\n<p>Durante sua matura\u00e7\u00e3o o Cerrado foi queimado de forma natural periodicamente, de modo que o material combust\u00edvel n\u00e3o se acumulava e os inc\u00eandios n\u00e3o eram letais para o ecossistema,<sup>4<\/sup> antes, um est\u00edmulo, visto que algumas plantas e sementes do Cerrado florescem e germinam somente ap\u00f3s a passagem do fogo.<sup>5 <\/sup>Com suas cascas grossas, troncos retorcidos e \u00f3rg\u00e3os subterr\u00e2neos, essas plantas ganharam adapta\u00e7\u00f5es para resistir aos inc\u00eandios.<sup>6<\/sup> N\u00f3s podemos cham\u00e1-las de resilientes. Elas se retorcem, mas n\u00e3o quebram. Queimam, mas n\u00e3o s\u00e3o consumidas. E quando o fogo passa destruindo tudo ao redor, debaixo da palha queimada as \u00e1rvores esconderam seu bem mais precioso, pois sua vida depende do sucesso em suportar \u00e0s chamas. Ent\u00e3o, quando o ch\u00e3o est\u00e1 coberto de cinzas, o milagre embaixo da terra desperta e o Cerrado ressurge, germina e floresce. \u00c9 um reavivamento natural. Das cinzas ele se ergue.<\/p>\n<p>&nbsp;<\/p>\n<p><a href=\"https:\/\/loja.ultimato.com.br\/livros\/assim-na-terra-como-no-ceu\" target=\"_blank\" rel=\"noopener\"><img loading=\"lazy\" decoding=\"async\" class=\"aligncenter wp-image-9537 size-full\" src=\"https:\/\/ultimato.com.br\/sites\/jovem\/files\/2024\/06\/banner_b_ant.gif\" alt=\"\" width=\"728\" height=\"90\" \/><\/a><\/p>\n<p>&nbsp;<\/p>\n<p>A hist\u00f3ria do Cerrado \u00e9 bel\u00edssima, e \u00e9 poss\u00edvel notar nuances entre o fogo que forjou esse ecossistema e o fogo que o Criador usa para forjar e purificar. Assim como o Cerrado precisou queimar ao longo de sua trajet\u00f3ria para tornar-se resiliente, florescer, embelezar e cumprir sua voca\u00e7\u00e3o ecol\u00f3gica sendo lar de milhares de esp\u00e9cies, n\u00f3s necessitamos passar pelo fogo do Autor da hist\u00f3ria para crescermos, amadurecermos e exercermos nosso chamado.<\/p>\n<p>&nbsp;<\/p>\n<p>Tal como a planta que n\u00e3o floresce e a semente que n\u00e3o germina comprometem seu futuro ao n\u00e3o passarem pelo fogo, por vezes, precisamos de um est\u00edmulo que nos impulsione a sair de nossas zonas de conforto, morrermos para n\u00f3s mesmos a fim de germinar, crescer e florescer porque essa \u00e9 a \u00fanica op\u00e7\u00e3o, uma fagulha externa que n\u00e3o vem de n\u00f3s mesmos \u2013 o fogo de Deus.<\/p>\n<p>&nbsp;<\/p>\n<p>Contudo, \u00e9 necess\u00e1rio atentar para o que o Cerrado ensina. O fogo natural n\u00e3o consome, antes, oferece um renascimento. Por outro lado, o fogo produzido pelos seres humanos tem destru\u00eddo a hist\u00f3ria deste ecossistema e, com ele, dos organismos que ali habitam. Estudos inferiram que as chamas de causas n\u00e3o naturais (desmatamento) s\u00e3o mais quentes, destrutivas e dif\u00edceis de controlar.<sup>7 <\/sup>Elas extinguem ao inv\u00e9s de promover crescimento e resili\u00eancia.<\/p>\n<p>&nbsp;<\/p>\n<p>Nota-se, assim, a discrepante diferen\u00e7a entre o fogo de Deus e o fogo humano. Um \u00e9 agente vivificador, purificador, leva suas criaturas ao seu prop\u00f3sito, ao passo que o outro \u00e9 aniquilador, de maneira que fazer o pr\u00f3prio fogo pode ser fatal.<\/p>\n<p>&nbsp;<\/p>\n<p>Como Jesus nos conduz \u00e0 contempla\u00e7\u00e3o dos l\u00edrios nos campos e das aves no c\u00e9u, aprendamos com a hist\u00f3ria do Cerrado; de modo que o crist\u00e3o deve submeter- se \u00e0s chamas do Senhor, necess\u00e1rias se queremos crescer, cumprir nosso chamado. Ele arde, mas n\u00e3o consome. Queima, mas n\u00e3o aniquila. Como a sar\u00e7a ardente no deserto, em meio \u00e0s chamas Deus revela sua identidade \u201cEu Sou\u201d e a voca\u00e7\u00e3o de seu servo. Entre brasas vivas Ele chama, purifica, forja e envia. Apenas o fogo de Deus far\u00e1 sua Igreja florescer.<\/p>\n<p>&nbsp;<\/p>\n<p><strong>Notas<\/strong><\/p>\n<ol>\n<li><a href=\"https:\/\/www2.ibb.unesp.br\/departamentos\/Educacao\/Trabalhos\/coisasdecerrado\/FOGO\/fogodocerrado.htm\">Coisas de Cerrado, fogo<\/a>. <strong>Instituto de Bioci\u00eancias<\/strong>, UNESP Botucatu.<\/li>\n<li>Ibid.<\/li>\n<li>SOUSA, H. C. Papel do Fogo. <strong><a href=\"https:\/\/www.mvc.unb.br\/pesquisa\/2015-03-25-13-49-%2037\/papel-do-fogo\">Museu Virtual do Cerrado<\/a><\/strong>, Universidade de Bras\u00edlia.<\/li>\n<li>Ibid.<\/li>\n<li>FIDELIS, A; et al. <a href=\"https:\/\/doi.org\/10.1002\/ecy.2648\">From ashes to flowers: a savanna sedge initiates flowers 24 h after fire<\/a>. <strong>Ecology<\/strong>, v. 100. 2019.<\/li>\n<li>ARANTES, J. T. <a href=\"https:\/\/agencia.fapesp.br\/plantas-do-cerrado-combinam-pelo-menos-duas%20estrategias-para-resistir-ao-fogo-revela-estudo\/49925\">Plantas do Cerrado combinam pelo menos duas estrat\u00e9gias para resistir ao fogo, revela estudo<\/a>. <strong>Ag\u00eancia FAPESP<\/strong>. 2023.<\/li>\n<li><a href=\"https:\/\/www2.ibb.unesp.br\/departamentos\/Educacao\/Trabalhos\/coisasdecerrado\/FOGO\/fogodocerrado.htm\">Coisas de Cerrado, fogo<\/a>. <strong>Instituto de Bioci\u00eancias<\/strong>, UNESP Botucatu.<\/li>\n<\/ol>\n<p><strong>\u00a0<\/strong><\/p>\n<ul>\n<li><strong>Julia Oliveira Gomes<\/strong>, 21 anos, estudante de ci\u00eancias biol\u00f3gicas pela UFSCar. Ama C. S. Lewis, caf\u00e9 e a Cria\u00e7\u00e3o. Instagram: @prosasprosaicas<\/li>\n<\/ul>\n<p>&nbsp;<\/p>\n<hr \/>\n<p><strong><a><img loading=\"lazy\" decoding=\"async\" src=\"https:\/\/www.ultimato.com.br\/image\/atualiza_home\/principal\/ultimas\/opiniao\/2024\/04_abr\/CAPA_407.jpg\" alt=\"\" width=\"160\" height=\"207\" align=\"left\" \/><\/a>REVISTA ULTIMATO | OS DESAFIOS \u00c9TICOS DAS NOVAS TECNOLOGIAS<\/strong><\/p>\n<p>O avan\u00e7o da tecnologia nas \u00faltimas d\u00e9cadas \u00e9 maior do que em qualquer outra \u00e9poca da hist\u00f3ria. Tal aumento se d\u00e1 em muitas frentes e, mais significativo, confere um car\u00e1ter tecnol\u00f3gico \u00e0 vida contempor\u00e2nea.<\/p>\n<p>Quais s\u00e3o os desafios trazidos por esse avan\u00e7o? A \u00e9tica crist\u00e3 \u00e9 suficiente para responder aos aspectos relacionados \u00e0s novas tecnologias? Como a igreja pode atuar nesse cen\u00e1rio t\u00e3o desafiador?<\/p>\n<p>\u00c9 disso que trata a mat\u00e9ria de capa da\u00a0<a href=\"https:\/\/www.ultimato.com.br\/revista\/\" target=\"_blank\" rel=\"noopener\">edi\u00e7\u00e3o 407<\/a>\u00a0da revista Ultimato. Para assinar, clique\u00a0<a href=\"https:\/\/loja.ultimato.com.br\/categorias\/explore\/assine-a-revista\" target=\"_blank\" rel=\"noopener\">aqui<\/a>.<\/p>\n<hr \/>\n<p><strong>Saiba mais:<\/strong><br \/>\n\u00bb\u00a0<a href=\"https:\/\/loja.ultimato.com.br\/livros\/jesus-e-a-terra\">Jesus e a Terra \u2013 A \u00e9tica ambiental nos evangelhos<\/a>, \u00a0James Jones<\/p>\n<p>\u00bb\u00a0<a href=\"https:\/\/loja.ultimato.com.br\/livros\/assim-na-terra-como-no-ceu\">Assim na Terra como no C\u00e9u \u2013 Experi\u00eancias socioambientais na igreja local<\/a>, G\u00ednia C\u00e9sar Bontempo (org.)<\/p>\n<p>\u00bb\u00a0<a href=\"https:\/\/www.ultimato.com.br\/conteudo\/o-fim-dos-tempos-e-o-meio-ambiente\">O fim dos tempos e o meio ambiente<\/a>, por <strong>Steven Bouma-Prediger<\/strong><\/p>\n<p>\u00bb\u00a0<a href=\"https:\/\/www.ultimato.com.br\/conteudo\/a-crise-climatica-e-a-criacao-de-deus\">A crise clim\u00e1tica e a cria\u00e7\u00e3o de Deus<\/a>, <strong>Por Kuki Rokhum, Jasmine Kwong e Dave Bookless<\/strong><\/p>\n","protected":false},"excerpt":{"rendered":"<p>Por J\u00falia Oliveira Gomes Quando o ch\u00e3o est\u00e1 coberto de cinzas, o milagre embaixo da terra desperta e o Cerrado ressurge, germina e floresce. \u00c9 um reavivamento natural. Das cinzas ele se ergue. \u00a0 O fogo encanta e aterroriza os seres humanos desde os primeiros dias de nossos antepassados. Recordo-me com calor no cora\u00e7\u00e3o das [&hellip;]<\/p>\n","protected":false},"author":19,"featured_media":0,"comment_status":"open","ping_status":"open","sticky":false,"template":"","format":"standard","meta":{"ngg_post_thumbnail":0,"footnotes":""},"categories":[8039],"tags":[],"class_list":["post-9536","post","type-post","status-publish","format-standard","hentry","category-altas-devocionais"],"_links":{"self":[{"href":"https:\/\/ultimato.com.br\/sites\/jovem\/wp-json\/wp\/v2\/posts\/9536","targetHints":{"allow":["GET"]}}],"collection":[{"href":"https:\/\/ultimato.com.br\/sites\/jovem\/wp-json\/wp\/v2\/posts"}],"about":[{"href":"https:\/\/ultimato.com.br\/sites\/jovem\/wp-json\/wp\/v2\/types\/post"}],"author":[{"embeddable":true,"href":"https:\/\/ultimato.com.br\/sites\/jovem\/wp-json\/wp\/v2\/users\/19"}],"replies":[{"embeddable":true,"href":"https:\/\/ultimato.com.br\/sites\/jovem\/wp-json\/wp\/v2\/comments?post=9536"}],"version-history":[{"count":4,"href":"https:\/\/ultimato.com.br\/sites\/jovem\/wp-json\/wp\/v2\/posts\/9536\/revisions"}],"predecessor-version":[{"id":9542,"href":"https:\/\/ultimato.com.br\/sites\/jovem\/wp-json\/wp\/v2\/posts\/9536\/revisions\/9542"}],"wp:attachment":[{"href":"https:\/\/ultimato.com.br\/sites\/jovem\/wp-json\/wp\/v2\/media?parent=9536"}],"wp:term":[{"taxonomy":"category","embeddable":true,"href":"https:\/\/ultimato.com.br\/sites\/jovem\/wp-json\/wp\/v2\/categories?post=9536"},{"taxonomy":"post_tag","embeddable":true,"href":"https:\/\/ultimato.com.br\/sites\/jovem\/wp-json\/wp\/v2\/tags?post=9536"}],"curies":[{"name":"wp","href":"https:\/\/api.w.org\/{rel}","templated":true}]}}