{"id":944,"date":"2011-07-20T16:40:03","date_gmt":"2011-07-20T19:40:03","guid":{"rendered":"http:\/\/ultimato.com.br\/sites\/jovem\/?p=944"},"modified":"2011-08-03T15:54:17","modified_gmt":"2011-08-03T18:54:17","slug":"velha-humildade","status":"publish","type":"post","link":"https:\/\/ultimato.com.br\/sites\/jovem\/2011\/07\/20\/velha-humildade\/","title":{"rendered":"Velha humildade"},"content":{"rendered":"<p><a href=\"http:\/\/ultimato.com.br\/sites\/jovem\/files\/2011\/07\/20_07_jovem_cor.jpg\" class=\"lightview\" data-lightview-group=\"group-944\" data-lightview-options=\"skin: 'dark', controls: 'relative', padding: '10', shadow: { color: '#000000', opacity: 0.08, blur: 3 }\" data-lightview-title=\"20_07_jovem_cor\"><img loading=\"lazy\" decoding=\"async\" class=\"alignright size-full wp-image-946\" title=\"20_07_jovem_cor\" src=\"http:\/\/ultimato.com.br\/sites\/jovem\/files\/2011\/07\/20_07_jovem_cor.jpg\" alt=\"\" width=\"122\" height=\"184\" srcset=\"https:\/\/ultimato.com.br\/sites\/jovem\/files\/2011\/07\/20_07_jovem_cor.jpg 250w, https:\/\/ultimato.com.br\/sites\/jovem\/files\/2011\/07\/20_07_jovem_cor-200x300.jpg 200w, https:\/\/ultimato.com.br\/sites\/jovem\/files\/2011\/07\/20_07_jovem_cor-100x150.jpg 100w\" sizes=\"auto, (max-width: 122px) 100vw, 122px\" \/><\/a>\u00c9 incr\u00edvel como \u00e9 intenso o poder da humildade. N\u00e3o, n\u00e3o estou falando da minha humildade. Que, alias, eu n\u00e3o tenho. Estou falando de como a humildade de outras pessoas me emociona, me ensina e me constrange. Ainda mais quando essa pessoa teria \u201clicen\u00e7a po\u00e9tica\u201d para n\u00e3o ser humilde. Voc\u00ea h\u00e1 de concordar comigo: quando que pessoas com mais de 80 anos teriam a necessidade de aprender mais coisas? E, pior, assumir publicamente essa necessidade? Tenho a impress\u00e3o de que elas fazem parte do \u00fanico grupo de seres humanos que teria direito de se orgulhar (claro, n\u00e3o considero esta uma atitude correta) de todo conhecimento e experi\u00eancia que possuem.\u00a0Meu olhar infantil, a princ\u00edpio, n\u00e3o admitiria ver meu v\u00f4, por exemplo, dizendo \u201ccomo preciso ser mais humilde\u201d ou \u201ccomo sou medroso\u201d ou ainda \u201ccomo sou ego\u00edsta\u201d. Isso s\u00e3o coisas que EU preciso admitir e trabalhar para um dia chegar na idade dele dizendo \u201csuperei isso tudo\u201d.<!--more--><\/p>\n<p>Em menos de um m\u00eas eu ouvi um senhor de 81 anos e uma senhora de 82 confessarem coisas desse tipo. Eu fiquei muito emocionado quando a senhorinha disse ver coisas b\u00e1sicas da f\u00e9 dela, aprendidas na inf\u00e2ncia, sendo experimentadas de forma mais real nos dias de hoje do que quando ela as assimilou. Dava para ver os olhos dela brilhando, grata e satisfeita em poder ver sentido em sua f\u00e9 de forma t\u00e3o aconchegante, como se estivesse realizando um sonho que tinha desde crian\u00e7a. E quando o senhorzinho assumiu ter medo, e que encontrou consolo e \u00e2nimo ao entender a li\u00e7\u00e3o de Pedro, quando andou sobre as \u00e1guas ao lado de Jesus, \u201ceu s\u00f3 preciso olhar firmemente para Cristo\u201d, meu cora\u00e7\u00e3o n\u00e3o resistiu e sorriu.<\/p>\n<p>\u201cEu n\u00e3o vou chegar num estado de perfei\u00e7\u00e3o\u201d, tento me convencer disso. O que eu preciso, na verdade, \u00e9 aprender a caminhar humildemente, sempre disposto a aprender. Sempre disposto a depender das verdades que revelam segredos sobre minha estrutura fr\u00e1gil e em forma\u00e7\u00e3o. Eu preciso ser sens\u00edvel como esses velhinhos e torcer para que, se eu chegar a ter a mesma idade que eles, ou at\u00e9 mesmo antes, eu me torne um adulto s\u00e1bio o suficiente para reconhecer \u201cS\u00e1bio, eu? Estou apenas come\u00e7ando a entender sobre o que realmente vale a pena na vida. Mas um dia eu chego l\u00e1\u201d. Acho que assim, pelo menos, terei a mesma face de sonhador que esses queridos, e a esperan\u00e7a me tornar\u00e1 t\u00e3o jovem quanto eles.<\/p>\n<p>__________<\/p>\n<p><strong><a href=\"http:\/\/twitter.com\/#!\/rolimmenezes\" target=\"_blank\">Lucas Rolim<\/a><\/strong>, 24 anos, \u00e9 administrador pela UFV, trabalha como auxiliar de Marketing na Editora Ultimato e brinca de fazer arte nas horas vagas. Esse texto foi postado originalmente no seu blog, o <a href=\"http:\/\/mundodelucas.wordpress.com\/\" target=\"_blank\">Lucania<\/a>.<\/p>\n","protected":false},"excerpt":{"rendered":"<p>\u00c9 incr\u00edvel como \u00e9 intenso o poder da humildade. N\u00e3o, n\u00e3o estou falando da minha humildade. Que, alias, eu n\u00e3o tenho. Estou falando de como a humildade de outras pessoas me emociona, me ensina e me constrange. Ainda mais quando essa pessoa teria \u201clicen\u00e7a po\u00e9tica\u201d para n\u00e3o ser humilde. Voc\u00ea h\u00e1 de concordar comigo: quando [&hellip;]<\/p>\n","protected":false},"author":19,"featured_media":0,"comment_status":"open","ping_status":"open","sticky":false,"template":"","format":"standard","meta":{"ngg_post_thumbnail":0,"footnotes":""},"categories":[6054],"tags":[],"class_list":["post-944","post","type-post","status-publish","format-standard","hentry","category-textos"],"_links":{"self":[{"href":"https:\/\/ultimato.com.br\/sites\/jovem\/wp-json\/wp\/v2\/posts\/944","targetHints":{"allow":["GET"]}}],"collection":[{"href":"https:\/\/ultimato.com.br\/sites\/jovem\/wp-json\/wp\/v2\/posts"}],"about":[{"href":"https:\/\/ultimato.com.br\/sites\/jovem\/wp-json\/wp\/v2\/types\/post"}],"author":[{"embeddable":true,"href":"https:\/\/ultimato.com.br\/sites\/jovem\/wp-json\/wp\/v2\/users\/19"}],"replies":[{"embeddable":true,"href":"https:\/\/ultimato.com.br\/sites\/jovem\/wp-json\/wp\/v2\/comments?post=944"}],"version-history":[{"count":3,"href":"https:\/\/ultimato.com.br\/sites\/jovem\/wp-json\/wp\/v2\/posts\/944\/revisions"}],"predecessor-version":[{"id":993,"href":"https:\/\/ultimato.com.br\/sites\/jovem\/wp-json\/wp\/v2\/posts\/944\/revisions\/993"}],"wp:attachment":[{"href":"https:\/\/ultimato.com.br\/sites\/jovem\/wp-json\/wp\/v2\/media?parent=944"}],"wp:term":[{"taxonomy":"category","embeddable":true,"href":"https:\/\/ultimato.com.br\/sites\/jovem\/wp-json\/wp\/v2\/categories?post=944"},{"taxonomy":"post_tag","embeddable":true,"href":"https:\/\/ultimato.com.br\/sites\/jovem\/wp-json\/wp\/v2\/tags?post=944"}],"curies":[{"name":"wp","href":"https:\/\/api.w.org\/{rel}","templated":true}]}}