{"id":9431,"date":"2023-07-31T15:55:05","date_gmt":"2023-07-31T18:55:05","guid":{"rendered":"https:\/\/ultimato.com.br\/sites\/jovem\/?p=9431"},"modified":"2023-08-01T07:45:33","modified_gmt":"2023-08-01T10:45:33","slug":"pare-olhe-escute","status":"publish","type":"post","link":"https:\/\/ultimato.com.br\/sites\/jovem\/2023\/07\/31\/pare-olhe-escute\/","title":{"rendered":"\u201cPare, olhe, escute\u201d"},"content":{"rendered":"<p><span style=\"color: #808000;\"><strong>Por Andressa Marinho<\/strong><\/span><\/p>\n<p><img loading=\"lazy\" decoding=\"async\" class=\"alignright size-medium wp-image-9442\" src=\"https:\/\/ultimato.com.br\/sites\/jovem\/files\/2023\/07\/pexels-kaique-rocha-57639-300x200.jpg\" alt=\"\" width=\"300\" height=\"200\" srcset=\"https:\/\/ultimato.com.br\/sites\/jovem\/files\/2023\/07\/pexels-kaique-rocha-57639-300x200.jpg 300w, https:\/\/ultimato.com.br\/sites\/jovem\/files\/2023\/07\/pexels-kaique-rocha-57639.jpg 400w\" sizes=\"auto, (max-width: 300px) 100vw, 300px\" \/>J\u00e1 faz alguns dias que fui a Vi\u00e7osa pela primeira vez, \u00e0 Ultimato pela primeira vez, ao CEM pela primeira vez. As emo\u00e7\u00f5es vividas antes, durante e depois foram muito intensas e bem compartilhadas com ouvidos pr\u00f3ximos. A empolga\u00e7\u00e3o na ida, na estadia e no retorno eram coisas dif\u00edceis de decifrar.<\/p>\n<p>Agora, ap\u00f3s algum tempo de molho, tento escrever um relato meio carta de agradecimento. Um relato imediato, talvez, conseguiria captar melhor e com mais integridade as sensa\u00e7\u00f5es experienciadas. Mas tamb\u00e9m penso que as lembran\u00e7as um pouco envelhecidas podem trazer um sabor diferente \u00e0 mem\u00f3ria&#8230; elas s\u00e3o feitas de coisas que se alojaram e encontraram lugar para ficar na mente e no cora\u00e7\u00e3o.<\/p>\n<p>Bom, eu fui com muitas expectativas e receios, eu confesso. A mente inquieta que tenta prever os passos me acompanhou, mas ela silenciava quando a f\u00e9 resolvia falar. Um dia antes da viagem, eu escrevi uma ora\u00e7\u00e3o ao Senhor e agradeci, porque o que estava acontecendo era, de fato, um sonho antigo. Em meio a um turbilh\u00e3o de pensamentos, uma certeza no peito: Deus \u00e9 realmente muito bom! Abro aspas aqui para compartilhar meu pedido nessa ora\u00e7\u00e3o escrita: \u201cQuero estar de cora\u00e7\u00e3o aberto para viver novas hist\u00f3rias por l\u00e1, para aprender e compartilhar. Para dividir um quilo de sal na mesa preparada por Jesus\u201d.<\/p>\n<p>Chegando l\u00e1, eu e minha irm\u00e3, Evelin, brincamos que parecia que hav\u00edamos chegado no destino de um interc\u00e2mbio: \u201cQue pa\u00eds gelado \u00e9 esse?!\u201d. Dormi ansiosa para o dia seguinte e minha ansiedade contrastava com a alegria leve da minha irm\u00e3 por simplesmente estar ali, vivendo algo inusitado no meio da semana. No dia seguinte, acordei e vi a cesta de caf\u00e9 da manh\u00e3 cuidadosamente preparada pela Ariane que nos supriu muito bem durante todos os dias. Vimos rapidamente as meninas do alojamento do Centro Evang\u00e9lico de Miss\u00f5es, onde ficamos hospedadas, e fomos para o \u201cmato\u201d. Eu come\u00e7ava a pisar no ch\u00e3o da realidade.<\/p>\n<p>Quando vi o pr\u00e9dio da Ultimato pela primeira vez, fiquei emocionada, sem entender como tudo aquilo estava acontecendo. Enquanto isso, eu dizia interiormente para as preocupa\u00e7\u00f5es me deixarem curtir cada momento. Como seria breve, eu sabia que cada instante seria \u00fanico. At\u00e9 entrei duas vezes para reparar melhor. Conheci Ariane, Lora, assim como o Aleff, Marcos, Emmanuel, Cristina, Vanessa, J\u00falia, Gabi, Let\u00edcia, L\u00facia, F\u00e1bio (que, diga-se de passagem, preparou uma lista de locais para comer muito \u00fatil), Filipe e tantos outros ultimateiros. T\u00edmida, cheguei no caf\u00e9 da manh\u00e3 e a ora\u00e7\u00e3o feita ali aqueceu o meu cora\u00e7\u00e3o (e \u00e9 claro, os raios de sol em alguns cantinhos). Mas algo me ocorria: meus colegas de trabalho eram, tamb\u00e9m, meus irm\u00e3os em Cristo.<\/p>\n<p>Bom, apressando os fatos, eu quis saborear n\u00e3o s\u00f3 o ch\u00e1 e bolos deliciosos, mas todo o lugar. Ver as capas da Ultimato de todos os anos e contemplar a jornada. Folhear as edi\u00e7\u00f5es antigas da revista e pensar na grande hist\u00f3ria de Deus atrav\u00e9s do tempo. Ver o legado do reverendo Elben C\u00e9sar e imagin\u00e1-lo ali orando, escrevendo, passeando pelo jardim. Ali\u00e1s, eu olhei v\u00e1rias vezes para o jardim para registrar no cora\u00e7\u00e3o. Sentar \u00e0 mesa do escrit\u00f3rio para trabalhar e sentir a emo\u00e7\u00e3o de estar ali. Almo\u00e7ar com Ariane, Aleff e Vanessa. Foi legal saber sobre os deslocamentos do Aleff e do dom da m\u00fasica, saber que Vanessa era uma poss\u00edvel amiga de evento da ABU e que cuida das crian\u00e7as da igreja e ver de perto o jeito am\u00e1vel da Ariane para com todos.<\/p>\n<p>Essa foi uma parte do primeiro dia, mas o que sucedeu: o almo\u00e7o delicioso na casa da Lora e do D\u00e9lio (preparado pelas m\u00e3os aben\u00e7oadas da Lu), as comidas, hist\u00f3rias e boas risadas na casa do Davi e da Samara, mais conversas \u00e0 mesa com as meninas do CEM (at\u00e9 ora\u00e7\u00e3o beirando a madrugada), a visita ao escrit\u00f3rio da Interseve acompanhada pela Zenilda e outros momentos me confirmaram que Deus ouviu mesmo a minha ora\u00e7\u00e3o: Ele preparou v\u00e1rias mesas de comunh\u00e3o. E Ele era o anfitri\u00e3o em todas elas.<\/p>\n<p>Foram tantos detalhes preciosos e pessoas preciosas, s\u00e3o tantos adjetivos para descrever a experi\u00eancia: hospitalidade, acolhimento&#8230;, mas agora fa\u00e7o o que a Ariane me prop\u00f4s a fazer quando passamos pela placa \u201cpare, olhe, escute\u201d&#8230; A verdade \u00e9 que quando paro para lembrar agora, o que vem \u00e0 mente \u00e9 um trecho de uma conversa, uma frase e um vers\u00edculo:<\/p>\n<p>&#8211; Na Ultimato cada m\u00eas \u00e9 um novo milagre, s\u00e3o 55 anos de milagre.<\/p>\n<p>&#8211; \u201cOre como se tudo dependesse de Deus. Trabalhe como se tudo dependesse de voc\u00ea\u201d<\/p>\n<p>&#8211; Deus, em Cristo, est\u00e1 reconciliando todas as coisas: \u201ce por meio dele reconciliasse consigo todas as coisas, tanto as que est\u00e3o na terra quanto as que est\u00e3o no c\u00e9u, estabelecendo a paz pelo seu sangue derramado na cruz\u201d (Cl 1.20).<\/p>\n<p>No fim das contas, a realidade foi bem melhor do que as minhas previs\u00f5es. Sentir o ar fresco de Vi\u00e7osa, a natureza, o evangelho de Cristo juntando todos e fazendo tudo ter mais sentido (como disse \u00e0 Ariane: tudo tem cheiro de boa nova), ver o legado e as novas gera\u00e7\u00f5es, ver a miss\u00e3o de Deus pulsando em todo canto e em todos os cora\u00e7\u00f5es, ver a Ultimato ganhar espa\u00e7o f\u00edsico, rostos, nomes e hist\u00f3rias&#8230; que presente, que gra\u00e7a de Deus!<\/p>\n<p>Obrigada por me proporcionarem esses dias comuns e cheios de beleza! Obrigada por me permitirem participar disso tudo: trabalhar na Ultimato \u00e9 me sentir parte de algo que edifica a igreja de Cristo e edifica a mim&#8230; A cada contato com os conte\u00fados, eu paro, olho e escuto&#8230; ou\u00e7o Deus falar. \u00c9 um privil\u00e9gio!<\/p>\n<p>Que Deus aben\u00e7oe muito voc\u00eas, minhas irm\u00e3s e meus irm\u00e3os!<\/p>\n<p>Abra\u00e7os,<\/p>\n<p>Andressa<\/p>\n<p><img loading=\"lazy\" decoding=\"async\" class=\"size-full wp-image-9447 alignleft\" src=\"https:\/\/ultimato.com.br\/sites\/jovem\/files\/2023\/07\/fotoAndressaweb.jpg\" alt=\"\" width=\"142\" height=\"142\" \/><\/p>\n<hr \/>\n<ul>\n<li><strong>Andressa Marinho<\/strong> \u00e9 estagi\u00e1ria no N\u00facleo Web da Ultimato e estudante de letras no CEFET de Belo Horizonte, MG.<\/li>\n<\/ul>\n\n\t\t<style type=\"text\/css\">\n\t\t\t#gallery-1 {\n\t\t\t\tmargin: auto;\n\t\t\t}\n\t\t\t#gallery-1 .gallery-item {\n\t\t\t\tfloat: left;\n\t\t\t\tmargin-top: 10px;\n\t\t\t\ttext-align: center;\n\t\t\t\twidth: 33%;\n\t\t\t}\n\t\t\t#gallery-1 img {\n\t\t\t\tborder: 2px solid #cfcfcf;\n\t\t\t}\n\t\t\t#gallery-1 .gallery-caption {\n\t\t\t\tmargin-left: 0;\n\t\t\t}\n\t\t\t\/* see gallery_shortcode() in wp-includes\/media.php *\/\n\t\t<\/style>\n\t\t<div id='gallery-1' class='gallery galleryid-9431 gallery-columns-3 gallery-size-thumbnail'><dl class='gallery-item'>\n\t\t\t<dt class='gallery-icon landscape'>\n\t\t\t\t<a href='https:\/\/ultimato.com.br\/sites\/jovem\/files\/2023\/07\/IMG_20230706_123938.jpg' class=\"lightview\" data-lightview-group=\"group-9431\" data-lightview-options=\"skin: 'dark', controls: 'relative', padding: '10', shadow: { color: '#000000', opacity: 0.08, blur: 3 }\"><img loading=\"lazy\" decoding=\"async\" width=\"150\" height=\"150\" src=\"https:\/\/ultimato.com.br\/sites\/jovem\/files\/2023\/07\/IMG_20230706_123938-150x150.jpg\" class=\"attachment-thumbnail size-thumbnail\" alt=\"\" \/><\/a>\n\t\t\t<\/dt><\/dl><dl class='gallery-item'>\n\t\t\t<dt class='gallery-icon landscape'>\n\t\t\t\t<a href='https:\/\/ultimato.com.br\/sites\/jovem\/files\/2023\/07\/IMG_20230707_185604.jpg' class=\"lightview\" data-lightview-group=\"group-9431\" data-lightview-options=\"skin: 'dark', controls: 'relative', padding: '10', shadow: { color: '#000000', opacity: 0.08, blur: 3 }\"><img loading=\"lazy\" decoding=\"async\" width=\"150\" height=\"150\" src=\"https:\/\/ultimato.com.br\/sites\/jovem\/files\/2023\/07\/IMG_20230707_185604-150x150.jpg\" class=\"attachment-thumbnail size-thumbnail\" alt=\"\" \/><\/a>\n\t\t\t<\/dt><\/dl><dl class='gallery-item'>\n\t\t\t<dt class='gallery-icon portrait'>\n\t\t\t\t<a href='https:\/\/ultimato.com.br\/sites\/jovem\/files\/2023\/07\/IMG_20230706_132051.jpg' class=\"lightview\" data-lightview-group=\"group-9431\" data-lightview-options=\"skin: 'dark', controls: 'relative', padding: '10', shadow: { color: '#000000', opacity: 0.08, blur: 3 }\"><img loading=\"lazy\" decoding=\"async\" width=\"150\" height=\"150\" src=\"https:\/\/ultimato.com.br\/sites\/jovem\/files\/2023\/07\/IMG_20230706_132051-150x150.jpg\" class=\"attachment-thumbnail size-thumbnail\" alt=\"\" \/><\/a>\n\t\t\t<\/dt><\/dl><br style=\"clear: both\" \/><dl class='gallery-item'>\n\t\t\t<dt class='gallery-icon landscape'>\n\t\t\t\t<a href='https:\/\/ultimato.com.br\/sites\/jovem\/files\/2023\/07\/blog_jovem_31-7-2023_andressa_WhatsApp-Image-2023-07-07-at-14.41.32.jpeg' class=\"lightview\" data-lightview-group=\"group-9431\" data-lightview-options=\"skin: 'dark', controls: 'relative', padding: '10', shadow: { color: '#000000', opacity: 0.08, blur: 3 }\"><img loading=\"lazy\" decoding=\"async\" width=\"150\" height=\"150\" src=\"https:\/\/ultimato.com.br\/sites\/jovem\/files\/2023\/07\/blog_jovem_31-7-2023_andressa_WhatsApp-Image-2023-07-07-at-14.41.32-150x150.jpeg\" class=\"attachment-thumbnail size-thumbnail\" alt=\"\" \/><\/a>\n\t\t\t<\/dt><\/dl><dl class='gallery-item'>\n\t\t\t<dt class='gallery-icon portrait'>\n\t\t\t\t<a href='https:\/\/ultimato.com.br\/sites\/jovem\/files\/2023\/07\/blog_jovem_26-7-2023_andressaIMG_20230706_133640-1.jpg' class=\"lightview\" data-lightview-group=\"group-9431\" data-lightview-options=\"skin: 'dark', controls: 'relative', padding: '10', shadow: { color: '#000000', opacity: 0.08, blur: 3 }\"><img loading=\"lazy\" decoding=\"async\" width=\"150\" height=\"150\" src=\"https:\/\/ultimato.com.br\/sites\/jovem\/files\/2023\/07\/blog_jovem_26-7-2023_andressaIMG_20230706_133640-1-150x150.jpg\" class=\"attachment-thumbnail size-thumbnail\" alt=\"\" \/><\/a>\n\t\t\t<\/dt><\/dl><dl class='gallery-item'>\n\t\t\t<dt class='gallery-icon portrait'>\n\t\t\t\t<a href='https:\/\/ultimato.com.br\/sites\/jovem\/files\/2023\/07\/IMG_20230706_155320.jpg' class=\"lightview\" data-lightview-group=\"group-9431\" data-lightview-options=\"skin: 'dark', controls: 'relative', padding: '10', shadow: { color: '#000000', opacity: 0.08, blur: 3 }\"><img loading=\"lazy\" decoding=\"async\" width=\"150\" height=\"150\" src=\"https:\/\/ultimato.com.br\/sites\/jovem\/files\/2023\/07\/IMG_20230706_155320-150x150.jpg\" class=\"attachment-thumbnail size-thumbnail\" alt=\"\" \/><\/a>\n\t\t\t<\/dt><\/dl><br style=\"clear: both\" \/><dl class='gallery-item'>\n\t\t\t<dt class='gallery-icon landscape'>\n\t\t\t\t<a href='https:\/\/ultimato.com.br\/sites\/jovem\/files\/2023\/07\/IMG_20230706_161922.jpg' class=\"lightview\" data-lightview-group=\"group-9431\" data-lightview-options=\"skin: 'dark', controls: 'relative', padding: '10', shadow: { color: '#000000', opacity: 0.08, blur: 3 }\"><img loading=\"lazy\" decoding=\"async\" width=\"150\" height=\"150\" src=\"https:\/\/ultimato.com.br\/sites\/jovem\/files\/2023\/07\/IMG_20230706_161922-150x150.jpg\" class=\"attachment-thumbnail size-thumbnail\" alt=\"\" \/><\/a>\n\t\t\t<\/dt><\/dl><dl class='gallery-item'>\n\t\t\t<dt class='gallery-icon landscape'>\n\t\t\t\t<a href='https:\/\/ultimato.com.br\/sites\/jovem\/files\/2023\/07\/IMG_20230708_123143-1.jpg' class=\"lightview\" data-lightview-group=\"group-9431\" data-lightview-options=\"skin: 'dark', controls: 'relative', padding: '10', shadow: { color: '#000000', opacity: 0.08, blur: 3 }\"><img loading=\"lazy\" decoding=\"async\" width=\"150\" height=\"150\" src=\"https:\/\/ultimato.com.br\/sites\/jovem\/files\/2023\/07\/IMG_20230708_123143-1-150x150.jpg\" class=\"attachment-thumbnail size-thumbnail\" alt=\"\" \/><\/a>\n\t\t\t<\/dt><\/dl><dl class='gallery-item'>\n\t\t\t<dt class='gallery-icon portrait'>\n\t\t\t\t<a href='https:\/\/ultimato.com.br\/sites\/jovem\/files\/2023\/07\/IMG_20230708_122852.jpg' class=\"lightview\" data-lightview-group=\"group-9431\" data-lightview-options=\"skin: 'dark', controls: 'relative', padding: '10', shadow: { color: '#000000', opacity: 0.08, blur: 3 }\"><img loading=\"lazy\" decoding=\"async\" width=\"150\" height=\"150\" src=\"https:\/\/ultimato.com.br\/sites\/jovem\/files\/2023\/07\/IMG_20230708_122852-150x150.jpg\" class=\"attachment-thumbnail size-thumbnail\" alt=\"\" \/><\/a>\n\t\t\t<\/dt><\/dl><br style=\"clear: both\" \/>\n\t\t<\/div>\n\n","protected":false},"excerpt":{"rendered":"<p>Por Andressa Marinho J\u00e1 faz alguns dias que fui a Vi\u00e7osa pela primeira vez, \u00e0 Ultimato pela primeira vez, ao CEM pela primeira vez. As emo\u00e7\u00f5es vividas antes, durante e depois foram muito intensas e bem compartilhadas com ouvidos pr\u00f3ximos. A empolga\u00e7\u00e3o na ida, na estadia e no retorno eram coisas dif\u00edceis de decifrar. Agora, [&hellip;]<\/p>\n","protected":false},"author":19,"featured_media":0,"comment_status":"open","ping_status":"open","sticky":false,"template":"","format":"standard","meta":{"ngg_post_thumbnail":0,"footnotes":""},"categories":[9],"tags":[],"class_list":["post-9431","post","type-post","status-publish","format-standard","hentry","category-sem-categoria"],"_links":{"self":[{"href":"https:\/\/ultimato.com.br\/sites\/jovem\/wp-json\/wp\/v2\/posts\/9431","targetHints":{"allow":["GET"]}}],"collection":[{"href":"https:\/\/ultimato.com.br\/sites\/jovem\/wp-json\/wp\/v2\/posts"}],"about":[{"href":"https:\/\/ultimato.com.br\/sites\/jovem\/wp-json\/wp\/v2\/types\/post"}],"author":[{"embeddable":true,"href":"https:\/\/ultimato.com.br\/sites\/jovem\/wp-json\/wp\/v2\/users\/19"}],"replies":[{"embeddable":true,"href":"https:\/\/ultimato.com.br\/sites\/jovem\/wp-json\/wp\/v2\/comments?post=9431"}],"version-history":[{"count":5,"href":"https:\/\/ultimato.com.br\/sites\/jovem\/wp-json\/wp\/v2\/posts\/9431\/revisions"}],"predecessor-version":[{"id":9448,"href":"https:\/\/ultimato.com.br\/sites\/jovem\/wp-json\/wp\/v2\/posts\/9431\/revisions\/9448"}],"wp:attachment":[{"href":"https:\/\/ultimato.com.br\/sites\/jovem\/wp-json\/wp\/v2\/media?parent=9431"}],"wp:term":[{"taxonomy":"category","embeddable":true,"href":"https:\/\/ultimato.com.br\/sites\/jovem\/wp-json\/wp\/v2\/categories?post=9431"},{"taxonomy":"post_tag","embeddable":true,"href":"https:\/\/ultimato.com.br\/sites\/jovem\/wp-json\/wp\/v2\/tags?post=9431"}],"curies":[{"name":"wp","href":"https:\/\/api.w.org\/{rel}","templated":true}]}}