{"id":9414,"date":"2023-07-03T15:00:46","date_gmt":"2023-07-03T18:00:46","guid":{"rendered":"https:\/\/ultimato.com.br\/sites\/jovem\/?p=9414"},"modified":"2023-07-03T15:07:15","modified_gmt":"2023-07-03T18:07:15","slug":"camoes-e-jose","status":"publish","type":"post","link":"https:\/\/ultimato.com.br\/sites\/jovem\/2023\/07\/03\/camoes-e-jose\/","title":{"rendered":"Cam\u00f5es e Jos\u00e9"},"content":{"rendered":"<h4>O que podemos aprender com o poeta Lu\u00eds de Cam\u00f5es e com a hist\u00f3ria de Jos\u00e9 em G\u00eanesis.<\/h4>\n<p><span style=\"color: #808000;\"><strong>Por Mariana Santana<\/strong><\/span><\/p>\n<p><em><img loading=\"lazy\" decoding=\"async\" class=\"alignright wp-image-9415\" src=\"https:\/\/ultimato.com.br\/sites\/jovem\/files\/2023\/06\/pexels-cottonbro-studio-2925303.jpg\" alt=\"\" width=\"300\" height=\"449\" srcset=\"https:\/\/ultimato.com.br\/sites\/jovem\/files\/2023\/06\/pexels-cottonbro-studio-2925303.jpg 400w, https:\/\/ultimato.com.br\/sites\/jovem\/files\/2023\/06\/pexels-cottonbro-studio-2925303-200x300.jpg 200w\" sizes=\"auto, (max-width: 300px) 100vw, 300px\" \/>Ao desconcerto do mundo<\/em><\/p>\n<p><em>Os bons vi sempre passar<\/em><br \/>\n<em>no mundo graves tormentos;<\/em><br \/>\n<em>e para mais me espantar,<\/em><br \/>\n<em>os maus vi sempre nadar<\/em><br \/>\n<em>em mar de contentamentos.<\/em><br \/>\n<em>Cuidando alcan\u00e7ar assim<\/em><br \/>\n<em>o bem t\u00e3o mal ordenado,<\/em><br \/>\n<em>fui mau, mas fui castigado.<\/em><br \/>\n<em>Assim que, s\u00f3 para mim,<\/em><br \/>\n<em>anda o mundo concertado.<\/em><\/p>\n<p>Na primeira parte do poema \u201cAo desconcerto do mundo\u201d o poeta Lu\u00eds de Cam\u00f5es faz uma cr\u00edtica social, observando que na vida as pessoas boas sofrem \u201cgraves tormentos\u201d enquanto as pessoas m\u00e1s s\u00e3o premiadas com um \u201cmar de contentamentos\u201d.<\/p>\n<p>Acredito que \u00e9 f\u00e1cil concordar com essa cr\u00edtica do poeta. Quem n\u00e3o se identifica com o sentimento de injusti\u00e7a presente nesta observa\u00e7\u00e3o de Cam\u00f5es? Esta parece ser uma cr\u00edtica comum e at\u00e9 mesmo o salmista fala disso no Salmo 73.<\/p>\n<p><em>Pois tive inveja dos arrogantes quando vi a prosperidade desses \u00edmpios.<\/em><br \/>\n<em>Eles n\u00e3o passam por sofrimento e t\u00eam o corpo saud\u00e1vel e forte.<\/em><br \/>\n<em>Est\u00e3o livres dos fardos de todos; n\u00e3o s\u00e3o atingidos por doen\u00e7as como os outros homens.<\/em><br \/>\n<em>Por isso o orgulho lhes serve de colar, e se vestem de viol\u00eancia.<\/em><br \/>\n<em>Do seu \u00edntimo brota a maldade; da sua mente transbordam maquina\u00e7\u00f5es.<\/em><br \/>\n<em>Eles zombam e falam com m\u00e1s inten\u00e7\u00f5es; em sua arrog\u00e2ncia amea\u00e7am com opress\u00e3o.<\/em><br \/>\n<em>Com a boca arrogam a si os c\u00e9us, e com a l\u00edngua se apossam da terra.<\/em><br \/>\n<em>Por isso o seu povo se volta para eles e bebem suas palavras at\u00e9 saciar-se.<\/em><br \/>\n<em>Eles dizem: \u201cComo saber\u00e1 Deus? Ter\u00e1 conhecimento o Alt\u00edssimo?\u201d<\/em><br \/>\n<em>Assim s\u00e3o os \u00edmpios; sempre despreocupados, aumentam suas riquezas.<\/em><br \/>\n<em>Certamente foi-me in\u00fatil manter puro o cora\u00e7\u00e3o e lavar as m\u00e3os na inoc\u00eancia,<\/em><br \/>\n<em>pois o dia inteiro sou afligido, e todas as manh\u00e3s sou castigado.<\/em><\/p>\n<p><em>Salmos 73:3\u201314<\/em><\/p>\n<p>O problema vem na segunda parte do poema. Invejando os maus que se d\u00e3o bem e desejando este mesmo bem para si o poeta decide ent\u00e3o agir como uma pessoa m\u00e1. Por\u00e9m seu plano n\u00e3o funciona e ele \u00e9 pego em sua maldade, sendo castigado.<\/p>\n<p>No final ele ainda reclama que logo na sua vez o mundo, que sempre recompensou a maldade de todos, resolveu ser justo. Ele se sente injusti\u00e7ado.<\/p>\n<p>Acontece que eu j\u00e1 fui Cam\u00f5es. Cansada da maldade que me atingia resolvi revidar. Resolvi ser m\u00e1 tamb\u00e9m. N\u00e3o adiantou. A pessoa m\u00e1 entende mais do assunto e obviamente vence pela experi\u00eancia.<\/p>\n<p>\u201cFui mau, mas fui castigado.\u201d<\/p>\n<p>A inveja e o sentimento de injusti\u00e7a de Cam\u00f5es, e minha pr\u00f3pria vingan\u00e7a pessoal, me fazem pensar na hist\u00f3ria de Jos\u00e9 em G\u00eanesis. Jos\u00e9 sofre uma s\u00e9rie de injusti\u00e7as por\u00e9m nunca revida a maldade. Ele, diferente de Cam\u00f5es e de mim, foi capaz de pagar o mal com bem. Obviamente a inten\u00e7\u00e3o aqui n\u00e3o \u00e9 usar Jos\u00e9 como modelo de perfei\u00e7\u00e3o, ele \u00e9 apenas um ser humano. No entanto, como crist\u00e3, creio que o Esp\u00edrito Santo guiou Jos\u00e9 o ajudando a retribuir com bondade toda maldade que sofreu.<\/p>\n<p>Afinal Deus n\u00e3o livrou Jos\u00e9 da inveja de seus irm\u00e3os ou de ser escravizado. Deus tampouco livrou Jos\u00e9 do ass\u00e9dio sexual que sofreu da esposa de Potifar ou da injusta pris\u00e3o subsequente. E Deus sequer puniu os agressores para vingar Jos\u00e9 (algo que, do ponto de vista humano, seria l\u00f3gico de se fazer).<\/p>\n<p>Ou seja, Deus n\u00e3o livrou Jos\u00e9 da maldade de pessoas m\u00e1s e nem agiu de forma vingativa como o ser humano agiria. Por\u00e9m quando lemos a hist\u00f3ria de Jos\u00e9 conseguimos perceber como Deus cuidou dele. E tamb\u00e9m como, em sua infinita miseric\u00f3rdia, transformou os \u201cgraves tormentos\u201d enfrentados por Jos\u00e9 em um \u201cmar de contentamentos\u201d para ele e, atrav\u00e9s dele, tamb\u00e9m para povo de Deus.<\/p>\n<p>Eu sou boba e a maldade do mundo ainda me choca. Minha sede de justi\u00e7a pode facilmente se transformar em sede de vingan\u00e7a. Por\u00e9m estou aprendendo que, independente do que acontecer, Deus vai cuidar de mim.<\/p>\n<p><em>Mas, para mim, bom \u00e9 estar perto de Deus; fiz do Soberano Senhor o meu ref\u00fagio.<\/em><\/p>\n<p><em>Salmos 73:28a<\/em><\/p>\n<hr \/>\n<p><span style=\"color: #000000;\"><span style=\"color: #000000;\"><img loading=\"lazy\" decoding=\"async\" class=\"alignleft size-full wp-image-9420\" src=\"https:\/\/ultimato.com.br\/sites\/jovem\/files\/2023\/06\/fotoMarianaweb.jpg\" alt=\"\" width=\"142\" height=\"142\" \/><\/span><\/span><\/p>\n<ul>\n<li style=\"list-style-type: none;\">\n<ul>\n<li>\n<ul>\n<li>\n<ul>\n<li style=\"list-style-type: none;\">\n<ul>Mariana Santana, estudante de Letras e membro da Igreja Presbiteriana do Brasil junto com seu marido. Escreve sobre literatura e teologia no Instagram @marianaeoslivros.<\/ul>\n<\/li>\n<\/ul>\n<\/li>\n<\/ul>\n<\/li>\n<\/ul>\n<\/li>\n<\/ul>\n","protected":false},"excerpt":{"rendered":"<p>O que podemos aprender com o poeta Lu\u00eds de Cam\u00f5es e com a hist\u00f3ria de Jos\u00e9 em G\u00eanesis. Por Mariana Santana Ao desconcerto do mundo Os bons vi sempre passar no mundo graves tormentos; e para mais me espantar, os maus vi sempre nadar em mar de contentamentos. Cuidando alcan\u00e7ar assim o bem t\u00e3o mal [&hellip;]<\/p>\n","protected":false},"author":19,"featured_media":0,"comment_status":"open","ping_status":"open","sticky":false,"template":"","format":"standard","meta":{"ngg_post_thumbnail":0,"footnotes":""},"categories":[9],"tags":[],"class_list":["post-9414","post","type-post","status-publish","format-standard","hentry","category-sem-categoria"],"_links":{"self":[{"href":"https:\/\/ultimato.com.br\/sites\/jovem\/wp-json\/wp\/v2\/posts\/9414","targetHints":{"allow":["GET"]}}],"collection":[{"href":"https:\/\/ultimato.com.br\/sites\/jovem\/wp-json\/wp\/v2\/posts"}],"about":[{"href":"https:\/\/ultimato.com.br\/sites\/jovem\/wp-json\/wp\/v2\/types\/post"}],"author":[{"embeddable":true,"href":"https:\/\/ultimato.com.br\/sites\/jovem\/wp-json\/wp\/v2\/users\/19"}],"replies":[{"embeddable":true,"href":"https:\/\/ultimato.com.br\/sites\/jovem\/wp-json\/wp\/v2\/comments?post=9414"}],"version-history":[{"count":5,"href":"https:\/\/ultimato.com.br\/sites\/jovem\/wp-json\/wp\/v2\/posts\/9414\/revisions"}],"predecessor-version":[{"id":9422,"href":"https:\/\/ultimato.com.br\/sites\/jovem\/wp-json\/wp\/v2\/posts\/9414\/revisions\/9422"}],"wp:attachment":[{"href":"https:\/\/ultimato.com.br\/sites\/jovem\/wp-json\/wp\/v2\/media?parent=9414"}],"wp:term":[{"taxonomy":"category","embeddable":true,"href":"https:\/\/ultimato.com.br\/sites\/jovem\/wp-json\/wp\/v2\/categories?post=9414"},{"taxonomy":"post_tag","embeddable":true,"href":"https:\/\/ultimato.com.br\/sites\/jovem\/wp-json\/wp\/v2\/tags?post=9414"}],"curies":[{"name":"wp","href":"https:\/\/api.w.org\/{rel}","templated":true}]}}