{"id":930,"date":"2011-07-19T15:10:06","date_gmt":"2011-07-19T18:10:06","guid":{"rendered":"http:\/\/ultimato.com.br\/sites\/jovem\/?p=930"},"modified":"2011-07-19T17:05:20","modified_gmt":"2011-07-19T20:05:20","slug":"o-brilho-das-sombras","status":"publish","type":"post","link":"https:\/\/ultimato.com.br\/sites\/jovem\/2011\/07\/19\/o-brilho-das-sombras\/","title":{"rendered":"O brilho das sombras"},"content":{"rendered":"<p><a href=\"http:\/\/ultimato.com.br\/sites\/jovem\/files\/2011\/07\/19_07_blogjovem_sombras.jpg\" class=\"lightview\" data-lightview-group=\"group-930\" data-lightview-options=\"skin: 'dark', controls: 'relative', padding: '10', shadow: { color: '#000000', opacity: 0.08, blur: 3 }\" data-lightview-title=\"19_07_blogjovem_sombras\"><img loading=\"lazy\" decoding=\"async\" class=\"alignleft size-full wp-image-931\" title=\"19_07_blogjovem_sombras\" src=\"http:\/\/ultimato.com.br\/sites\/jovem\/files\/2011\/07\/19_07_blogjovem_sombras.jpg\" alt=\"\" width=\"230\" height=\"173\" srcset=\"https:\/\/ultimato.com.br\/sites\/jovem\/files\/2011\/07\/19_07_blogjovem_sombras.jpg 288w, https:\/\/ultimato.com.br\/sites\/jovem\/files\/2011\/07\/19_07_blogjovem_sombras-150x112.jpg 150w\" sizes=\"auto, (max-width: 230px) 100vw, 230px\" \/><\/a>Estava tudo escuro. Sob o frio do inverno procurei correndo o interruptor de luz antes que me chocasse com algum m\u00f3vel ou com alguma ponta procurando ardentemente encontrar meu dedo mindinho do p\u00e9. \u00c9 incr\u00edvel como quina de m\u00f3vel e dedo mindinho do p\u00e9 parecem se atrair.<\/p>\n<p>Acendi a luz e logo ela apareceu. Basta um feixe de luz apenas e ela se manifesta. \u00c0s vezes se intensifica diante da claridade forte, mas mesmo em apenas uma fa\u00edsca de f\u00f3sforo ela se mostra: a sombra.<\/p>\n<p><!--more--><\/p>\n<p>Olhando para minha sombra me lembrei de Davi, que diz no Salmo 121.5 \u201co SENHOR \u00e9 a tua sombra \u00e0 tua direita\u201d. E n\u00e3o \u00e9 que a sombra estava ali. Por mais que eu tentasse me livrar ou fugir dela, ela permaneceria ali. Em meio \u00e0 escurid\u00e3o eu posso ate n\u00e3o enxerg\u00e1-la, mas ela permaneceria ali, vis\u00edvel a todos.<\/p>\n<p>Esse salmo fala ao meu cora\u00e7\u00e3o. Tem dias que parece que a vida \u00e9 s\u00f3 escurid\u00e3o e inverno. Voc\u00ea se sente sozinho, com frio e no escuro, mas \u00e9 muito bom saber que seja voc\u00ea magro ou gordo, com roupa ou nu, alto ou baixo, pobre ou rico, branco ou preto, voc\u00ea tem uma sombra e ela n\u00e3o se separa de voc\u00ea. Deus \u00e9 a tua sombra \u00e0 tua direita. Voc\u00ea pode at\u00e9 n\u00e3o enxerg\u00e1-lo, mas ele permanece ali. E quando v\u00eam as \u201csombras do vale da morte\u201d (Sl 23.4) eu n\u00e3o tenho medo, pois tu est\u00e1s comigo e eu \u201cdescanso \u00e0 sombra do onipotente\u201d (Sl 91.1)<\/p>\n<p>__________<\/p>\n<p><a href=\"http:\/\/twitter.com\/#!\/felipeheiderich\"><strong>Felipe Heiderich<\/strong><\/a> \u00e9 graduado em Teologia pela Faculdade Teol\u00f3gica Semin\u00e1rio Unido, escritor, conferencista e pregador. Um mineiro morando no Rio de Janeiro, tendo artigos e estudos publicados\u00a0<a href=\"http:\/\/www.felipeheiderich.com\/\" target=\"_blank\">neste site<\/a>.<\/p>\n","protected":false},"excerpt":{"rendered":"<p>Estava tudo escuro. Sob o frio do inverno procurei correndo o interruptor de luz antes que me chocasse com algum m\u00f3vel ou com alguma ponta procurando ardentemente encontrar meu dedo mindinho do p\u00e9. \u00c9 incr\u00edvel como quina de m\u00f3vel e dedo mindinho do p\u00e9 parecem se atrair. Acendi a luz e logo ela apareceu. Basta [&hellip;]<\/p>\n","protected":false},"author":19,"featured_media":0,"comment_status":"open","ping_status":"open","sticky":false,"template":"","format":"standard","meta":{"ngg_post_thumbnail":0,"footnotes":""},"categories":[6054],"tags":[],"class_list":["post-930","post","type-post","status-publish","format-standard","hentry","category-textos"],"_links":{"self":[{"href":"https:\/\/ultimato.com.br\/sites\/jovem\/wp-json\/wp\/v2\/posts\/930","targetHints":{"allow":["GET"]}}],"collection":[{"href":"https:\/\/ultimato.com.br\/sites\/jovem\/wp-json\/wp\/v2\/posts"}],"about":[{"href":"https:\/\/ultimato.com.br\/sites\/jovem\/wp-json\/wp\/v2\/types\/post"}],"author":[{"embeddable":true,"href":"https:\/\/ultimato.com.br\/sites\/jovem\/wp-json\/wp\/v2\/users\/19"}],"replies":[{"embeddable":true,"href":"https:\/\/ultimato.com.br\/sites\/jovem\/wp-json\/wp\/v2\/comments?post=930"}],"version-history":[{"count":7,"href":"https:\/\/ultimato.com.br\/sites\/jovem\/wp-json\/wp\/v2\/posts\/930\/revisions"}],"predecessor-version":[{"id":933,"href":"https:\/\/ultimato.com.br\/sites\/jovem\/wp-json\/wp\/v2\/posts\/930\/revisions\/933"}],"wp:attachment":[{"href":"https:\/\/ultimato.com.br\/sites\/jovem\/wp-json\/wp\/v2\/media?parent=930"}],"wp:term":[{"taxonomy":"category","embeddable":true,"href":"https:\/\/ultimato.com.br\/sites\/jovem\/wp-json\/wp\/v2\/categories?post=930"},{"taxonomy":"post_tag","embeddable":true,"href":"https:\/\/ultimato.com.br\/sites\/jovem\/wp-json\/wp\/v2\/tags?post=930"}],"curies":[{"name":"wp","href":"https:\/\/api.w.org\/{rel}","templated":true}]}}