{"id":9226,"date":"2022-11-01T16:52:13","date_gmt":"2022-11-01T19:52:13","guid":{"rendered":"https:\/\/ultimato.com.br\/sites\/jovem\/?p=9226"},"modified":"2022-11-03T08:56:51","modified_gmt":"2022-11-03T11:56:51","slug":"comparou-se-perdeu","status":"publish","type":"post","link":"https:\/\/ultimato.com.br\/sites\/jovem\/2022\/11\/01\/comparou-se-perdeu\/","title":{"rendered":"Comparou-se? Perdeu!"},"content":{"rendered":"<p><span style=\"color: #000000;\"><em>Por Ti\u00e9ly Costa<\/em><\/span><\/p>\n<p><img loading=\"lazy\" decoding=\"async\" class=\"alignright wp-image-9233 size-full\" title=\"Aitoff | Pixabay.com\" src=\"https:\/\/ultimato.com.br\/sites\/jovem\/files\/2022\/11\/blog_jovem_1-11-22_comparou.jpg\" alt=\"\" width=\"350\" height=\"262\" srcset=\"https:\/\/ultimato.com.br\/sites\/jovem\/files\/2022\/11\/blog_jovem_1-11-22_comparou.jpg 350w, https:\/\/ultimato.com.br\/sites\/jovem\/files\/2022\/11\/blog_jovem_1-11-22_comparou-300x225.jpg 300w\" sizes=\"auto, (max-width: 350px) 100vw, 350px\" \/>Uma das grandes manias do ser humano \u00e9 se comparar com o pr\u00f3ximo, n\u00e3o \u00e9 mesmo?! A compara\u00e7\u00e3o come\u00e7a desde cedo quando os pais comparam os filhos ou quando o irm\u00e3o mais velho se torna ponto de refer\u00eancia para o mais novo. At\u00e9 mesmo no almo\u00e7o de Ano Novo, quando a fam\u00edlia reunida aproveita para comparar os primos \u00e9 como se valesse comparar tudo, desde a vida acad\u00eamica ao estilo do cabelo, aos relacionamentos e por a\u00ed vai. Atire a primeira pedra quem nunca teve a tia do \u201cE os namoradinhos? Sua prima casou aos 20 e voc\u00ea j\u00e1 est\u00e1 chegando aos 30\u201d.<\/p>\n<p>A compara\u00e7\u00e3o \u00e9 definida como uma figura de linguagem na l\u00edngua portuguesa que consiste na ideia de relacionar dois termos diferentes numa mesma ora\u00e7\u00e3o. Repare: dois termos diferentes. Parafraseando para nosso contexto de relacionamento interpessoal, seria comparar duas vidas diferentes, dois seres pensantes diferentes, dois corpos diferentes e pode ir al\u00e9m, quando se trata de duas culturas, fam\u00edlias, condi\u00e7\u00f5es financeiras: diferentes. Portanto, torna-se cruel colocarmos sobre n\u00f3s o fardo chamado compara\u00e7\u00e3o. N\u00e3o \u00e9 que voc\u00ea esteja no cap\u00edtulo 3 e o outro no cap\u00edtulo 11 na vida, na verdade, \u00e9 sobre cada um escrever uma hist\u00f3ria diferente. <a href=\"https:\/\/www.ultimato.com.br\/loja\/produtos\/um-novo-dia\" target=\"_blank\" rel=\"noopener\">Cada pessoa tem sua pr\u00f3pria luta<\/a> e s\u00f3 quem vive sabe de fato o tamanho do le\u00e3o que precisa matar diariamente.<\/p>\n<p>Tive uma professora que dizia \u201cComparou; perdeu\u201d. No fundo \u00e9 exatamente isso, perdemos tempo ou paz. Vale assinalar que podemos nos inspirar em algu\u00e9m desde que isto n\u00e3o se torne um desejo de ser a outra pessoa. N\u00e3o existe isso. A sua vida s\u00f3 voc\u00ea vive. Alguns v\u00e3o virar funcion\u00e1rios e outros patr\u00f5es, uns v\u00e3o viver doentes e outros morrer sem tomar rem\u00e9dios, uns v\u00e3o casar aos 20 e outros n\u00e3o querem casar, uns v\u00e3o ter tr\u00eas filhos e outros um cachorro.<\/p>\n<p>\u201cValorize a sua jornada\u201d parece frase de efeito e pode at\u00e9 ser, o importante \u00e9 voc\u00ea conseguir contemplar as pequenas coisas dos dias comuns e contentar-se com a sua hist\u00f3ria, que \u00e9 \u00fanica. De vez em quando compensa, e muito, parar e <a href=\"https:\/\/www.ultimato.com.br\/loja\/produtos\/pensamentos-transformados-emocoes-redimidas\" target=\"_blank\" rel=\"noopener\">reconhecer os motivos de sermos gratos<\/a>. Voc\u00ea pode estar enfrentando um fardo imenso, e em algum lugar tem um outro ser humano enfrentando problemas diferentes e muito pesados.<\/p>\n<p>Viver n\u00e3o se resume \u00e0 \u201clinha de chegada\u201d, viver \u00e9 sobre apreciar as coisas do dia a dia. As festas do Ano Novo s\u00e3o legais, no entanto, os dias de fevereiro a novembro tamb\u00e9m s\u00e3o preciosos. O fim de semana \u00e9 o mais esperado, mas a segunda-feira tamb\u00e9m tem seu valor. N\u00e3o caia na armadilha da compara\u00e7\u00e3o.<\/p>\n<p>A B\u00edblia nos diz em Eclesiastes 3 que existe um tempo para todas as coisas. E quando vivemos de acordo com essa convic\u00e7\u00e3o, alcan\u00e7amos a plenitude em Deus. Confiar em Deus \u00e9 como aprender a nadar, n\u00e3o tem como aprender a nadar sem entrar na \u00e1gua. Por mais que o professor ensine, o aluno precisa se molhar e tentar. Do mesmo modo \u00e9 a f\u00e9, precisamos aprender sobre Jesus e nos permitir ser cuidados por Ele. \u00c9 preciso ouvir suas instru\u00e7\u00f5es e obedecer.<\/p>\n<p>&nbsp;<\/p>\n<p><em>\u201cTudo tem o seu tempo determinado, e h\u00e1 tempo para todo prop\u00f3sito debaixo do c\u00e9u: h\u00e1 tempo de nascer e tempo de morrer; tempo de plantar e tempo de arrancar o que se plantou; tempo de matar e tempo de curar; tempo de derribar e tempo de edificar; tempo de chorar e tempo de rir; tempo de prantear e tempo de saltar de alegria; tempo de espalhar pedras e tempo de ajuntar pedras; tempo de abra\u00e7ar e tempo de afastar-se de abra\u00e7ar; tempo de buscar e tempo de perder; tempo de guardar e tempo de deitar fora; tempo de rasgar e tempo de coser; tempo de estar calado e tempo de falar; tempo de amar e tempo de aborrecer; tempo de guerra e tempo de paz.\u201d &#8211; Eclesiastes 3.1-8<\/em><\/p>\n<p>&nbsp;<\/p>\n<ul>\n<li><strong>Ti\u00e9ly Costa<\/strong> \u00e9 estudante, artes\u00e3 e membro da Igreja Batista Memorial em Vi\u00e7osa, MG.<\/li>\n<\/ul>\n<p>&nbsp;<\/p>\n<p><strong>Saiba mais<\/strong><br \/>\n\u00bb <a href=\"https:\/\/www.ultimato.com.br\/revista\/375\" target=\"_blank\" rel=\"noopener\"><em>Contentamento<\/em>, edi\u00e7\u00e3o 375 de <strong>Ultimato<\/strong><\/a><br \/>\n\u00bb <a href=\"https:\/\/www.ultimato.com.br\/loja\/produtos\/um-novo-dia\" target=\"_blank\" rel=\"noopener\"><em>Um Novo Dia<\/em>, Emma Scrivener<\/a><\/p>\n<p>&nbsp;<\/p>\n<blockquote><p><strong><img loading=\"lazy\" decoding=\"async\" class=\"alignright wp-image-9227\" src=\"https:\/\/ultimato.com.br\/sites\/jovem\/files\/2022\/11\/capa_398-scaled.jpg\" alt=\"\" width=\"169\" height=\"220\" srcset=\"https:\/\/ultimato.com.br\/sites\/jovem\/files\/2022\/11\/capa_398-scaled.jpg 1969w, https:\/\/ultimato.com.br\/sites\/jovem\/files\/2022\/11\/capa_398-231x300.jpg 231w, https:\/\/ultimato.com.br\/sites\/jovem\/files\/2022\/11\/capa_398-788x1024.jpg 788w, https:\/\/ultimato.com.br\/sites\/jovem\/files\/2022\/11\/capa_398-768x998.jpg 768w, https:\/\/ultimato.com.br\/sites\/jovem\/files\/2022\/11\/capa_398-1182x1536.jpg 1182w, https:\/\/ultimato.com.br\/sites\/jovem\/files\/2022\/11\/capa_398-1576x2048.jpg 1576w, https:\/\/ultimato.com.br\/sites\/jovem\/files\/2022\/11\/capa_398-732x951.jpg 732w, https:\/\/ultimato.com.br\/sites\/jovem\/files\/2022\/11\/capa_398-1140x1482.jpg 1140w\" sizes=\"auto, (max-width: 169px) 100vw, 169px\" \/><a href=\"https:\/\/www.ultimato.com.br\/revista\/398\" target=\"_blank\" rel=\"noopener\">A sabedoria grita nas ruas \u2013 quem vai ouvir?<\/a><\/strong><\/p>\n<p>A sabedoria \u00e9 um estilo de vida, que integra o modo de ser e o de agir. O livro de Prov\u00e9rbios \u00e9 um eco da Lei Divina implantada em nossa consci\u00eancia e expressa nas Escrituras. Os escritos de Prov\u00e9rbios repetem em diferente estilo liter\u00e1rio as inten\u00e7\u00f5es dos mandamentos registrados no Pentateuco, as exig\u00eancias de Deus transmitidas pelos profetas, e s\u00e3o not\u00e1veis nos ensinos das Cartas Gerais e das de Paulo, bem como nas palavras de Cristo nos Evangelhos. Existe uma s\u00f3 sabedoria antes e depois de Cristo. Ela continua sendo \u201co temor do Senhor\u201d.<\/p><\/blockquote>\n","protected":false},"excerpt":{"rendered":"<p>Por Ti\u00e9ly Costa Uma das grandes manias do ser humano \u00e9 se comparar com o pr\u00f3ximo, n\u00e3o \u00e9 mesmo?! A compara\u00e7\u00e3o come\u00e7a desde cedo quando os pais comparam os filhos ou quando o irm\u00e3o mais velho se torna ponto de refer\u00eancia para o mais novo. At\u00e9 mesmo no almo\u00e7o de Ano Novo, quando a fam\u00edlia [&hellip;]<\/p>\n","protected":false},"author":19,"featured_media":0,"comment_status":"open","ping_status":"open","sticky":false,"template":"","format":"standard","meta":{"ngg_post_thumbnail":0,"footnotes":""},"categories":[9],"tags":[31871,31840,45442],"class_list":["post-9226","post","type-post","status-publish","format-standard","hentry","category-sem-categoria","tag-comparacao","tag-jornada","tag-tiely-costa"],"_links":{"self":[{"href":"https:\/\/ultimato.com.br\/sites\/jovem\/wp-json\/wp\/v2\/posts\/9226","targetHints":{"allow":["GET"]}}],"collection":[{"href":"https:\/\/ultimato.com.br\/sites\/jovem\/wp-json\/wp\/v2\/posts"}],"about":[{"href":"https:\/\/ultimato.com.br\/sites\/jovem\/wp-json\/wp\/v2\/types\/post"}],"author":[{"embeddable":true,"href":"https:\/\/ultimato.com.br\/sites\/jovem\/wp-json\/wp\/v2\/users\/19"}],"replies":[{"embeddable":true,"href":"https:\/\/ultimato.com.br\/sites\/jovem\/wp-json\/wp\/v2\/comments?post=9226"}],"version-history":[{"count":6,"href":"https:\/\/ultimato.com.br\/sites\/jovem\/wp-json\/wp\/v2\/posts\/9226\/revisions"}],"predecessor-version":[{"id":9234,"href":"https:\/\/ultimato.com.br\/sites\/jovem\/wp-json\/wp\/v2\/posts\/9226\/revisions\/9234"}],"wp:attachment":[{"href":"https:\/\/ultimato.com.br\/sites\/jovem\/wp-json\/wp\/v2\/media?parent=9226"}],"wp:term":[{"taxonomy":"category","embeddable":true,"href":"https:\/\/ultimato.com.br\/sites\/jovem\/wp-json\/wp\/v2\/categories?post=9226"},{"taxonomy":"post_tag","embeddable":true,"href":"https:\/\/ultimato.com.br\/sites\/jovem\/wp-json\/wp\/v2\/tags?post=9226"}],"curies":[{"name":"wp","href":"https:\/\/api.w.org\/{rel}","templated":true}]}}