{"id":9216,"date":"2022-10-27T13:52:48","date_gmt":"2022-10-27T16:52:48","guid":{"rendered":"https:\/\/ultimato.com.br\/sites\/jovem\/?p=9216"},"modified":"2022-10-27T15:43:52","modified_gmt":"2022-10-27T18:43:52","slug":"usando-a-regua-errada","status":"publish","type":"post","link":"https:\/\/ultimato.com.br\/sites\/jovem\/2022\/10\/27\/usando-a-regua-errada\/","title":{"rendered":"Usando a r\u00e9gua errada"},"content":{"rendered":"<h3>Narcisos ensimesmados se afogando nos tweets das elei\u00e7\u00f5es<\/h3>\n<p><em><img loading=\"lazy\" decoding=\"async\" class=\"alignright wp-image-9221\" title=\"Alexas_Fotos | Pixabay.com\" src=\"https:\/\/ultimato.com.br\/sites\/jovem\/files\/2022\/10\/blog_jovem_gabriela_prilip_regua-1.jpg\" alt=\"\" width=\"350\" height=\"233\" srcset=\"https:\/\/ultimato.com.br\/sites\/jovem\/files\/2022\/10\/blog_jovem_gabriela_prilip_regua-1.jpg 960w, https:\/\/ultimato.com.br\/sites\/jovem\/files\/2022\/10\/blog_jovem_gabriela_prilip_regua-1-300x200.jpg 300w, https:\/\/ultimato.com.br\/sites\/jovem\/files\/2022\/10\/blog_jovem_gabriela_prilip_regua-1-768x512.jpg 768w, https:\/\/ultimato.com.br\/sites\/jovem\/files\/2022\/10\/blog_jovem_gabriela_prilip_regua-1-732x488.jpg 732w\" sizes=\"auto, (max-width: 350px) 100vw, 350px\" \/>Por Gabriela Prilip<\/em><\/p>\n<p>Se voc\u00ea tem um irm\u00e3o, provavelmente voc\u00ea sabe melhor do que ningu\u00e9m que irm\u00e3os brigam. Eu mesma j\u00e1 quebrei bra\u00e7o e perna quando crian\u00e7a gra\u00e7as ao meu irm\u00e3o. Se voc\u00ea n\u00e3o tem irm\u00e3os, provavelmente voc\u00ea tenha amigos at\u00e9 mais chegados do que um irm\u00e3o e talvez j\u00e1 tenha se desentendido com ele tamb\u00e9m. Se nada se encaixa &#8211; <em>talvez voc\u00ea precise fazer amigos <\/em>&#8211; temos exemplos b\u00edblicos de desentendimentos. Imagina s\u00f3: se a galera que andava junto e, mais do que isso, lado a lado literalmente com Jesus, em carne e osso, 100% corporificado, brigavam e se traiam, quanto mais a gente\u2026<\/p>\n<p>Talvez hoje seja muito mais f\u00e1cil brigar, xingar e desrespeitar quando vemos muito menos as pessoas face a face, quando n\u00e3o vemos rostos; quando um avatar que pode ser a foto mesmo da pessoa ou de qualquer outro personagem vira o s\u00edmbolo de algu\u00e9m que talvez voc\u00ea mal conhe\u00e7a mediado por uma tela. As rela\u00e7\u00f5es parecem n\u00e3o reais no virtual e isso \u00e9 ruim, porque apesar de n\u00e3o parecer muitas vezes <em>&#8211; e apesar dos bots &#8211;<\/em> em sua maioria, ainda s\u00e3o pessoas reais por tr\u00e1s de alguns caracteres.<\/p>\n<p>Tem sido muito doloroso ler depoimentos de pessoas dentro e fora da igreja se sentindo atacadas por palavras e insultos de alguns que t\u00eam sujado a imagem da igreja e do evangelho. Tenho visto, desde alguns anos atr\u00e1s, pessoas deixando a f\u00e9 por conta de posicionamentos pol\u00edticos, racismo, xenofobia. Todo mundo sabe que alguns tipos de posicionamento, ainda mais vindos de um pastor ou figura p\u00fablica, podem machucar outros irm\u00e3os e pior ainda, afast\u00e1-los da f\u00e9. E o que continuamos fazendo? Postando cada vez mais, mesmo sabendo do impacto negativo dos posicionamentos; continuamos cutucando as feridas das pessoas. E a B\u00edblia diversas vezes nos orienta a n\u00e3o fazer aquilo que faz mal para o outro. Tudo isso \u00e9 um insulto muito grande com pessoas feitas \u00e0 imagem e semelhan\u00e7a de Deus al\u00e9m de uma falta de cuidado e pensamento no pr\u00f3ximo. Mas tudo bem se for no Twitter, n\u00e9?Quando penso nisso, o texto de Romanos 14 me vem \u00e0 cabe\u00e7a. Tudo bem que eles est\u00e3o falando de comida \u2013 <em>o que \u00e9 sempre um bom assunto<\/em> \u2013, mas d\u00e1 pra fazer um paralelo:<\/p>\n<p>\u201cEu sei, e estou convencido com base na autoridade do Senhor Jesus, que nenhum alimento \u00e9 por si mesmo impuro. Mas, se algu\u00e9m considera errado ingerir determinado alimento, para essa pessoa ele \u00e9 impuro.<\/p>\n<p>E, se outro irm\u00e3o se aflige em raz\u00e3o do que voc\u00ea come, ao ingerir esse alimento voc\u00ea n\u00e3o age com amor. N\u00e3o deixe que sua comida seja a causa da perdi\u00e7\u00e3o de algu\u00e9m por quem Cristo morreu.<\/p>\n<p>Desse modo, voc\u00ea n\u00e3o ser\u00e1 criticado por fazer algo que, a seu ver, \u00e9 bom.<\/p>\n<p>Pois o reino de Deus n\u00e3o diz respeito ao que comemos ou bebemos, mas a uma vida de justi\u00e7a, paz e alegria no Esp\u00edrito Santo.<\/p>\n<p>Se servirem a Cristo com essa atitude, agradar\u00e3o a Deus e tamb\u00e9m receber\u00e3o a aprova\u00e7\u00e3o das pessoas.<\/p>\n<p>Portanto, tenhamos como alvo a harmonia e procuremos edificar uns aos outros.<\/p>\n<p>N\u00e3o destruam a obra de Deus por causa da comida. Embora todos os alimentos sejam aceit\u00e1veis, \u00e9 errado comer algo que leve algu\u00e9m a trope\u00e7ar.<\/p>\n<p>\u00c9 melhor deixar de comer carne, ou de beber vinho, ou de fazer qualquer outra coisa que leve um irm\u00e3o a trope\u00e7ar.<\/p>\n<p>Voc\u00ea tem direito a suas convic\u00e7\u00f5es, mas guarde isso entre voc\u00ea e Deus. Felizes s\u00e3o aqueles que n\u00e3o se sentem culpados por fazer algo que consideram correto.\u201d (Romanos 14.14-22)<\/p>\n<p>N\u00f3s n\u00e3o dever\u00edamos fazer ningu\u00e9m trope\u00e7ar, am\u00e9m?<\/p>\n<p>&nbsp;<\/p>\n<p><strong>Temos usado a r\u00e9gua errada pra medir qualquer coisa.<\/strong><\/p>\n<p>Na celebra\u00e7\u00e3o <a href=\"https:\/\/www.ultimato.com.br\/conteudo\/musica-testemunhos-e-encontro-de-geracoes-marcam-celebracao-do-projeto-legado-louvor\">Legado e Louvor<\/a>, ouvi o grande <em>(e com quem tamb\u00e9m gostaria de um caf\u00e9, fica o convite)<\/em> Ziel Machado, dizer que \u201c<em>estamos dando a C\u00e9sar muito mais do que dever\u00edamos\u201d<\/em>. Talvez eu tenha parafraseado porque n\u00e3o lembro as palavras exatas, mas essa frase ficou ecoando at\u00e9 hoje por aqui e, infelizmente, tem feito sentido.<\/p>\n<p>Estamos preferindo continuar postando frases de \u00f3dio regadas com preconceito ainda que isso cause dor e fira o outro. Preferimos fincar uma bandeira de posicionamento ainda que isso afaste cada vez mais pessoas da igreja e cause ainda mais repulsa pelo que seria o verdadeiro evangelho. Estamos medindo a nossa unidade por pessoas e n\u00e3o por Cristo.<\/p>\n<p>Eu me envergonho muito desse evangelho proferido com pol\u00edtica porque Deus \u00e9 muito claro: a C\u00e9sar o que \u00e9 de C\u00e9sar. Ferir as pessoas e afast\u00e1-las de Cristo \u00e9 totalmente distante de qualquer boa inten\u00e7\u00e3o, essa que tentam camuflar, mas n\u00e3o tem como estar presente em qualquer discurso de \u00f3dio.<\/p>\n<p>Ana Heloysa tem uma m\u00fasica que eu acho incr\u00edvel e que descreve t\u00e3o bem esse nosso momento: estamos \u201c<em>ensimesmados\u201d<\/em>, transbordantemente apenas cheios de n\u00f3s mesmos:<\/p>\n<blockquote><p><em>Mas eu me ensimesmo<\/em><\/p>\n<p><em>Eu me ensimesmo<\/em><\/p>\n<p><em>E perco o que a vida tem de bom pra oferecer<\/em><\/p>\n<p><em>Mas eu me ensimesmo<\/em><\/p>\n<p><em>Eu me ensimesmo<\/em><\/p>\n<p><em>Fa\u00e7o o contr\u00e1rio do Deus<\/em><\/p>\n<p><em>Que a Si mesmo se deu<\/em><\/p>\n<p><em>Pra nos salvar<\/em><\/p><\/blockquote>\n<p><a href=\"https:\/\/www.ultimato.com.br\/loja\/produtos\/o-evangelho\">O Evangelho<\/a> \u00e9 muito claro quando repleto de ensinamentos sobre reconhecer o outro como mais importante do que eu, tomar a pr\u00f3pria cruz, negar a si mesmo e seguir a Cristo. A B\u00edblia mostra um Deus que respeita nosso tempo e espa\u00e7o, mostra um Cristo preocupado com crian\u00e7as, mulheres, vi\u00favas, leprosos, minorias, marginalizados, vulner\u00e1veis e esquecidos que raramente fazem parte de qualquer pauta pol\u00edtica \u2013 essa \u00faltima pela qual temos dado toda nossa voz, tempo e energia. Poucas vezes somos chamados a olhar para n\u00f3s mesmos e quando somos, \u00e9 apenas para nos examinar e tirar a trave do pr\u00f3prio olho, nunca pra nos enchermos mais e mais de n\u00f3s e dos nossos planos ou atacar o outro.<\/p>\n<p><a href=\"https:\/\/www.ultimato.com.br\/loja\/produtos\/discipulado-e-transformacao\"><img loading=\"lazy\" decoding=\"async\" class=\"aligncenter wp-image-9217\" title=\"Discipulado e Transforma\u00e7\u00e3o\" src=\"https:\/\/ultimato.com.br\/sites\/jovem\/files\/2022\/10\/destaque_DeT.jpg\" alt=\"\" width=\"545\" height=\"250\" srcset=\"https:\/\/ultimato.com.br\/sites\/jovem\/files\/2022\/10\/destaque_DeT.jpg 720w, https:\/\/ultimato.com.br\/sites\/jovem\/files\/2022\/10\/destaque_DeT-300x138.jpg 300w\" sizes=\"auto, (max-width: 545px) 100vw, 545px\" \/><\/a><\/p>\n<p>Qualquer que seja a \u201cpauta crist\u00e3\u201d defendida por qualquer candidato \u2013 fazendo um par\u00eantese de que coisas n\u00e3o s\u00e3o crist\u00e3s\u2026apenas as pessoas que escolhem Cristo, e isso envolve muito mais do que palavras (<em>foi mal Madre Tereza<\/em>) \u2013 elas precisam ser vistas com um olhar cr\u00edtico, lembrando que pol\u00edtica n\u00e3o \u00e9 igreja ou corpo de Cristo. Proferir palavras como \u201cfam\u00edlia, Deus\u201d \u00e9 igual a nada. At\u00e9 o Diabo profere essa e outras palavras e falou at\u00e9 diretamente com o pr\u00f3prio Cristo. <a href=\"https:\/\/www.ultimato.com.br\/revista\/373\">Seguir a Cristo<\/a> \u00e9 sobre atitude, \u00e9 sobre viver e n\u00e3o em prol de si mesmo e muito menos de dom\u00ednio que nunca foi pauta do Evangelho, vale um refor\u00e7o. O evangelho se d\u00e1 na realidade, nas viv\u00eancias do dia a dia com o outro. Deveria ser esquecer de si pra buscar o melhor pelo outro, os interesses do outro antes dos nossos. Agora, quem teve essa pauta? S\u00f3 Cristo mesmo e longe da pol\u00edtica. N\u00f3s seguimos falhando como \u201cpequenos cristos\u201d. O evangelho nada tem a ver com dom\u00ednio. Cristo n\u00e3o se d\u00e1 assim. A gente aprende pequenininho l\u00e1 na EBF que precisa deixar Jesus entrar no nosso cora\u00e7\u00e3o. Ele \u00e9 muito mais respeitoso do que os nossos tweets. N\u00e3o existe domina\u00e7\u00e3o no evangelho. Existe gra\u00e7a, amor, paci\u00eancia, sacrif\u00edcio e miseric\u00f3rdia.<\/p>\n<p><a href=\"https:\/\/www.ultimato.com.br\/revista\/383\">N\u00f3s, ensimesmados<\/a>, precisamos ter muito cuidado para que a nossa vontade de deixar nossos posicionamentos muito claros seja maior do que buscar o melhor para as pessoas ainda que isso inclua negar a n\u00f3s mesmos pelo bem do outro. A nossa r\u00e9gua precisa ser uma s\u00f3. Precisava ser Cristo. N\u00e3o lembro onde li, mas sempre me marca a ideia de o evangelho ser uma mesa gigante onde qualquer um \u00e9 bem-vindo. Pelo sangue de Cristo n\u00e3o h\u00e1 mais judeu, grego, romano, homem, mulher\u2026somos todos um s\u00f3 em Cristo. Ou dever\u00edamos. Isso, aparentemente e recentemente, se restringe a um cap\u00edtulo esquecido em algum momento do novo testamento.<\/p>\n<p>Se a r\u00e9gua fosse realmente Cristo, frear\u00edamos nossa l\u00edngua, engolir\u00edamos palavras e caracteres, pensar\u00edamos no pr\u00f3ximo, infinitamente mais necessitado que n\u00f3s. Nossa r\u00e9gua n\u00e3o \u00e9 Cristo e a verdade precisa nos libertar. Por isso, o primeiro passo \u00e9 reconhecer. Reconhecer, lamentar e entender a necessidade do perd\u00e3o nesses tempos t\u00e3o obscuros em que passamos a olhar s\u00f3 para n\u00f3s e nos perdemos como o narciso que se afoga na pr\u00f3pria imagem.<\/p>\n<p>Precisamos olhar verdadeiramente para Cristo para enxergar melhor as pessoas, mas talvez nossos olhos estejam presos nas telas. E sem ver Ele, \u00e9 imposs\u00edvel ver qualquer outra coisa.<\/p>\n<ul>\n<li><strong>Gabriela Prilip<\/strong>, 28 anos, casada. Artista, formada em marketing, p\u00f3s graduada em Ci\u00eancias do Consumo e Neuroci\u00eancias. Atualmente estudante de Psicologia. Congrega no Projeto 242.<\/li>\n<\/ul>\n<hr \/>\n<p><strong>Saiba mais:<\/strong><\/p>\n<p>\u00bb <a href=\"https:\/\/www.ultimato.com.br\/conteudo\/etica-crista-na-internet\">\u00c9tica crist\u00e3 na internet<\/a><br \/>\n\u00bb <a href=\"https:\/\/www.ultimato.com.br\/loja\/produtos\/o-discipulo\">O Disc\u00edpulo<\/a><br \/>\n\u00bb <a href=\"https:\/\/ultimato.com.br\/sites\/caminhosdamissao\/2022\/10\/25\/uma-comunidade-de-aprendizagem-onde-todos-sao-discipulos-de-jesus-de-nazare\/\">Uma comunidade de aprendizagem onde todos s\u00e3o disc\u00edpulos de Jesus de Nazar\u00e9<\/a><\/p>\n","protected":false},"excerpt":{"rendered":"<p>Narcisos ensimesmados se afogando nos tweets das elei\u00e7\u00f5es Por Gabriela Prilip Se voc\u00ea tem um irm\u00e3o, provavelmente voc\u00ea sabe melhor do que ningu\u00e9m que irm\u00e3os brigam. Eu mesma j\u00e1 quebrei bra\u00e7o e perna quando crian\u00e7a gra\u00e7as ao meu irm\u00e3o. Se voc\u00ea n\u00e3o tem irm\u00e3os, provavelmente voc\u00ea tenha amigos at\u00e9 mais chegados do que um irm\u00e3o [&hellip;]<\/p>\n","protected":false},"author":19,"featured_media":0,"comment_status":"open","ping_status":"open","sticky":false,"template":"","format":"standard","meta":{"ngg_post_thumbnail":0,"footnotes":""},"categories":[9],"tags":[5479,45441],"class_list":["post-9216","post","type-post","status-publish","format-standard","hentry","category-sem-categoria","tag-eleicoes","tag-gabriela-prilip"],"_links":{"self":[{"href":"https:\/\/ultimato.com.br\/sites\/jovem\/wp-json\/wp\/v2\/posts\/9216","targetHints":{"allow":["GET"]}}],"collection":[{"href":"https:\/\/ultimato.com.br\/sites\/jovem\/wp-json\/wp\/v2\/posts"}],"about":[{"href":"https:\/\/ultimato.com.br\/sites\/jovem\/wp-json\/wp\/v2\/types\/post"}],"author":[{"embeddable":true,"href":"https:\/\/ultimato.com.br\/sites\/jovem\/wp-json\/wp\/v2\/users\/19"}],"replies":[{"embeddable":true,"href":"https:\/\/ultimato.com.br\/sites\/jovem\/wp-json\/wp\/v2\/comments?post=9216"}],"version-history":[{"count":5,"href":"https:\/\/ultimato.com.br\/sites\/jovem\/wp-json\/wp\/v2\/posts\/9216\/revisions"}],"predecessor-version":[{"id":9224,"href":"https:\/\/ultimato.com.br\/sites\/jovem\/wp-json\/wp\/v2\/posts\/9216\/revisions\/9224"}],"wp:attachment":[{"href":"https:\/\/ultimato.com.br\/sites\/jovem\/wp-json\/wp\/v2\/media?parent=9216"}],"wp:term":[{"taxonomy":"category","embeddable":true,"href":"https:\/\/ultimato.com.br\/sites\/jovem\/wp-json\/wp\/v2\/categories?post=9216"},{"taxonomy":"post_tag","embeddable":true,"href":"https:\/\/ultimato.com.br\/sites\/jovem\/wp-json\/wp\/v2\/tags?post=9216"}],"curies":[{"name":"wp","href":"https:\/\/api.w.org\/{rel}","templated":true}]}}