{"id":9137,"date":"2022-07-26T11:38:34","date_gmt":"2022-07-26T14:38:34","guid":{"rendered":"https:\/\/ultimato.com.br\/sites\/jovem\/?p=9137"},"modified":"2022-07-29T08:28:58","modified_gmt":"2022-07-29T11:28:58","slug":"para-mudar-o-mundo","status":"publish","type":"post","link":"https:\/\/ultimato.com.br\/sites\/jovem\/2022\/07\/26\/para-mudar-o-mundo\/","title":{"rendered":"Para mudar o mundo"},"content":{"rendered":"<div id=\"texto\">\n<p><em>Por Lucas Rolim<\/em><\/p>\n<p><img loading=\"lazy\" decoding=\"async\" class=\"alignright wp-image-9138\" title=\"Margot RICHARD | Unsplash.com\" src=\"https:\/\/ultimato.com.br\/sites\/jovem\/files\/2022\/07\/blog_jovem_mudar.jpg\" alt=\"\" width=\"350\" height=\"467\" srcset=\"https:\/\/ultimato.com.br\/sites\/jovem\/files\/2022\/07\/blog_jovem_mudar.jpg 735w, https:\/\/ultimato.com.br\/sites\/jovem\/files\/2022\/07\/blog_jovem_mudar-225x300.jpg 225w, https:\/\/ultimato.com.br\/sites\/jovem\/files\/2022\/07\/blog_jovem_mudar-732x976.jpg 732w\" sizes=\"auto, (max-width: 350px) 100vw, 350px\" \/>H\u00e1 algum tempo assisti ao filme \u201cQuase Deuses\u201d. Depois de v\u00ea-lo, \u00e9 dif\u00edcil n\u00e3o sentir a necessidade de repensar minhas atividades e <a href=\"https:\/\/ultimato.com.br\/sites\/jovem\/2019\/09\/27\/deus-se-importa-com-seus-pequenos-sonhos\/\">sonhos<\/a>, afinal preciso marcar o mundo de uma maneira mais significativa e minhas a\u00e7\u00f5es devem ter isso como alvo, certo? Tolice pensar assim. N\u00e3o pelo desejo de transformar o mundo, mas por estar motivado por um sentimento incorreto e que, com certeza, n\u00e3o era o presente na hist\u00f3ria do filme.<\/p>\n<\/div>\n<div>\n<p>O personagem principal, Vivien Thomas, era um negro norte-americano que herdou o of\u00edcio do pai marceneiro com ex\u00edmia habilidade. Contudo, sonhava ser m\u00e9dico. Isso dentro de uma realidade ainda repressiva e de <a href=\"https:\/\/ultimato.com.br\/sites\/jovem\/2020\/09\/29\/igreja-o-ultimo-lugar-pra-se-encontrar-racismo-e-o-primeiro-a-se-levantar-contra\/\">discrimina\u00e7\u00e3o<\/a>, em que uma pessoa \u201cde cor\u201d tinha de usar banheiros pr\u00f3prios para sua ra\u00e7a, al\u00e9m de sentar em lugares espec\u00edficos nos \u00f4nibus e dar passagem para os brancos que atravessassem seu caminho &#8212; repugnante! Em certo momento da vida, Vivien viu a oportunidade de trabalhar como faxineiro em um excelente laborat\u00f3rio de pesquisa, coordenado por um m\u00e9dico da Universidade Johns Hopkins, o doutor Alfred Blalock. Era o lugar ideal para se envolver com a \u00e1rea m\u00e9dica, e o fato de ser faxineiro n\u00e3o impediu Vivien disso. Seu interesse pela medicina, seu \u201cautodidatismo\u201d, sua incr\u00edvel capacidade de manejar instrumentos cir\u00fargicos e o cuidadoso m\u00e9todo de registrar todas as descobertas realizadas foram percebidos rapidamente pelo doutor Blalock, e juntos fizeram descobertas significativas para a medicina moderna. Vivien era apaixonado pelo que fazia.<\/p>\n<div>\n<div>\n<p><a href=\"https:\/\/www.ultimato.com.br\/loja\/produtos\/vocacao-e-juventude-ebook\"><img loading=\"lazy\" decoding=\"async\" class=\"alignleft wp-image-9145 size-full\" title=\"Voca\u00e7\u00e3o e Juventude (E-BOOK)\" src=\"https:\/\/ultimato.com.br\/sites\/jovem\/files\/2022\/07\/bannerD_vocacao_juventude.gif\" alt=\"\" width=\"120\" height=\"240\" \/><\/a>Paix\u00e3o pelo que se faz. Essa \u00e9 a li\u00e7\u00e3o principal do filme. Depois de nos darmos conta da import\u00e2ncia desse elemento, percebemos como muitas das nossas ambi\u00e7\u00f5es, apesar de leg\u00edtimas, est\u00e3o pautadas mais no resultado que podem trazer do que no prazer de realizar o of\u00edcio que precede o resultado. \u00c9 como se o desejo por realizar algo surgisse s\u00f3 depois de vislumbrar a revolu\u00e7\u00e3o que gostar\u00edamos de provocar no mundo. Sentimento puramente orgulhoso e, por isso, totalmente ign\u00f3bil. Ao amar o prest\u00edgio mais do que meu of\u00edcio, n\u00e3o vivo o presente e perco a oportunidade de experimentar li\u00e7\u00f5es valiosas &#8212; como a de n\u00e3o andar<a href=\"https:\/\/ultimato.com.br\/sites\/jovem\/2019\/06\/28\/a-cegueira-da-ansiedade-e-o-cuidado-divino\/\"> ansioso<\/a> com coisa alguma; ou a de que a <a href=\"https:\/\/ultimato.com.br\/sites\/jovem\/2019\/12\/09\/pra-qualquer-maltrapilho-uma-graca-que-basta\/\">gra\u00e7a de Deus nos basta<\/a>; ou a de que s\u00e3o os prop\u00f3sitos do Senhor que prevalecer\u00e3o em nossa vida. Corro o risco de n\u00e3o ser fiel no pouco ao desejar o muito e acabo n\u00e3o possuindo nenhum dos dois. Amar o que eu fa\u00e7o e desfrutar das minhas atividades no presente agracia meu of\u00edcio com um sentido mais profundo &#8212; \u201cisto \u00e9 bom e estou satisfeito\u201d &#8211;, e me faz desenvolv\u00ea-las melhor e, quem sabe, causar um efeito transformador. Descubro minha <a href=\"https:\/\/ultimato.com.br\/sites\/jovem\/2015\/08\/12\/vocacao-voce-ja-encontrou-a-sua\/\">voca\u00e7\u00e3o<\/a> na caminhada ao realizar o que me cabe no tempo presente com amor. \u00c9 uma postura mais humilde, desprovida de desejo pelo reconhecimento. Fa\u00e7o porque amo, e meu amor pode transformar o mundo.<\/p>\n<div>\n<div>\n<p>O desafio que fica, portanto, \u00e9 tentar viver uma vida mais apaixonada pelas coisas que fazemos e pelas pessoas que amamos. Se isso n\u00e3o revolucionar o mundo, pelo menos viveremos com um sentido bem mais profundo do que o desejo pelo prest\u00edgio.<\/p>\n<div>\n<div>\n<pre>Publicado originalmente na <a href=\"https:\/\/www.ultimato.com.br\/revista\/artigos\/345\/para-mudar-o-mundo\">edi\u00e7\u00e3o 345<\/a> da revista <strong>Ultimato<\/strong>.<\/pre>\n<div>\n<div>\n<ul>\n<li><strong>Lucas Rolim Menezes<\/strong>, casado com Mar\u00edlia Braz de Carvalho, pai do Dani e do Sime\u00e3o, obreiro de adolescentes e designer gr\u00e1fico. Soli Deo Gloria!<\/li>\n<\/ul>\n<hr \/>\n<p><strong>Saiba mais:<\/strong><\/p>\n<p>\u00bb <a href=\"https:\/\/ultimato.com.br\/sites\/jovem\/2013\/06\/14\/vamos-mudar\/\">Vamos mudar?<\/a><br \/>\n\u00bb <a href=\"https:\/\/ultimato.com.br\/sites\/jovem\/2020\/06\/25\/o-meu-lugar-no-mundo-e-um-nao-lugar\/\">O meu lugar no mundo \u00e9 um \u2018n\u00e3o lugar\u2019<\/a><\/p>\n<\/div>\n<\/div>\n<\/div>\n<\/div>\n<\/div>\n<\/div>\n<\/div>\n<\/div>\n<\/div>\n","protected":false},"excerpt":{"rendered":"<p>Por Lucas Rolim H\u00e1 algum tempo assisti ao filme \u201cQuase Deuses\u201d. Depois de v\u00ea-lo, \u00e9 dif\u00edcil n\u00e3o sentir a necessidade de repensar minhas atividades e sonhos, afinal preciso marcar o mundo de uma maneira mais significativa e minhas a\u00e7\u00f5es devem ter isso como alvo, certo? Tolice pensar assim. N\u00e3o pelo desejo de transformar o mundo, [&hellip;]<\/p>\n","protected":false},"author":19,"featured_media":0,"comment_status":"open","ping_status":"open","sticky":false,"template":"","format":"standard","meta":{"ngg_post_thumbnail":0,"footnotes":""},"categories":[6054],"tags":[19553,45435],"class_list":["post-9137","post","type-post","status-publish","format-standard","hentry","category-textos","tag-lucas-rolim","tag-mudar"],"_links":{"self":[{"href":"https:\/\/ultimato.com.br\/sites\/jovem\/wp-json\/wp\/v2\/posts\/9137","targetHints":{"allow":["GET"]}}],"collection":[{"href":"https:\/\/ultimato.com.br\/sites\/jovem\/wp-json\/wp\/v2\/posts"}],"about":[{"href":"https:\/\/ultimato.com.br\/sites\/jovem\/wp-json\/wp\/v2\/types\/post"}],"author":[{"embeddable":true,"href":"https:\/\/ultimato.com.br\/sites\/jovem\/wp-json\/wp\/v2\/users\/19"}],"replies":[{"embeddable":true,"href":"https:\/\/ultimato.com.br\/sites\/jovem\/wp-json\/wp\/v2\/comments?post=9137"}],"version-history":[{"count":7,"href":"https:\/\/ultimato.com.br\/sites\/jovem\/wp-json\/wp\/v2\/posts\/9137\/revisions"}],"predecessor-version":[{"id":9146,"href":"https:\/\/ultimato.com.br\/sites\/jovem\/wp-json\/wp\/v2\/posts\/9137\/revisions\/9146"}],"wp:attachment":[{"href":"https:\/\/ultimato.com.br\/sites\/jovem\/wp-json\/wp\/v2\/media?parent=9137"}],"wp:term":[{"taxonomy":"category","embeddable":true,"href":"https:\/\/ultimato.com.br\/sites\/jovem\/wp-json\/wp\/v2\/categories?post=9137"},{"taxonomy":"post_tag","embeddable":true,"href":"https:\/\/ultimato.com.br\/sites\/jovem\/wp-json\/wp\/v2\/tags?post=9137"}],"curies":[{"name":"wp","href":"https:\/\/api.w.org\/{rel}","templated":true}]}}