{"id":911,"date":"2011-07-15T16:59:26","date_gmt":"2011-07-15T19:59:26","guid":{"rendered":"http:\/\/ultimato.com.br\/sites\/jovem\/?p=911"},"modified":"2011-08-03T15:55:11","modified_gmt":"2011-08-03T18:55:11","slug":"amor-santo-remedio","status":"publish","type":"post","link":"https:\/\/ultimato.com.br\/sites\/jovem\/2011\/07\/15\/amor-santo-remedio\/","title":{"rendered":"Amor, santo rem\u00e9dio"},"content":{"rendered":"<blockquote><p>\u201cO amor reconforta como o sol depois da chuva.\u201d<\/p>\n<p>(Willian Shakespeare)<\/p><\/blockquote>\n<p><a href=\"http:\/\/ultimato.com.br\/sites\/jovem\/files\/2011\/07\/curativo.jpg\" class=\"lightview\" data-lightview-group=\"group-911\" data-lightview-options=\"skin: 'dark', controls: 'relative', padding: '10', shadow: { color: '#000000', opacity: 0.08, blur: 3 }\" data-lightview-title=\"curativo\"><img loading=\"lazy\" decoding=\"async\" class=\"alignright size-full wp-image-912\" title=\"curativo\" src=\"http:\/\/ultimato.com.br\/sites\/jovem\/files\/2011\/07\/curativo.jpg\" alt=\"\" width=\"146\" height=\"127\" srcset=\"https:\/\/ultimato.com.br\/sites\/jovem\/files\/2011\/07\/curativo.jpg 450w, https:\/\/ultimato.com.br\/sites\/jovem\/files\/2011\/07\/curativo-300x260.jpg 300w, https:\/\/ultimato.com.br\/sites\/jovem\/files\/2011\/07\/curativo-150x130.jpg 150w\" sizes=\"auto, (max-width: 146px) 100vw, 146px\" \/><\/a>H\u00e1 algum tempo, ganhei de uma amiga um calend\u00e1rio. Este possui em cada uma de suas doze p\u00e1ginas, al\u00e9m das datas correspondentes \u00e0quele m\u00eas, uma bela paisagem e um prov\u00e9rbio ou frase para reflex\u00e3o. Atualmente este calend\u00e1rio n\u00e3o \u00e9 mais \u00fatil para marcar as datas, pois j\u00e1 se encontra desatualizado, por\u00e9m fa\u00e7o quest\u00e3o de guard\u00e1-lo pelo valor sentimental que tem para mim, j\u00e1 que \u00e9 uma lembran\u00e7a da amiga que me presenteou e pelas frases que ele cont\u00e9m.<!--more--><\/p>\n<p>\u00c0 esta hora, o leitor j\u00e1 deve supor que a frase de Shakespeare usada como t\u00edtulo deste texto, prov\u00e9m do calend\u00e1rio. De fato! Trata-se de uma das minhas frases preferidas. S\u00f3 em l\u00ea-la sinto um doce reconforto. Fechando os olhos posso at\u00e9 sentir o cheiro da terra molhada ap\u00f3s um longo e assustador temporal. Me imagino abrindo as janelas; uma brisa suave entrando e os primeiros raios de sol surgindo. Um sol que vem mostrar que o perigo se foi, a tormenta passou e a paz voltou a reinar!<\/p>\n<p>Esta frase tamb\u00e9m me faz lembrar de uma terr\u00edvel tempestade que enfrentei em minha vida; do medo, solid\u00e3o e profunda tristeza que senti naquele momento.<\/p>\n<p>Quando se est\u00e1 no meio da tormenta \u00e9 quase imposs\u00edvel imaginar e crer que a bonan\u00e7a vir\u00e1 e que o sol voltar\u00e1 a brilhar trazendo de volta a esperan\u00e7a. Em algumas situa\u00e7\u00f5es, o sofrimento e a dor s\u00e3o t\u00e3o intensos que parecem ser eternos. Sentimos que ningu\u00e9m pode nos ajudar e n\u00e3o temos certeza se poderemos escapar inteiros dessa.<\/p>\n<p>Gra\u00e7as a Deus a tempestade, a noite e o choro (Sl 30:5) n\u00e3o duram para sempre. No momento certo o sol nasce e nossa alegria renasce. Tudo gra\u00e7as ao amor leal do nosso Senhor! Este amor restaurou meu cora\u00e7\u00e3o e transformou as circunst\u00e2ncias \u00e0 minha volta, ent\u00e3o eu pude ver que o Senhor esteve comigo o tempo todo mesmo quando eu n\u00e3o podia ver ou crer com tanta intensidade como gostaria.<\/p>\n<p>Hoje ao ler \u201cO amor reconforta como o sol depois da chuva\u201d, penso em tudo o que Deus fez por mim e faz por todos os que cr\u00eaem nele. Seu amor \u00e9 o sol que rompe nossa noite, que faz cessar nosso choro, que dissipa a tempestade e nos restaura a paz.<\/p>\n<p>Independente da intensidade da chuva e dos estragos que ela tenha causado, eu e voc\u00ea podemos e precisamos crer que o sol da justi\u00e7a voltar\u00e1 a brilhar em nossas vidas restaurando e reedificando os muros derrubados, aquecendo nossos cora\u00e7\u00f5es, transformando ang\u00fastia em paz,  tristeza em alegria.<\/p>\n<p>Que amor de Deus volte sempre a brilhar sobre n\u00f3s como o sol depois da chuva!<\/p>\n<p>Em Cristo,<\/p>\n<p>&nbsp;<\/p>\n<p class=\"MsoNormal\">___________<\/p>\n<p class=\"MsoNormal\"><strong>Vanessa Lima <\/strong>\u00e9 leitora de Ultimato e colaborou pelo e-mail <a href=\"juventudes@ultimato.com.br\" target=\"_blank\">juventudes@ultimato.com.br<\/a><\/p>\n<div id=\"_mcePaste\" class=\"mcePaste\" style=\"position: absolute; left: -10000px; top: 0px; width: 1px; height: 1px; overflow: hidden;\">\n<p class=\"MsoNormal\">&nbsp;<\/p>\n<p class=\"MsoNormal\">H\u00e1 algum tempo, ganhei de uma amiga um calend\u00e1rio. Este possui em cada uma de suas doze p\u00e1ginas, al\u00e9m das datas correspondentes \u00e0quele m\u00eas, uma bela paisagem e um prov\u00e9rbio ou frase para reflex\u00e3o. Atualmente este calend\u00e1rio n\u00e3o \u00e9 mais \u00fatil para marcar as datas, pois j\u00e1 se encontra desatualizado, por\u00e9m fa\u00e7o quest\u00e3o de guard\u00e1-lo pelo valor sentimental que tem para mim, j\u00e1 que \u00e9 uma lembran\u00e7a da amiga que me presenteou e pelas frases que ele cont\u00e9m.<\/p>\n<p class=\"MsoNormal\">\u00c0 esta hora, o leitor j\u00e1 deve supor que a frase de Shakespeare usada como t\u00edtulo deste texto, prov\u00e9m do calend\u00e1rio. De fato! Trata-se de uma das minhas frases preferidas. S\u00f3 em l\u00ea-la sinto um doce reconforto. Fechando os olhos posso at\u00e9 sentir o cheiro da terra molhada ap\u00f3s um longo e assustador temporal. Me imagino abrindo as janelas; uma brisa suave entrando e os primeiros raios de sol surgindo. Um sol que vem mostrar que o perigo se foi, a tormenta passou e a paz voltou a reinar!<\/p>\n<p class=\"MsoNormal\">Esta frase tamb\u00e9m me faz lembrar de uma terr\u00edvel tempestade que enfrentei em minha vida; do medo, solid\u00e3o e profunda tristeza que senti naquele momento.<\/p>\n<p class=\"MsoNormal\">Quando se est\u00e1 no meio da tormenta \u00e9 quase imposs\u00edvel imaginar e crer que a bonan\u00e7a vir\u00e1 e que o sol voltar\u00e1 a brilhar trazendo de volta a esperan\u00e7a. Em algumas situa\u00e7\u00f5es, o sofrimento e a dor s\u00e3o t\u00e3o intensos que parecem ser eternos. Sentimos que ningu\u00e9m pode nos ajudar e n\u00e3o temos certeza se poderemos escapar inteiros dessa.<\/p>\n<p class=\"MsoNormal\">Gra\u00e7as a Deus a tempestade, a noite e o choro (Sl 30:5) n\u00e3o duram para sempre. No momento certo o sol nasce e nossa alegria renasce. Tudo gra\u00e7as ao amor leal do nosso Senhor! Este amor restaurou meu cora\u00e7\u00e3o e transformou as circunst\u00e2ncias \u00e0 minha volta, ent\u00e3o eu pude ver que o Senhor esteve comigo o tempo todo mesmo quando eu n\u00e3o podia ver ou crer com tanta intensidade como gostaria.<\/p>\n<p class=\"MsoNormal\">Hoje ao ler \u201cO amor reconforta como o sol depois da chuva\u201d, penso em tudo o que Deus fez por mim e faz por todos os que cr\u00eaem nele. Seu amor \u00e9 o sol que rompe nossa noite, que faz cessar nosso choro, que dissipa a tempestade e nos restaura a paz.<\/p>\n<p class=\"MsoNormal\">Independente da intensidade da chuva e dos estragos que ela tenha causado, eu e voc\u00ea podemos e precisamos crer que o sol da justi\u00e7a voltar\u00e1 a brilhar em nossas vidas restaurando e reedificando os muros derrubados, aquecendo nossos cora\u00e7\u00f5es, transformando ang\u00fastia em paz, <span style=\"mso-spacerun: yes;\"> <\/span>tristeza em alegria.<\/p>\n<p class=\"MsoNormal\">Que amor de Deus volte sempre a brilhar sobre n\u00f3s como o sol depois da chuva!<\/p>\n<p class=\"MsoNormal\">Em Cristo,<\/p>\n<p class=\"MsoNormal\">&nbsp;<\/p>\n<p class=\"MsoNormal\" style=\"text-align: right;\">Vanessa Lima<\/p>\n<\/div>\n","protected":false},"excerpt":{"rendered":"<p>\u201cO amor reconforta como o sol depois da chuva.\u201d (Willian Shakespeare) H\u00e1 algum tempo, ganhei de uma amiga um calend\u00e1rio. Este possui em cada uma de suas doze p\u00e1ginas, al\u00e9m das datas correspondentes \u00e0quele m\u00eas, uma bela paisagem e um prov\u00e9rbio ou frase para reflex\u00e3o. Atualmente este calend\u00e1rio n\u00e3o \u00e9 mais \u00fatil para marcar as [&hellip;]<\/p>\n","protected":false},"author":19,"featured_media":0,"comment_status":"open","ping_status":"open","sticky":false,"template":"","format":"standard","meta":{"ngg_post_thumbnail":0,"footnotes":""},"categories":[6054],"tags":[],"class_list":["post-911","post","type-post","status-publish","format-standard","hentry","category-textos"],"_links":{"self":[{"href":"https:\/\/ultimato.com.br\/sites\/jovem\/wp-json\/wp\/v2\/posts\/911","targetHints":{"allow":["GET"]}}],"collection":[{"href":"https:\/\/ultimato.com.br\/sites\/jovem\/wp-json\/wp\/v2\/posts"}],"about":[{"href":"https:\/\/ultimato.com.br\/sites\/jovem\/wp-json\/wp\/v2\/types\/post"}],"author":[{"embeddable":true,"href":"https:\/\/ultimato.com.br\/sites\/jovem\/wp-json\/wp\/v2\/users\/19"}],"replies":[{"embeddable":true,"href":"https:\/\/ultimato.com.br\/sites\/jovem\/wp-json\/wp\/v2\/comments?post=911"}],"version-history":[{"count":3,"href":"https:\/\/ultimato.com.br\/sites\/jovem\/wp-json\/wp\/v2\/posts\/911\/revisions"}],"predecessor-version":[{"id":914,"href":"https:\/\/ultimato.com.br\/sites\/jovem\/wp-json\/wp\/v2\/posts\/911\/revisions\/914"}],"wp:attachment":[{"href":"https:\/\/ultimato.com.br\/sites\/jovem\/wp-json\/wp\/v2\/media?parent=911"}],"wp:term":[{"taxonomy":"category","embeddable":true,"href":"https:\/\/ultimato.com.br\/sites\/jovem\/wp-json\/wp\/v2\/categories?post=911"},{"taxonomy":"post_tag","embeddable":true,"href":"https:\/\/ultimato.com.br\/sites\/jovem\/wp-json\/wp\/v2\/tags?post=911"}],"curies":[{"name":"wp","href":"https:\/\/api.w.org\/{rel}","templated":true}]}}