{"id":9075,"date":"2022-05-24T08:45:59","date_gmt":"2022-05-24T11:45:59","guid":{"rendered":"https:\/\/ultimato.com.br\/sites\/jovem\/?p=9075"},"modified":"2022-05-25T10:38:16","modified_gmt":"2022-05-25T13:38:16","slug":"pastores-precisamos-falar-sobre-os-jovens","status":"publish","type":"post","link":"https:\/\/ultimato.com.br\/sites\/jovem\/2022\/05\/24\/pastores-precisamos-falar-sobre-os-jovens\/","title":{"rendered":"Pastores, precisamos falar sobre os jovens"},"content":{"rendered":"<p><em>Por Lucas Meloni<\/em><\/p>\n<p><img loading=\"lazy\" decoding=\"async\" class=\"alignright wp-image-9077\" title=\"Dim Hou | Unsplash.com\" src=\"https:\/\/ultimato.com.br\/sites\/jovem\/files\/2022\/05\/blog_jovem_18-5-2022_lucas_meloni.jpg\" alt=\"\" width=\"350\" height=\"233\" srcset=\"https:\/\/ultimato.com.br\/sites\/jovem\/files\/2022\/05\/blog_jovem_18-5-2022_lucas_meloni.jpg 1171w, https:\/\/ultimato.com.br\/sites\/jovem\/files\/2022\/05\/blog_jovem_18-5-2022_lucas_meloni-300x200.jpg 300w, https:\/\/ultimato.com.br\/sites\/jovem\/files\/2022\/05\/blog_jovem_18-5-2022_lucas_meloni-1024x683.jpg 1024w, https:\/\/ultimato.com.br\/sites\/jovem\/files\/2022\/05\/blog_jovem_18-5-2022_lucas_meloni-768x512.jpg 768w, https:\/\/ultimato.com.br\/sites\/jovem\/files\/2022\/05\/blog_jovem_18-5-2022_lucas_meloni-732x488.jpg 732w, https:\/\/ultimato.com.br\/sites\/jovem\/files\/2022\/05\/blog_jovem_18-5-2022_lucas_meloni-1140x760.jpg 1140w\" sizes=\"auto, (max-width: 350px) 100vw, 350px\" \/>Pesquisa recente do Datafolha<sup>1<\/sup> evidencia uma realidade que precisa ser observada pela(s) igreja(s) brasileira(s): os \u201csem religi\u00e3o\u201d j\u00e1 s\u00e3o mais de 30% dos jovens com idades entre 16 e 24 anos em S\u00e3o Paulo e no Rio de Janeiro.<\/p>\n<p>Por que este n\u00famero merece aten\u00e7\u00e3o? Ele mostra um movimento que precisa ser analisado e estudado pelas lideran\u00e7as crist\u00e3s para que entendam para onde caminha a juventude brasileira.<\/p>\n<p>A classifica\u00e7\u00e3o \u201csem religi\u00e3o\u201d, a partir da pesquisa, pode significar muita coisa, mas, em geral, representa aquele universo de jovens que n\u00e3o se sentem parte (ou, em casos extremos, t\u00eam avers\u00e3o) de igrejas ou organiza\u00e7\u00f5es institu\u00eddas.<\/p>\n<p>Especialistas tentam explicar os muitos motivos que podem justificar o avan\u00e7o dos \u201csem religi\u00e3o\u201d como, por exemplo, o conceito das fam\u00edlias plurirreligiosas (av\u00f3, pai, m\u00e3e e filhos com religi\u00f5es diferentes), mais acesso \u00e0 informa\u00e7\u00e3o, a influ\u00eancia dos centros urbanos (os jovens das capitais t\u00eam contato com mais culturas e pessoas do que os que residem no interior), a ida \u00e0 universidade, entre outras quest\u00f5es. Penso que tudo isso acaba influenciando, mas n\u00e3o s\u00f3.<\/p>\n<p>Desde 2014, o Brasil sofre com uma polariza\u00e7\u00e3o que semeia disc\u00f3rdia e \u00f3dio. Infelizmente, isso tem respingado na juventude. Assim como eu, muitos outros jovens t\u00eam se sentido cada vez menos representados nas igrejas brasileiras porque o espa\u00e7o dedicado \u00e0 adora\u00e7\u00e3o a Deus, \u00e0 comunh\u00e3o entre irm\u00e3os e \u00e0s atividades de apoio \u00e0s pessoas deram vez \u00e0 disputa ou discuss\u00e3o pol\u00edtica. Perdemos tempo enquanto vidas se perdem. \u00c9 momento de refletir sobre o que tem feito nossos jovens sa\u00edrem das igrejas e \u2013 em casos extremos \u2013esbravejarem contra ela.<\/p>\n<p>Dias atr\u00e1s, recebi um v\u00eddeo de uma jovem tendo espasmos em um carro. \u00c0 primeira vista, parecia algu\u00e9m que dan\u00e7ava \u201csentada\u201d sem ritmo e sem uma sequ\u00eancia l\u00f3gica. Apenas depois foi que uma pessoa me disse que aquela era uma rea\u00e7\u00e3o de quem havia usado lan\u00e7a-perfume. <strong>Aquela jovem, exposta e tratada de forma pejorativa (\u00e9 poss\u00edvel perceber isso por raz\u00e3o da m\u00fasica escolhida como trilha sonora do v\u00eddeo) me fez pensar: o que ser\u00e1 da juventude da qual eu ainda fa\u00e7o parte?<\/strong><\/p>\n<p>O cen\u00e1rio atual me fez lembrar da orienta\u00e7\u00e3o dada ao ap\u00f3stolo Paulo em sua primeira carta ao jovem pastor Tim\u00f3teo: \u201cAt\u00e9 a minha chegada, dedique-se \u00e0 leitura p\u00fablica da Escritura, \u00e0 exorta\u00e7\u00e3o e ao ensino. N\u00e3o negligencie o dom que foi dado a voc\u00ea por mensagem prof\u00e9tica com imposi\u00e7\u00e3o de m\u00e3os dos presb\u00edteros\u201d (1Tim\u00f3teo 4.13-14).<\/p>\n<p>Quantos pastores t\u00eam esquecido de suas responsabilidades e renunciado \u00e0 possibilidade de dialogar com a juventude para entender as suas necessidades? Apenas quando conhecemos as dificuldades das pessoas e o tipo de ajuda que elas precisam \u00e9 que podemos nos tornar ferramentas efetivamente pr\u00e1ticas para elas. Quando impomos algo estabelecido a partir do nosso conceito, somos pr\u00e1ticos apenas para n\u00f3s mesmos.<\/p>\n<blockquote><p><a href=\"https:\/\/www.ultimato.com.br\/loja\/produtos\/altos-papos-ebook\"><img loading=\"lazy\" decoding=\"async\" class=\"alignright wp-image-9081\" title=\"Altos Papos [Gr\u00e1tis] (E-BOOK)\" src=\"https:\/\/ultimato.com.br\/sites\/jovem\/files\/2022\/05\/capa_altospapos_net.jpg\" alt=\"\" width=\"104\" height=\"150\" srcset=\"https:\/\/ultimato.com.br\/sites\/jovem\/files\/2022\/05\/capa_altospapos_net.jpg 354w, https:\/\/ultimato.com.br\/sites\/jovem\/files\/2022\/05\/capa_altospapos_net-208x300.jpg 208w\" sizes=\"auto, (max-width: 104px) 100vw, 104px\" \/><\/a><\/p>\n<p>&nbsp;<\/p>\n<p>O livro digital <a href=\"https:\/\/www.ultimato.com.br\/loja\/produtos\/altos-papos-ebook\">Altos Papos<\/a> apresenta os temas e textos mais relevantes que fazem a cabe\u00e7a da juventude dos nossos dias, dando continuidade a mat\u00e9ria de capa publicada pela revista Ultimato, sobre &#8220;quem s\u00e3o, o que pensam e o que fazem os jovens evang\u00e9licos\u201d<\/p>\n<p>&nbsp;<\/p><\/blockquote>\n<p>Professar uma religi\u00e3o n\u00e3o \u00e9 a resposta para todos os dilemas. Cristo \u00e9 a esperan\u00e7a e a resposta. Quando jovens n\u00e3o veem Jesus refletido em uma igreja ou n\u00e3o acham sentido em servi-lo na companhia de uma comunidade, este \u00e9 um diagn\u00f3stico que precisa ser considerado.<\/p>\n<p>Escrevo este artigo como um convite aos pastores e l\u00edderes para que sejam mais sens\u00edveis e entendam a urg\u00eancia de compreender que os jovens est\u00e3o chegando ao fundo do po\u00e7o e n\u00e3o h\u00e1 corda por perto para resgat\u00e1-los a tempo. Grande parte diz acreditar em Deus, afirma expressar uma f\u00e9, ter devo\u00e7\u00e3o a alguma entidade (ou a mais de uma), mas essas pessoas est\u00e3o com suas vidas praticamente destru\u00eddas.<\/p>\n<p>A prova disso s\u00e3o as redes sociais. Tornou-se comum ver jovens bebendo, fumando ou se expondo de forma sensual em busca de likes, views e status. A ind\u00fastria de vendas de conte\u00fado adulto explodiu nos \u00faltimos anos. Em 2021, o Onlyfans (uma das v\u00e1rias plataformas do g\u00eanero) teve uma m\u00e9dia de 500 mil usu\u00e1rios novos por dia e movimentou bilh\u00f5es de d\u00f3lares no per\u00edodo.<\/p>\n<p><strong>Muitas vezes, os jovens querem conversar ou pedir ajuda, mas n\u00e3o sabem a quem. Enquanto isso, se afundam na bebida, na droga, no sexo e no v\u00edcio da pornografia.<\/strong><\/p>\n<p>\u00c9 verdade que existem pastores atentos e igrejas de portas abertas prontas a trabalhar com a juventude. A quest\u00e3o \u00e9 que o volume delas \u00e9 menor do que a propor\u00e7\u00e3o necess\u00e1ria.<\/p>\n<p>O discipulado tem sido e, por muito tempo, ainda ser\u00e1 um dos m\u00e9todos mais eficazes de estabelecer di\u00e1logos. Acredito que ele deva ser a porta de entrada para que as igrejas brasileiras se (re)aproximem dos jovens. O jovem precisa (e anseia) ouvir sobre Cristo e a transforma\u00e7\u00e3o de vida que apenas Deus pode realizar, n\u00e3o sobre discursos pol\u00edticos em p\u00falpitos. O jovem quer aprender sobre as Escrituras e precisa de algu\u00e9m que o ajude na caminhada para, caso ele tropece, n\u00e3o ser exposto pelo moralismo sem sentido.<\/p>\n<p>Pastores, invistam em jovens l\u00edderes. Existem formas criativas e b\u00edblicas de anunciar a mensagem do evangelho. A conhecida m\u00e1xima das aulas de homil\u00e9tica nos semin\u00e1rios permanece a mesma: o serm\u00e3o deve ser b\u00edblico, mas as t\u00e9cnicas para comunicar a ideia podem ser variadas desde que respeitem as limita\u00e7\u00f5es e aproveitem as potencialidades que o p\u00fablico receptor tem.<\/p>\n<p>T\u00e3o importante quanto, \u00e9 desenvolver o pensamento (ou cultura) de que a religi\u00e3o n\u00e3o \u00e9 maior do que Cristo. Ele \u00e9 o autor e consumador da nossa f\u00e9 (Hebreus 12.2) e nele temos nova vida. O fato \u00e9 que esta nova vida tem implica\u00e7\u00f5es coletivas e \u00e9 parte do projeto divino que vivamos em comunh\u00e3o. <strong>A igreja, apesar das falhas (causadas por todos n\u00f3s), \u00e9 santificada e perfeita pelos m\u00e9ritos de Cristo. Por isso, \u00e9 fundamental que expliquemos e exemplifiquemos quantas vezes forem necess\u00e1rias aos jovens a import\u00e2ncia de ser igreja.<\/strong><\/p>\n<p>A verdade inquestion\u00e1vel \u00e9 que para seguir a Jesus alguns passos precisam ser dados. O primeiro \u00e9 o do arrependimento. Jovens, quando est\u00e3o nas igrejas, costumam ser confrontados para que mudem de atitude caso estejam em pecado. Longe das comunidades de f\u00e9, eles se sentem \u201clivres para pecar em paz\u201d. A corre\u00e7\u00e3o sempre \u00e9 amarga e n\u00e3o \u00e9 bem aceita por todos. O segundo \u00e9 o da nega\u00e7\u00e3o. Voc\u00ea passa a viver para Cristo e n\u00e3o para o seu prazer. Isso representa (pelo menos deveria representar) o fim das baladinhas, das sa\u00eddas repletas de tenta\u00e7\u00f5es com amigos e de uma vida sexual ativa sem casamento, entre outras coisas. O terceiro ponto que acho importante \u00e9 a presen\u00e7a de l\u00edderes que conversem de forma eficaz na linguagem e com refer\u00eancias que fazem sentido para o jovem. O evangelho deve ser acess\u00edvel e progressivo.As pessoas anseiam ouvir e aprender, mas talvez n\u00e3o tenham se dado conta disso. A fun\u00e7\u00e3o da igreja \u00e9 contribuir para a compreens\u00e3o e para o amadurecimento dessa juventude.<\/p>\n<p>A jornada n\u00e3o \u00e9 f\u00e1cil. Os desafios est\u00e3o a\u00ed, mas vale lembrar que a partir do chamado que nos foi dado, nosso dever \u00e9 ouvir as pessoas, ensin\u00e1-las, corrigi-las com amor e suport\u00e1-las todas as vezes em que percebemos que precisam de ajuda, querem mudar, mas n\u00e3o t\u00eam for\u00e7as.<\/p>\n<p>Com informa\u00e7\u00f5es do artigo <a href=\"https:\/\/www.bbc.com\/portuguese\/brasil-61329257\">Jovens \u201csem religi\u00e3o\u201d superam cat\u00f3licos e evang\u00e9licos em SP e RJ<\/a>, publicado no site BBC News Brasil.<\/p>\n<ul>\n<li><strong>Lucas Meloni<\/strong>, 32, \u00e9 jornalista, estudante de teologia na Faculdade Teol\u00f3gica Batista de S\u00e3o Paulo e l\u00edder do departamento de comunica\u00e7\u00e3o da Igreja Batista Luz para as Na\u00e7\u00f5es em S\u00e3o Paulo, onde \u00e9 membro.<\/li>\n<\/ul>\n<p><strong>Nota:<\/strong><\/p>\n<ol>\n<li>Pesquisa Datafolha Elei\u00e7\u00f5es 2022.<\/li>\n<\/ol>\n<hr \/>\n<p><strong>Leia mais:<\/strong><\/p>\n<p>\u00bb <a href=\"https:\/\/ultimato.com.br\/sites\/jovem\/2021\/11\/10\/eu-sou-da-igreja-dos-jovens\/\">Eu sou da \u201cigreja dos jovens\u201d<\/a><br \/>\n\u00bb <a href=\"https:\/\/www.ultimato.com.br\/conteudo\/estamos-criando-comunidades-de-iguais\">Estamos criando comunidades de \u201ciguais\u201d?<\/a><\/p>\n","protected":false},"excerpt":{"rendered":"<p>Por Lucas Meloni Pesquisa recente do Datafolha1 evidencia uma realidade que precisa ser observada pela(s) igreja(s) brasileira(s): os \u201csem religi\u00e3o\u201d j\u00e1 s\u00e3o mais de 30% dos jovens com idades entre 16 e 24 anos em S\u00e3o Paulo e no Rio de Janeiro. Por que este n\u00famero merece aten\u00e7\u00e3o? Ele mostra um movimento que precisa ser [&hellip;]<\/p>\n","protected":false},"author":19,"featured_media":0,"comment_status":"open","ping_status":"open","sticky":false,"template":"","format":"standard","meta":{"ngg_post_thumbnail":0,"footnotes":""},"categories":[9],"tags":[5675,45429],"class_list":["post-9075","post","type-post","status-publish","format-standard","hentry","category-sem-categoria","tag-jovens","tag-lucas-meloni"],"_links":{"self":[{"href":"https:\/\/ultimato.com.br\/sites\/jovem\/wp-json\/wp\/v2\/posts\/9075","targetHints":{"allow":["GET"]}}],"collection":[{"href":"https:\/\/ultimato.com.br\/sites\/jovem\/wp-json\/wp\/v2\/posts"}],"about":[{"href":"https:\/\/ultimato.com.br\/sites\/jovem\/wp-json\/wp\/v2\/types\/post"}],"author":[{"embeddable":true,"href":"https:\/\/ultimato.com.br\/sites\/jovem\/wp-json\/wp\/v2\/users\/19"}],"replies":[{"embeddable":true,"href":"https:\/\/ultimato.com.br\/sites\/jovem\/wp-json\/wp\/v2\/comments?post=9075"}],"version-history":[{"count":5,"href":"https:\/\/ultimato.com.br\/sites\/jovem\/wp-json\/wp\/v2\/posts\/9075\/revisions"}],"predecessor-version":[{"id":9083,"href":"https:\/\/ultimato.com.br\/sites\/jovem\/wp-json\/wp\/v2\/posts\/9075\/revisions\/9083"}],"wp:attachment":[{"href":"https:\/\/ultimato.com.br\/sites\/jovem\/wp-json\/wp\/v2\/media?parent=9075"}],"wp:term":[{"taxonomy":"category","embeddable":true,"href":"https:\/\/ultimato.com.br\/sites\/jovem\/wp-json\/wp\/v2\/categories?post=9075"},{"taxonomy":"post_tag","embeddable":true,"href":"https:\/\/ultimato.com.br\/sites\/jovem\/wp-json\/wp\/v2\/tags?post=9075"}],"curies":[{"name":"wp","href":"https:\/\/api.w.org\/{rel}","templated":true}]}}