{"id":895,"date":"2011-07-14T11:27:32","date_gmt":"2011-07-14T14:27:32","guid":{"rendered":"http:\/\/ultimato.com.br\/sites\/jovem\/?p=895"},"modified":"2011-08-03T15:55:03","modified_gmt":"2011-08-03T18:55:03","slug":"fe","status":"publish","type":"post","link":"https:\/\/ultimato.com.br\/sites\/jovem\/2011\/07\/14\/fe\/","title":{"rendered":"F\u00e9"},"content":{"rendered":"<p><a href=\"http:\/\/ultimato.com.br\/sites\/jovem\/files\/2011\/07\/14_07_fe_jovem3.jpg\" class=\"lightview\" data-lightview-group=\"group-895\" data-lightview-options=\"skin: 'dark', controls: 'relative', padding: '10', shadow: { color: '#000000', opacity: 0.08, blur: 3 }\" data-lightview-title=\"14_07_fe_jovem3\"><img loading=\"lazy\" decoding=\"async\" class=\"alignleft size-full wp-image-904\" title=\"14_07_fe_jovem3\" src=\"http:\/\/ultimato.com.br\/sites\/jovem\/files\/2011\/07\/14_07_fe_jovem3.jpg\" alt=\"\" width=\"97\" height=\"400\" \/><\/a>Caso o acaso fosse planejado,<br \/>\nSe o globo fosse uma aldeia,<br \/>\nQuem havia projetado,<br \/>\nA aranha sem sua teia?<\/p>\n<p>Seriam os l\u00edrios e tulipas,<br \/>\nCom todas as flores e suas cores,<br \/>\nApenas explosivos fatores?<br \/>\nE sobre os frutos e seus sabores?<\/p>\n<p>Quanto \u00e0 galinha ou ao ovo,<br \/>\nMais importante \u00e9 o campo.<br \/>\nQue agrega tanto o novo,<br \/>\nComo serve de tampo&#8230;<\/p>\n<p>\u00c0 ilus\u00f3ria distor\u00e7\u00e3o.<br \/>\nPois, limita-se ao horizonte,<br \/>\nPara dalt\u00f4nica vis\u00e3o.<br \/>\nIncapaz de mover o monte&#8230;<\/p>\n<p>Onde o emp\u00edrico se esgota,<br \/>\nSem solu\u00e7\u00f5es cartesianas.<br \/>\nA filosofia sequer encosta,<br \/>\nCom interpreta\u00e7\u00f5es planas.<\/p>\n<p>Invisibilidade das expectativas<br \/>\nTranscende compreens\u00f5es teologais<br \/>\nAgraciado a quem cr\u00ea na vida<br \/>\nAqu\u00e9m e al\u00e9m das causas naturais.<\/p>\n<p>__________<\/p>\n<p><a href=\"http:\/\/twitter.com\/#!\/vinnicius87\" target=\"_blank\"><strong>Vinn\u00edcius Almeida<\/strong><\/a> \u00e9 assistente social, membro da Primeira Igreja Batista de S\u00e3o Jo\u00e3o Cl\u00edmaco (SP) e atualmente leciona no Instituto Teol\u00f3gico Quadrangular tem\u00e1ticas relacionadas \u00e0 Pastoral Urbana e Miss\u00e3o Integral.<\/p>\n","protected":false},"excerpt":{"rendered":"<p>Caso o acaso fosse planejado, Se o globo fosse uma aldeia, Quem havia projetado, A aranha sem sua teia? Seriam os l\u00edrios e tulipas, Com todas as flores e suas cores, Apenas explosivos fatores? E sobre os frutos e seus sabores? Quanto \u00e0 galinha ou ao ovo, Mais importante \u00e9 o campo. Que agrega tanto [&hellip;]<\/p>\n","protected":false},"author":19,"featured_media":0,"comment_status":"open","ping_status":"open","sticky":false,"template":"","format":"standard","meta":{"ngg_post_thumbnail":0,"footnotes":""},"categories":[6093],"tags":[],"class_list":["post-895","post","type-post","status-publish","format-standard","hentry","category-viagens"],"_links":{"self":[{"href":"https:\/\/ultimato.com.br\/sites\/jovem\/wp-json\/wp\/v2\/posts\/895","targetHints":{"allow":["GET"]}}],"collection":[{"href":"https:\/\/ultimato.com.br\/sites\/jovem\/wp-json\/wp\/v2\/posts"}],"about":[{"href":"https:\/\/ultimato.com.br\/sites\/jovem\/wp-json\/wp\/v2\/types\/post"}],"author":[{"embeddable":true,"href":"https:\/\/ultimato.com.br\/sites\/jovem\/wp-json\/wp\/v2\/users\/19"}],"replies":[{"embeddable":true,"href":"https:\/\/ultimato.com.br\/sites\/jovem\/wp-json\/wp\/v2\/comments?post=895"}],"version-history":[{"count":10,"href":"https:\/\/ultimato.com.br\/sites\/jovem\/wp-json\/wp\/v2\/posts\/895\/revisions"}],"predecessor-version":[{"id":997,"href":"https:\/\/ultimato.com.br\/sites\/jovem\/wp-json\/wp\/v2\/posts\/895\/revisions\/997"}],"wp:attachment":[{"href":"https:\/\/ultimato.com.br\/sites\/jovem\/wp-json\/wp\/v2\/media?parent=895"}],"wp:term":[{"taxonomy":"category","embeddable":true,"href":"https:\/\/ultimato.com.br\/sites\/jovem\/wp-json\/wp\/v2\/categories?post=895"},{"taxonomy":"post_tag","embeddable":true,"href":"https:\/\/ultimato.com.br\/sites\/jovem\/wp-json\/wp\/v2\/tags?post=895"}],"curies":[{"name":"wp","href":"https:\/\/api.w.org\/{rel}","templated":true}]}}