{"id":8948,"date":"2022-01-18T10:47:13","date_gmt":"2022-01-18T13:47:13","guid":{"rendered":"https:\/\/ultimato.com.br\/sites\/jovem\/?p=8948"},"modified":"2022-01-19T08:27:06","modified_gmt":"2022-01-19T11:27:06","slug":"8948","status":"publish","type":"post","link":"https:\/\/ultimato.com.br\/sites\/jovem\/2022\/01\/18\/8948\/","title":{"rendered":"Qual o futuro da igreja na \u00c1sia Central e como Deus tem usado a juventude para construir seu Reino?"},"content":{"rendered":"<h3><strong>Qual o futuro da igreja na \u00c1sia Central? <\/strong><\/h3>\n<p><em>Conhe\u00e7a a nova gera\u00e7\u00e3o de crist\u00e3os na regi\u00e3o e entenda mais sobre seu passado hist\u00f3rico na Uni\u00e3o Sovi\u00e9tica<\/em><\/p>\n<p>Rejei\u00e7\u00e3o, humilha\u00e7\u00e3o, agress\u00e3o. Esses tipos de persegui\u00e7\u00e3o \u00e9 sempre uma realidade para crist\u00e3os na \u00c1sia Central. Afinal, eles s\u00e3o vistos como traidores da na\u00e7\u00e3o apenas por deixarem a f\u00e9 mu\u00e7ulmana tradicional. Os jovens de fam\u00edlias crist\u00e3s na regi\u00e3o n\u00e3o s\u00e3o exce\u00e7\u00e3o. Sua pouca idade os torna ainda mais vulner\u00e1veis. Mas mesmo diante desse cen\u00e1rio, Deus continua usando a juventude na \u00c1sia Central para construir seu Reino.<\/p>\n<h3><strong>Onde fica a \u00c1sia Central? Como os crist\u00e3os vivem l\u00e1?<\/strong><\/h3>\n<div id=\"attachment_8949\" style=\"width: 410px\" class=\"wp-caption alignright\"><img loading=\"lazy\" decoding=\"async\" aria-describedby=\"caption-attachment-8949\" class=\"wp-image-8949\" src=\"https:\/\/ultimato.com.br\/sites\/jovem\/files\/2022\/01\/blog_jovem_Portas_Abertas_imagem-4-Mapa-300x169.png\" alt=\"\" width=\"400\" height=\"225\" srcset=\"https:\/\/ultimato.com.br\/sites\/jovem\/files\/2022\/01\/blog_jovem_Portas_Abertas_imagem-4-Mapa-300x169.png 300w, https:\/\/ultimato.com.br\/sites\/jovem\/files\/2022\/01\/blog_jovem_Portas_Abertas_imagem-4-Mapa-1024x576.png 1024w, https:\/\/ultimato.com.br\/sites\/jovem\/files\/2022\/01\/blog_jovem_Portas_Abertas_imagem-4-Mapa-768x432.png 768w, https:\/\/ultimato.com.br\/sites\/jovem\/files\/2022\/01\/blog_jovem_Portas_Abertas_imagem-4-Mapa-1536x864.png 1536w, https:\/\/ultimato.com.br\/sites\/jovem\/files\/2022\/01\/blog_jovem_Portas_Abertas_imagem-4-Mapa-732x412.png 732w, https:\/\/ultimato.com.br\/sites\/jovem\/files\/2022\/01\/blog_jovem_Portas_Abertas_imagem-4-Mapa-1140x641.png 1140w, https:\/\/ultimato.com.br\/sites\/jovem\/files\/2022\/01\/blog_jovem_Portas_Abertas_imagem-4-Mapa.png 1588w\" sizes=\"auto, (max-width: 400px) 100vw, 400px\" \/><p id=\"caption-attachment-8949\" class=\"wp-caption-text\">No per\u00edodo sovi\u00e9tico, o cristianismo era a religi\u00e3o predominante na \u00c1sia Central; por\u00e9m, com a dissolu\u00e7\u00e3o da Uni\u00e3o Sovi\u00e9tica em 1991, o percentual de crist\u00e3os caiu e o n\u00famero de mu\u00e7ulmanos aumentou<\/p><\/div>\n<p>Os cinco pa\u00edses da \u00c1sia Central como conhecemos hoje, Uzbequist\u00e3o, Turcomenist\u00e3o, Tajiquist\u00e3o, Cazaquist\u00e3o e Quirguist\u00e3o, foram criados no in\u00edcio da Uni\u00e3o Sovi\u00e9tica. A R\u00fassia conquistou a regi\u00e3o no s\u00e9culo 19 e a dividiu de acordo com as maiorias \u00e9tnicas que viviam ali.<\/p>\n<p>Durante a Uni\u00e3o Sovi\u00e9tica, o governo central de Moscou determinava tudo. O Partido Comunista dominava por meio de um regime ditatorial que n\u00e3o hesitava em agredir e prender os oponentes, condenando-os a longos per\u00edodos em cadeias ou campos de trabalho, conhecidos na regi\u00e3o como gulags.<\/p>\n<p>Mas ent\u00e3o chegou 1991. Um golpe contra o presidente Gorbachev levou tudo ao caos. E foi assim que, em 25 de dezembro de 1991, foi assinado o documento que colocou fim \u00e0 Uni\u00e3o Sovi\u00e9tica. Com isso, as 15 rep\u00fablicas sovi\u00e9ticas ganharam independ\u00eancia.<\/p>\n<p>Na \u00e9poca sovi\u00e9tica, os crist\u00e3os j\u00e1 eram severamente perseguidos e nada melhorou desde a independ\u00eancia dos pa\u00edses. Antes de 1991, os crist\u00e3os eram quase exclusivamente n\u00e3o nativos, de origem russa, ucraniana, polonesa, alem\u00e3 ou coreana. Mas depois muitos n\u00e3o nativos deixaram a regi\u00e3o e diversos centro-asi\u00e1ticos se converteram. Como resultado, a igreja na \u00c1sia Central hoje \u00e9 composta em sua maioria por nativos, o que aumentou a hostilidade contra os crist\u00e3os.<\/p>\n<h3><strong>Quer conhecer hist\u00f3rias de jovens da \u00c1sia Central?<\/strong><\/h3>\n<h4><strong>Adil, um soldado de f\u00e9<\/strong><\/h4>\n<div id=\"attachment_8962\" style=\"width: 410px\" class=\"wp-caption alignleft\"><img loading=\"lazy\" decoding=\"async\" aria-describedby=\"caption-attachment-8962\" class=\"wp-image-8962\" src=\"https:\/\/ultimato.com.br\/sites\/jovem\/files\/2022\/01\/blog_jovem_Portas_Abertas_imagem2-Adil-300x225.jpg\" alt=\"\" width=\"400\" height=\"300\" srcset=\"https:\/\/ultimato.com.br\/sites\/jovem\/files\/2022\/01\/blog_jovem_Portas_Abertas_imagem2-Adil-300x225.jpg 300w, https:\/\/ultimato.com.br\/sites\/jovem\/files\/2022\/01\/blog_jovem_Portas_Abertas_imagem2-Adil-1024x768.jpg 1024w, https:\/\/ultimato.com.br\/sites\/jovem\/files\/2022\/01\/blog_jovem_Portas_Abertas_imagem2-Adil-768x576.jpg 768w, https:\/\/ultimato.com.br\/sites\/jovem\/files\/2022\/01\/blog_jovem_Portas_Abertas_imagem2-Adil-732x549.jpg 732w, https:\/\/ultimato.com.br\/sites\/jovem\/files\/2022\/01\/blog_jovem_Portas_Abertas_imagem2-Adil-1140x855.jpg 1140w, https:\/\/ultimato.com.br\/sites\/jovem\/files\/2022\/01\/blog_jovem_Portas_Abertas_imagem2-Adil.jpg 1191w\" sizes=\"auto, (max-width: 400px) 100vw, 400px\" \/><p id=\"caption-attachment-8962\" class=\"wp-caption-text\">Adil \u00e9 um jovem soldado que foi perseguido durante o servi\u00e7o militar na \u00c1sia Central, mas se manteve fiel \u00e0 f\u00e9 crist\u00e3<\/p><\/div>\n<p>Adil (pseud\u00f4nimo) aceitou a Jesus durante a inf\u00e2ncia e foi batizado aos 14 anos. Os pais fazem parte da primeira gera\u00e7\u00e3o de convertidos na \u00c1sia Central ap\u00f3s o colapso da Uni\u00e3o Sovi\u00e9tica. Aos 18 anos, Adil ingressou no ex\u00e9rcito, sendo enviado para outra cidade. Ele lia a B\u00edblia e orava todos os dias. Ao verem isso, os soldados descobriram que ele era crist\u00e3o e come\u00e7aram a oprimi-lo e humilh\u00e1-lo, j\u00e1 que foi considerado traidor da f\u00e9 isl\u00e2mica.<\/p>\n<p>O rapaz foi questionado e for\u00e7ado a renunciar a Jesus, por\u00e9m recusou. Al\u00e9m de ser humilhado e agredido, perdeu outros privil\u00e9gios, como os dias de folga e o celular. Passou a falar com a fam\u00edlia por meio de cartas que eram lidas antes de serem enviadas. Ao saber sobre Adil, um grupo de crist\u00e3os foi visit\u00e1-lo e passou a fazer isso de tempos em tempos para ajud\u00e1-lo a passar pelo per\u00edodo do servi\u00e7o militar.<\/p>\n<blockquote>\n<h4 style=\"text-align: center;\">\u201cEu n\u00e3o troco minha f\u00e9 em Jesus por nada.\u201d<\/h4>\n<h4 style=\"text-align: center;\">Adil, jovem crist\u00e3o na \u00c1sia Central<\/h4>\n<\/blockquote>\n<p>Pouco tempo depois, Adil foi hospitalizado. Ao visit\u00e1-lo, o pastor viu uma cena triste. O rapaz teve o maxilar quebrado pelos colegas de quartel, al\u00e9m de muitos outros ferimentos. O motivo da agress\u00e3o: a f\u00e9 em Jesus. Enquanto estava no hospital, um oficial tentou descobrir o motivo do incidente, mas Adil n\u00e3o deu detalhes de como foi agredido.<\/p>\n<h4><\/h4>\n<p>&nbsp;<\/p>\n<h4><strong>Transformando cora\u00e7\u00f5es<\/strong><\/h4>\n<p>Ao deixar o hospital, a press\u00e3o n\u00e3o acabou. O crist\u00e3o foi enviado para uma \u00e1rea montanhosa remota, o que parecia uma puni\u00e7\u00e3o por sua convers\u00e3o. O superior de Adil, um mu\u00e7ulmano convicto, convidou-o para jantar. O oficial insistiu para que o jovem tomasse bebidas alco\u00f3licas, mas ele recusou.<\/p>\n<p>O convite era um ultimato. O crist\u00e3o teria as melhores condi\u00e7\u00f5es e prote\u00e7\u00e3o se renunciasse a Jesus ou ent\u00e3o: \u201cEu farei meu melhor para tonar sua vida aqui imposs\u00edvel\u201d, foram as palavras do superior. Ele tamb\u00e9m prometeu que sacrificaria um cordeiro em homenagem ao jovem. Mas Adil respondeu: \u201cEu n\u00e3o troco minha f\u00e9 em Jesus por nada\u201d.<\/p>\n<p>Isso enfureceu o superior, que expulsou o rapaz da tenda descal\u00e7o e apenas com as roupas de baixo. O rapaz ficou quase duas horas andando ao redor das tendas no frio e no vento, orando a Deus. Ent\u00e3o um dos soldados o viu. Ele chamou os demais e foram \u00e0 tenda do oficial, que estava se embebedando. Dessa vez, aqueles que haviam agredido o crist\u00e3o ficaram do lado dele. Disseram ao oficial que sabiam sobre a f\u00e9 de Adil e que ele era o soldado mais justo e honesto que conheciam. O superior os colocou para fora.<\/p>\n<blockquote>\n<h4 style=\"text-align: center;\">\u201cMeus perseguidores me defenderam e cuidaram de mim. Deus mudou seus cora\u00e7\u00f5es.\u201d<\/h4>\n<h4 style=\"text-align: center;\">Adil, soldado crist\u00e3o na \u00c1sia Central<\/h4>\n<\/blockquote>\n<p>Na tenda do crist\u00e3o, os soldados deram a ele roupas, cobertor, comida e ch\u00e1. Adil compartilhou: \u201cFoi uma resposta poderosa de Deus \u00e0s ora\u00e7\u00f5es. Estou muito grato. Meus perseguidores me defenderam e cuidaram de mim. Eu experimentei horas terr\u00edveis, mas vi como Deus mudou o cora\u00e7\u00e3o deles\u201d.<\/p>\n<p>Atualmente, com 21 anos, Adil cursa uma faculdade para futuros oficiais. Professores e alunos sabem sobre sua f\u00e9 crist\u00e3, mas ningu\u00e9m o persegue. Eles o respeitam como um aluno diligente, honesto e gentil. O jovem entende que o chamado de Deus para ele \u00e9 ser uma testemunha no ex\u00e9rcito: \u201cQuero me tornar um exemplo de como um homem pode ser fiel a Cristo e, ao mesmo tempo, um oficial no ex\u00e9rcito no meu pa\u00eds\u201d.<\/p>\n<p>&nbsp;<\/p>\n<h4><strong>Eldos, quase morto por amor a Cristo<\/strong><\/h4>\n<div id=\"attachment_8965\" style=\"width: 310px\" class=\"wp-caption alignright\"><img loading=\"lazy\" decoding=\"async\" aria-describedby=\"caption-attachment-8965\" class=\"wp-image-8965\" src=\"https:\/\/ultimato.com.br\/sites\/jovem\/files\/2022\/01\/blog_jovem_Portas_Abertas_imagem1-Eldos-225x300.jpg\" alt=\"\" width=\"300\" height=\"400\" srcset=\"https:\/\/ultimato.com.br\/sites\/jovem\/files\/2022\/01\/blog_jovem_Portas_Abertas_imagem1-Eldos-225x300.jpg 225w, https:\/\/ultimato.com.br\/sites\/jovem\/files\/2022\/01\/blog_jovem_Portas_Abertas_imagem1-Eldos.jpg 670w\" sizes=\"auto, (max-width: 300px) 100vw, 300px\" \/><p id=\"caption-attachment-8965\" class=\"wp-caption-text\">Eldos \u00e9 um jovem do Quirguist\u00e3o que ficou t\u00e3o gravemente ferido em um ataque por causa da f\u00e9 em Jesus que os m\u00e9dicos disseram que ele morreria<\/p><\/div>\n<p>Eldos \u00e9 um crist\u00e3o ex-mu\u00e7ulmano de 27 anos que vive no Quirguist\u00e3o. Em outubro de 2018, tr\u00eas jovens radicais mu\u00e7ulmanos invadiram a casa dele para atacar o pai de Eldos, que tamb\u00e9m \u00e9 crist\u00e3o. Como ele n\u00e3o estava em casa, os agressores tentaram reconverter o rapaz ao islamismo.<\/p>\n<p>Nurzhan, irm\u00e3 de Eldos, estava escondida em outro lugar da casa e testemunhou o ataque. Ela estava gr\u00e1vida de seis meses e sofreu um aborto devido ao trauma causado pela situa\u00e7\u00e3o que presenciou.<\/p>\n<p>Eldos foi levado ao hospital com um olho sangrando, traumatismo craniano grave com poss\u00edvel sangramento no c\u00e9rebro, dentes arrancados e a mand\u00edbula fraturada. Os m\u00e9dicos sugeriram que ele poderia morrer ou ficar incapacitado. O jovem ficou deprimido e teve ataques de p\u00e2nico.<\/p>\n<p>Os tr\u00eas agressores foram identificados, mas os parentes deles amea\u00e7aram a fam\u00edlia de Eldos e a comunidade crist\u00e3 local de viol\u00eancia f\u00edsica caso a queixa contra eles n\u00e3o fosse retirada. Mesmo no hospital, o crist\u00e3o teve que ser guardado por irm\u00e3os da igreja, pois havia amea\u00e7as de um novo ataque. Por isso, ele foi transferido de um hospital na capital para uma cl\u00ednica particular.<\/p>\n<p>&nbsp;<\/p>\n<h4><strong>O poder do bom testemunho<\/strong><\/h4>\n<p>Apesar de a pol\u00edcia alegar estar investigando o caso, os parentes de Eldos e sua advogada n\u00e3o se convenceram disso. Ap\u00f3s serem interrogados e condenados, os agressores foram soltos. Mesmo a ju\u00edza do caso tendo ordenado que os respons\u00e1veis ficassem em pris\u00e3o domiciliar, a pol\u00edcia n\u00e3o fez nada para que a ordem fosse cumprida.<\/p>\n<blockquote>\n<h4 style=\"text-align: center;\">\u201cEu s\u00f3 estou vivo por causa da ora\u00e7\u00e3o de tantas pessoas. Obrigado.\u201d<\/h4>\n<h4 style=\"text-align: center;\">Eldos, crist\u00e3o agredido no Quirguist\u00e3o<\/h4>\n<\/blockquote>\n<p>Segundo o tio de Eldos, com quem o jovem vive atualmente, eles est\u00e3o bem. \u201cH\u00e1 dificuldades e amea\u00e7as. Algumas pessoas continuam nos perseguindo, mas a maioria tem um bom relacionamento conosco. Alguns vizinhos nos respeitam mais agora porque perdoamos quem bateu em Eldos e n\u00e3o pedimos compensa\u00e7\u00e3o em dinheiro. Esse foi um bom testemunho. Agora temos uma vida pac\u00edfica, mas continuamos compartilhando o evangelho com parentes e vizinhos\u201d.<\/p>\n<p>Eldos agradece a todos que oraram por ele e reconhece: \u201cEu s\u00f3 estou vivo por causa da ora\u00e7\u00e3o de tantas pessoas. Obrigado\u201d.<\/p>\n<p>&nbsp;<\/p>\n<h4><strong>Uma irm\u00e3 corajosa<\/strong><\/h4>\n<div id=\"attachment_8972\" style=\"width: 410px\" class=\"wp-caption alignleft\"><img loading=\"lazy\" decoding=\"async\" aria-describedby=\"caption-attachment-8972\" class=\"wp-image-8972\" src=\"https:\/\/ultimato.com.br\/sites\/jovem\/files\/2022\/01\/blog_jovem_Portas_Abertas_Imagem-5-ilustrativa-representativa-300x200.jpg\" alt=\"\" width=\"400\" height=\"266\" srcset=\"https:\/\/ultimato.com.br\/sites\/jovem\/files\/2022\/01\/blog_jovem_Portas_Abertas_Imagem-5-ilustrativa-representativa-300x200.jpg 300w, https:\/\/ultimato.com.br\/sites\/jovem\/files\/2022\/01\/blog_jovem_Portas_Abertas_Imagem-5-ilustrativa-representativa.jpg 335w\" sizes=\"auto, (max-width: 400px) 100vw, 400px\" \/><p id=\"caption-attachment-8972\" class=\"wp-caption-text\">Com o crescimento do islamismo ap\u00f3s o fim da Uni\u00e3o Sovi\u00e9tica, os crist\u00e3os s\u00e3o considerados traidores em seu contexto social<\/p><\/div>\n<p>Em uma noite, perto das 20h, duas irm\u00e3s de uma fam\u00edlia crist\u00e3 voltavam para casa. A mais velha tinha 16 anos e a mais nova, 12. No caminho, elas passaram por alguns rapazes que as reconheceram e come\u00e7aram a xing\u00e1-las. Disseram: \u201cAquelas meninas s\u00e3o de uma fam\u00edlia crist\u00e3, uma fam\u00edlia de traidores. Vamos atac\u00e1-las\u201d.<\/p>\n<p>Dois dos rapazes tentaram violentar sexualmente a mais velha. Por\u00e9m a mais nova, que era realmente corajosa, pulou na frente da irm\u00e3 para proteg\u00ea-la. Os garotos ficaram com mais raiva e come\u00e7aram a agredi-la.<\/p>\n<p>Eles bateram nela at\u00e9 quebrar todos os dentes. Ao saber sobre o caso, a equipe da Portas Abertas, al\u00e9m de lev\u00e1-la ao hospital para resolver a quest\u00e3o dos dentes, tamb\u00e9m passou a oferecer aconselhamento p\u00f3s-trauma.<\/p>\n<p>&nbsp;<\/p>\n<h4><strong>Voc\u00ea pode fazer parte da vida desses jovens da \u00c1sia Central<\/strong><\/h4>\n<div id=\"attachment_8974\" style=\"width: 410px\" class=\"wp-caption alignright\"><img loading=\"lazy\" decoding=\"async\" aria-describedby=\"caption-attachment-8974\" class=\"wp-image-8974\" src=\"https:\/\/ultimato.com.br\/sites\/jovem\/files\/2022\/01\/blog_jovem_Portas_Abertas_imagem3-foto-representativa-imagem-ilustrativa-300x200.jpg\" alt=\"\" width=\"400\" height=\"267\" srcset=\"https:\/\/ultimato.com.br\/sites\/jovem\/files\/2022\/01\/blog_jovem_Portas_Abertas_imagem3-foto-representativa-imagem-ilustrativa-300x200.jpg 300w, https:\/\/ultimato.com.br\/sites\/jovem\/files\/2022\/01\/blog_jovem_Portas_Abertas_imagem3-foto-representativa-imagem-ilustrativa.jpg 334w\" sizes=\"auto, (max-width: 400px) 100vw, 400px\" \/><p id=\"caption-attachment-8974\" class=\"wp-caption-text\">Apesar de serem ainda mais vulner\u00e1veis que os demais crist\u00e3os, os jovens na \u00c1sia Central est\u00e3o expandindo o Reino de Deus por meio de seus testemunhos<\/p><\/div>\n<p>Diante da persegui\u00e7\u00e3o, a nova gera\u00e7\u00e3o na \u00c1sia Central precisa aprender sobre a nova vida em Jesus. Os jovens s\u00e3o um grupo estrat\u00e9gico a ser alcan\u00e7ado, mas sua educa\u00e7\u00e3o espiritual \u00e9 com frequ\u00eancia negligenciada. Eles precisam de ajuda para continuar na f\u00e9, apesar das dificuldades.\u00a0<a href=\"https:\/\/portasabertas.org.br\/doe\/campanhas\/asia-central\">Clique neste link<\/a> e saiba como apoiar a causa e permitir que jovens recebam educa\u00e7\u00e3o sobre vida crist\u00e3, identidade e prop\u00f3sito em Cristo.<\/p>\n<p>&nbsp;<\/p>\n<p>&nbsp;<\/p>\n<p>&nbsp;<\/p>\n<p>&nbsp;<\/p>\n<p><strong>Cr\u00e9dito das Imagens:<\/strong> Portas Abertas<\/p>\n","protected":false},"excerpt":{"rendered":"<p>Qual o futuro da igreja na \u00c1sia Central? Conhe\u00e7a a nova gera\u00e7\u00e3o de crist\u00e3os na regi\u00e3o e entenda mais sobre seu passado hist\u00f3rico na Uni\u00e3o Sovi\u00e9tica Rejei\u00e7\u00e3o, humilha\u00e7\u00e3o, agress\u00e3o. Esses tipos de persegui\u00e7\u00e3o \u00e9 sempre uma realidade para crist\u00e3os na \u00c1sia Central. Afinal, eles s\u00e3o vistos como traidores da na\u00e7\u00e3o apenas por deixarem a f\u00e9 [&hellip;]<\/p>\n","protected":false},"author":19,"featured_media":0,"comment_status":"open","ping_status":"open","sticky":false,"template":"","format":"standard","meta":{"ngg_post_thumbnail":0,"footnotes":""},"categories":[9],"tags":[],"class_list":["post-8948","post","type-post","status-publish","format-standard","hentry","category-sem-categoria"],"_links":{"self":[{"href":"https:\/\/ultimato.com.br\/sites\/jovem\/wp-json\/wp\/v2\/posts\/8948","targetHints":{"allow":["GET"]}}],"collection":[{"href":"https:\/\/ultimato.com.br\/sites\/jovem\/wp-json\/wp\/v2\/posts"}],"about":[{"href":"https:\/\/ultimato.com.br\/sites\/jovem\/wp-json\/wp\/v2\/types\/post"}],"author":[{"embeddable":true,"href":"https:\/\/ultimato.com.br\/sites\/jovem\/wp-json\/wp\/v2\/users\/19"}],"replies":[{"embeddable":true,"href":"https:\/\/ultimato.com.br\/sites\/jovem\/wp-json\/wp\/v2\/comments?post=8948"}],"version-history":[{"count":30,"href":"https:\/\/ultimato.com.br\/sites\/jovem\/wp-json\/wp\/v2\/posts\/8948\/revisions"}],"predecessor-version":[{"id":8984,"href":"https:\/\/ultimato.com.br\/sites\/jovem\/wp-json\/wp\/v2\/posts\/8948\/revisions\/8984"}],"wp:attachment":[{"href":"https:\/\/ultimato.com.br\/sites\/jovem\/wp-json\/wp\/v2\/media?parent=8948"}],"wp:term":[{"taxonomy":"category","embeddable":true,"href":"https:\/\/ultimato.com.br\/sites\/jovem\/wp-json\/wp\/v2\/categories?post=8948"},{"taxonomy":"post_tag","embeddable":true,"href":"https:\/\/ultimato.com.br\/sites\/jovem\/wp-json\/wp\/v2\/tags?post=8948"}],"curies":[{"name":"wp","href":"https:\/\/api.w.org\/{rel}","templated":true}]}}