{"id":8927,"date":"2022-01-04T11:13:56","date_gmt":"2022-01-04T14:13:56","guid":{"rendered":"https:\/\/ultimato.com.br\/sites\/jovem\/?p=8927"},"modified":"2022-03-14T10:44:19","modified_gmt":"2022-03-14T13:44:19","slug":"lavando-o-rosto","status":"publish","type":"post","link":"https:\/\/ultimato.com.br\/sites\/jovem\/2022\/01\/04\/lavando-o-rosto\/","title":{"rendered":"Lavando o rosto"},"content":{"rendered":"<p><em>Por Jeferson Rodolfo Cristianini<\/em><\/p>\n<p><img loading=\"lazy\" decoding=\"async\" class=\"alignright wp-image-8928\" title=\"Nathan Dumlao\" src=\"https:\/\/ultimato.com.br\/sites\/jovem\/files\/2022\/01\/imag_lavando-300x200.jpg\" alt=\"\" width=\"350\" height=\"233\" srcset=\"https:\/\/ultimato.com.br\/sites\/jovem\/files\/2022\/01\/imag_lavando-300x200.jpg 300w, https:\/\/ultimato.com.br\/sites\/jovem\/files\/2022\/01\/imag_lavando-768x512.jpg 768w, https:\/\/ultimato.com.br\/sites\/jovem\/files\/2022\/01\/imag_lavando-732x488.jpg 732w, https:\/\/ultimato.com.br\/sites\/jovem\/files\/2022\/01\/imag_lavando.jpg 870w\" sizes=\"auto, (max-width: 350px) 100vw, 350px\" \/>Aprendi na inf\u00e2ncia a lavar o rosto antes de ir para escola. Minha m\u00e3e me explicou os motivos pelos quais deveria lavar o rosto pela manh\u00e3, e um deles era para despertar e fazer a higiene no rosto. Agora estou na fase de ensinar meu filho lavar o rosto antes de sair de casa. Tem sido interessante esse processo de ensin\u00e1-lo algumas coisas que aprendi, mas ele sempre pergunta os motivos e quer saber qual a finalidade de tudo. Est\u00e1 na faze do \u201cporqu\u00ea\u201d. Essa fase exige mais, mas \u00e9 interessante.<\/p>\n<p>Jesus em Seu minist\u00e9rio combateu veementemente a hipocrisia dos l\u00edderes religiosos de seu tempo. Os escribas e fariseus eram h\u00e1beis em viver uma espiritualidade dissimulada e hip\u00f3crita. Os fariseus ganharam grande aten\u00e7\u00e3o de Jesus, e nosso Senhor tentou de todas as maneiras abrir os olhos deles, a fim de que sa\u00edssem da proposta da performance religiosa, para uma piedade real que revelasse a verdadeira espiritualidade. Os fariseus se portavam diante das pessoas como exemplos de devo\u00e7\u00e3o e zelo espiritual, mas na realidade era s\u00f3 apar\u00eancia, como na linguagem de Jesus, eles eram \u201csepulcros caiados\u201d, ou seja, tinham uma bela apar\u00eancia mas interiormente tem cheiro de morte (cf. Mateus 23: 27). Certa ocasi\u00e3o Jesus falando de uma vida religiosa baseada na ostenta\u00e7\u00e3o e na encena\u00e7\u00e3o, Jesus ensina o anonimato da ora\u00e7\u00e3o no quarto ao inv\u00e9s das pra\u00e7as p\u00fablicas, e dar a esmola em secreto do que visando a aten\u00e7\u00e3o do pr\u00f3ximo. Quando Jesus, fala da pr\u00e1tica do jejum, que tem como \u00eanfase o quebrantamento e contri\u00e7\u00e3o diante de Deus, eles usavam essa pr\u00e1tica espiritual para se mostrarem como religiosos e piedosos. Jesus ensinou os fariseus lavar o rosto, pois os fariseus se mostravam \u201ccontristados, porque desfiguram o soroso, para que aos homens pare\u00e7a que jejuam\u201d (Mateus 6:16). A orienta\u00e7\u00e3o de Jesus \u00e9 parar com a encena\u00e7\u00e3o de ator querendo impressionar as pessoas, e lavar o rosto, pois o jejum \u00e9 um momento entre n\u00f3s e Deus. Para Jesus, o que importa \u00e9 o interior e n\u00e3o o exterior. As pessoas veem o exterior, mas Deus nos v\u00ea por dentro, como de fato n\u00f3s somos. Ele sonda as nossas motiva\u00e7\u00f5es.<\/p>\n<p>Enquanto ensinava meu filho a lavar o rosto, e me lembrar das palavras de Jesus, me lembrei da frase do Martinho Lutero, que me marcou e me impactou muito. Martinho Lutero: \u201cSempre que voc\u00ea lavar o rosto de manh\u00e3, lembre -se de seu batismo e a quem voc\u00ea pertence, v\u00e1 e viva o dia de acordo\u201d. Martinho Lutero nos chama a reflex\u00e3o sobre o batismo. Sabemos que o batismo b\u00edblico \u00e9 uma ordenan\u00e7a de Jesus, e em obedi\u00eancia ao nosso Senhor, e como ato de demonstra\u00e7\u00e3o p\u00fablica que aceitamos o evangelho, n\u00f3s passamos pelo batismo. Vale lembrar que o batismo n\u00e3o salva, mas os salvos buscam o batismo para mostrar e testemunhar que morreram para o mundo e nasceram para Deus. o batismo \u00e9 uma ordenan\u00e7a de Jesus, e os disc\u00edpulos dEle, que passaram pelas \u00e1guas do batismo, sabem como \u00e9 inexplic\u00e1vel esse momento do batismo. O batismo tamb\u00e9m tem um simbolismo como um \u201crito de passagem\u201d, quando declaramos publicamente que somos parte do povo de Deus, e assim temos que ter uma vida que reflita que somos disc\u00edpulos de Jesus e que tememos- e amamos- a Deus Pai. Certamente os disc\u00edpulos de Jesus, tem esse dia do batismo como um dia especial em suas vidas.<\/p>\n<p>Precisamos manter vivo em n\u00f3s o compromisso que assumimos quando fomos batizados, e cada vez que lavarmos o rosto pela manh\u00e3, e sentirmos a \u00e1gua em nosso rosto, devemos nos lembrar de que somos salvos pela gra\u00e7a e que devemos olhar para Jesus como nosso Mediador ao Deus Pai. A cada manh\u00e3 somos chamados a lembrar do evangelho de Deus disponibilizado em Jesus, nos lembrando que somos salvos pela gra\u00e7a e miseric\u00f3rdia de Deus em nos conceder o perd\u00e3o de Deus. Somos lembrados a viver de maneira digna de um disc\u00edpulo de Jesus, uma vida pautada pelos valores do alto (cf. Colossenses 3:1 a 3).<\/p>\n<p>Quando voc\u00ea lavar o rosto, lembre-se que voc\u00ea \u00e9 de Deus, lavado pelo sangue de Jesus. Lave o rosto e agrade\u00e7a. Lave o rosto e v\u00e1 viver mais um dia na depend\u00eancia da gra\u00e7a e da miseric\u00f3rdia de Deus. Se voc\u00ea ainda n\u00e3o se batizou, obede\u00e7a a ordenan\u00e7a de Jesus, e se voc\u00ea j\u00e1 \u00e9 batizado (a), lembre-se sempre que voc\u00ea entregou sua vida a Jesus. Pense nisso, e fa\u00e7a do momento de lavar o rosto pela manh\u00e3, um tempo de louvor e contri\u00e7\u00e3o e ver\u00e1 que seu testemunho ser\u00e1 eficaz e sentir\u00e1 mais a presen\u00e7a de Deus. lavar o rosto n\u00e3o tem nada de m\u00edstico, mas nos lembra que nos entregamos a Deus por meio de Jesus nosso Salvador. Lave o rosto!<\/p>\n<p>Bom domingo de celebra\u00e7\u00e3o: Jeferson Rodolfo Cristianini, seu pastor.<\/p>\n<p><strong>Jeferson Rodolfo Cristianini<\/strong> \u00e9 pastor da Igreja Batista Nova Cana\u00e3 Sorocaba.<\/p>\n","protected":false},"excerpt":{"rendered":"<p>Por Jeferson Rodolfo Cristianini Aprendi na inf\u00e2ncia a lavar o rosto antes de ir para escola. Minha m\u00e3e me explicou os motivos pelos quais deveria lavar o rosto pela manh\u00e3, e um deles era para despertar e fazer a higiene no rosto. Agora estou na fase de ensinar meu filho lavar o rosto antes de [&hellip;]<\/p>\n","protected":false},"author":19,"featured_media":0,"comment_status":"open","ping_status":"open","sticky":false,"template":"","format":"standard","meta":{"ngg_post_thumbnail":0,"footnotes":""},"categories":[6054],"tags":[36328,103,5980,27189],"class_list":["post-8927","post","type-post","status-publish","format-standard","hentry","category-textos","tag-jeferson-cristianini","tag-jesus","tag-salvacao","tag-sangue"],"_links":{"self":[{"href":"https:\/\/ultimato.com.br\/sites\/jovem\/wp-json\/wp\/v2\/posts\/8927","targetHints":{"allow":["GET"]}}],"collection":[{"href":"https:\/\/ultimato.com.br\/sites\/jovem\/wp-json\/wp\/v2\/posts"}],"about":[{"href":"https:\/\/ultimato.com.br\/sites\/jovem\/wp-json\/wp\/v2\/types\/post"}],"author":[{"embeddable":true,"href":"https:\/\/ultimato.com.br\/sites\/jovem\/wp-json\/wp\/v2\/users\/19"}],"replies":[{"embeddable":true,"href":"https:\/\/ultimato.com.br\/sites\/jovem\/wp-json\/wp\/v2\/comments?post=8927"}],"version-history":[{"count":1,"href":"https:\/\/ultimato.com.br\/sites\/jovem\/wp-json\/wp\/v2\/posts\/8927\/revisions"}],"predecessor-version":[{"id":8929,"href":"https:\/\/ultimato.com.br\/sites\/jovem\/wp-json\/wp\/v2\/posts\/8927\/revisions\/8929"}],"wp:attachment":[{"href":"https:\/\/ultimato.com.br\/sites\/jovem\/wp-json\/wp\/v2\/media?parent=8927"}],"wp:term":[{"taxonomy":"category","embeddable":true,"href":"https:\/\/ultimato.com.br\/sites\/jovem\/wp-json\/wp\/v2\/categories?post=8927"},{"taxonomy":"post_tag","embeddable":true,"href":"https:\/\/ultimato.com.br\/sites\/jovem\/wp-json\/wp\/v2\/tags?post=8927"}],"curies":[{"name":"wp","href":"https:\/\/api.w.org\/{rel}","templated":true}]}}