{"id":8900,"date":"2021-12-21T08:37:49","date_gmt":"2021-12-21T11:37:49","guid":{"rendered":"https:\/\/ultimato.com.br\/sites\/jovem\/?p=8900"},"modified":"2022-03-14T10:32:48","modified_gmt":"2022-03-14T13:32:48","slug":"um-som-suave","status":"publish","type":"post","link":"https:\/\/ultimato.com.br\/sites\/jovem\/2021\/12\/21\/um-som-suave\/","title":{"rendered":"Um som suave\u2026"},"content":{"rendered":"<p><em>Por Jeverton \u201cMagr\u00e3o\u201d Ledo<\/em><\/p>\n<p>&nbsp;<\/p>\n<p><img loading=\"lazy\" decoding=\"async\" class=\"alignright wp-image-8901\" title=\"Javardh | Unsplash.com\" src=\"https:\/\/ultimato.com.br\/sites\/jovem\/files\/2021\/12\/blog_ult_jovem_magrao-240x300.jpg\" alt=\"\" width=\"300\" height=\"375\" srcset=\"https:\/\/ultimato.com.br\/sites\/jovem\/files\/2021\/12\/blog_ult_jovem_magrao-240x300.jpg 240w, https:\/\/ultimato.com.br\/sites\/jovem\/files\/2021\/12\/blog_ult_jovem_magrao-732x915.jpg 732w, https:\/\/ultimato.com.br\/sites\/jovem\/files\/2021\/12\/blog_ult_jovem_magrao.jpg 765w\" sizes=\"auto, (max-width: 300px) 100vw, 300px\" \/>Ou\u00e7a o som suave que anuncia a chegada do tempo de celebrarmos o amor, a vida e a esperan\u00e7a.<\/p>\n<p>Chegada a hora de olhar para a simplicidade do nascimento do menino Deus.<\/p>\n<p>No sil\u00eancio da noite, envolto na miss\u00e3o de transformar o mundo, Ele rompe a frieza, e proclama que \u00e9 chegado um novo tempo.<\/p>\n<p>O mundo se perturba, uma revolu\u00e7\u00e3o se tornar\u00e1 vis\u00edvel, a vida encontrar\u00e1 sentido. Nas palavras daquele homem que caminha o caminho da humildade, da obedi\u00eancia e da nega\u00e7\u00e3o de si mesmo.<\/p>\n<p>Negar esse que confronta, que quebra o ciclo do poder, da arrog\u00e2ncia e da superioridade.<\/p>\n<p>A humanidade ser\u00e1 conduzida a repensar a pr\u00f3pria exist\u00eancia, valores ter\u00e3o que ser reavaliados, um auto exame exigir\u00e1 o olhar para dentro de si.<\/p>\n<p>Abrir\u00e1 a porta que revela o quanto o mundo, vem se distanciando ao longo dos s\u00e9culos da sua ess\u00eancia.<\/p>\n<p>Ess\u00eancia que se v\u00ea na crian\u00e7a, que \u00e9 a verdade desafiadora.<\/p>\n<p>Acolher\u00e1 voc\u00ea em seu cora\u00e7\u00e3o o desafio de se desconectar durante o tempo que antecede o nascimento do Cristo, de tudo quanto tem tomado o lugar do que realmente importa em sua caminhada.<\/p>\n<p>\u00c9 tempo de reflex\u00e3o, de renovo, de restaurar.\u00a0 Tempo quem sabe\u00a0 de recome\u00e7ar, de se reencontrar.<\/p>\n<p>Recome\u00e7os nem sempre s\u00e3o f\u00e1ceis, e exigem for\u00e7a para vencer os obst\u00e1culos, e acima de tudo para enfrentar o seu maior inimigo.<\/p>\n<p>Voc\u00ea sabe que estou falando de voc\u00ea mesmo.<\/p>\n<p>Que a celebra\u00e7\u00e3o do nascimento, encontre em sua vida o verdadeiro significado.<\/p>\n<p>Quebre a frieza de cora\u00e7\u00f5es, reafirme convic\u00e7\u00f5es, e alcance outros cora\u00e7\u00f5es.<\/p>\n<p>Cora\u00e7\u00f5es que est\u00e3o pulsando na vida de tantos outros que vivem sem esperan\u00e7a , ou que,\u00a0 j\u00e1 decretaram o pr\u00f3prio fim.<\/p>\n<p>A esperan\u00e7a segue viva,\u00a0 a crian\u00e7a venceu a f\u00faria do mundo, o madeiro est\u00e1 vazio\u2026<\/p>\n<p>&nbsp;<\/p>\n<p class=\"Default\" style=\"line-height: normal; margin: 12.0pt 0cm 12.0pt 0cm;\"><span lang=\"PT\"><strong>Jeverton \u201cMagr\u00e3o\u201d Ledo<\/strong> um apaixonado por arte e m\u00fasica. Segue servindo como conselheiro e reside com a fam\u00edlia na Holanda.<\/span><\/p>\n<hr \/>\n<p><strong>Leia mais:<\/strong><br \/>\n\u00bb <a href=\"https:\/\/ultimato.com.br\/sites\/jovem\/2021\/12\/14\/a-nossa-esperanca\/\">A nossa Esperan\u00e7a<\/a><br \/>\n\u00bb <a href=\"https:\/\/ultimato.com.br\/sites\/jovem\/2020\/12\/15\/contemos-a-esperanca-da-historia-do-natal\/\">Contemos a esperan\u00e7a da hist\u00f3ria do Natal<\/a><br \/>\n\u00bb <a href=\"https:\/\/ultimato.com.br\/sites\/jovem\/2019\/12\/20\/a-expectativa-e-a-realidade-do-natal\/\">A expectativa e a realidade do Natal<\/a><\/p>\n","protected":false},"excerpt":{"rendered":"<p>Por Jeverton \u201cMagr\u00e3o\u201d Ledo &nbsp; Ou\u00e7a o som suave que anuncia a chegada do tempo de celebrarmos o amor, a vida e a esperan\u00e7a. Chegada a hora de olhar para a simplicidade do nascimento do menino Deus. No sil\u00eancio da noite, envolto na miss\u00e3o de transformar o mundo, Ele rompe a frieza, e proclama que [&hellip;]<\/p>\n","protected":false},"author":19,"featured_media":0,"comment_status":"open","ping_status":"open","sticky":false,"template":"","format":"standard","meta":{"ngg_post_thumbnail":0,"footnotes":""},"categories":[9],"tags":[26686,82,6400,45409],"class_list":["post-8900","post","type-post","status-publish","format-standard","hentry","category-sem-categoria","tag-jeverton-magrao-ledo","tag-natal","tag-paz","tag-som"],"_links":{"self":[{"href":"https:\/\/ultimato.com.br\/sites\/jovem\/wp-json\/wp\/v2\/posts\/8900","targetHints":{"allow":["GET"]}}],"collection":[{"href":"https:\/\/ultimato.com.br\/sites\/jovem\/wp-json\/wp\/v2\/posts"}],"about":[{"href":"https:\/\/ultimato.com.br\/sites\/jovem\/wp-json\/wp\/v2\/types\/post"}],"author":[{"embeddable":true,"href":"https:\/\/ultimato.com.br\/sites\/jovem\/wp-json\/wp\/v2\/users\/19"}],"replies":[{"embeddable":true,"href":"https:\/\/ultimato.com.br\/sites\/jovem\/wp-json\/wp\/v2\/comments?post=8900"}],"version-history":[{"count":4,"href":"https:\/\/ultimato.com.br\/sites\/jovem\/wp-json\/wp\/v2\/posts\/8900\/revisions"}],"predecessor-version":[{"id":8905,"href":"https:\/\/ultimato.com.br\/sites\/jovem\/wp-json\/wp\/v2\/posts\/8900\/revisions\/8905"}],"wp:attachment":[{"href":"https:\/\/ultimato.com.br\/sites\/jovem\/wp-json\/wp\/v2\/media?parent=8900"}],"wp:term":[{"taxonomy":"category","embeddable":true,"href":"https:\/\/ultimato.com.br\/sites\/jovem\/wp-json\/wp\/v2\/categories?post=8900"},{"taxonomy":"post_tag","embeddable":true,"href":"https:\/\/ultimato.com.br\/sites\/jovem\/wp-json\/wp\/v2\/tags?post=8900"}],"curies":[{"name":"wp","href":"https:\/\/api.w.org\/{rel}","templated":true}]}}