{"id":889,"date":"2011-07-13T09:14:15","date_gmt":"2011-07-13T12:14:15","guid":{"rendered":"http:\/\/ultimato.com.br\/sites\/jovem\/?p=889"},"modified":"2011-08-03T15:54:50","modified_gmt":"2011-08-03T18:54:50","slug":"alto-escolha","status":"publish","type":"post","link":"https:\/\/ultimato.com.br\/sites\/jovem\/2011\/07\/13\/alto-escolha\/","title":{"rendered":"Alto escolha"},"content":{"rendered":"<p>A banda Alto Escolha tem um convite especial a fazer : o lan\u00e7amento do CD &#8220;Batendo \u00e0 Porta&#8221;! O show acontece \u00e0s <strong>19 horas do dia 16 de julho<\/strong> no audit\u00f3rio do Col\u00e9gio Batista BH (R. Plombagina, 305, bairro Floresta, Belo Horizonte). A entrada \u00e9 franca.<\/p>\n<p><a href=\"http:\/\/ultimato.com.br\/sites\/jovem\/files\/2011\/07\/13_07_jovem_bandaaltoescolha.jpg\" class=\"lightview\" data-lightview-group=\"group-889\" data-lightview-options=\"skin: 'dark', controls: 'relative', padding: '10', shadow: { color: '#000000', opacity: 0.08, blur: 3 }\" data-lightview-title=\"13_07_jovem_bandaaltoescolha\"><img loading=\"lazy\" decoding=\"async\" class=\"aligncenter size-full wp-image-890\" title=\"13_07_jovem_bandaaltoescolha\" src=\"http:\/\/ultimato.com.br\/sites\/jovem\/files\/2011\/07\/13_07_jovem_bandaaltoescolha.jpg\" alt=\"\" width=\"448\" height=\"299\" srcset=\"https:\/\/ultimato.com.br\/sites\/jovem\/files\/2011\/07\/13_07_jovem_bandaaltoescolha.jpg 448w, https:\/\/ultimato.com.br\/sites\/jovem\/files\/2011\/07\/13_07_jovem_bandaaltoescolha-300x200.jpg 300w, https:\/\/ultimato.com.br\/sites\/jovem\/files\/2011\/07\/13_07_jovem_bandaaltoescolha-150x100.jpg 150w\" sizes=\"auto, (max-width: 448px) 100vw, 448px\" \/><\/a><\/p>\n<p>Mais informa\u00e7\u00f5es: (31) 3456-9149 ou (31) 8632-7386<\/p>\n","protected":false},"excerpt":{"rendered":"<p>A banda Alto Escolha tem um convite especial a fazer : o lan\u00e7amento do CD &#8220;Batendo \u00e0 Porta&#8221;! O show acontece \u00e0s 19 horas do dia 16 de julho no audit\u00f3rio do Col\u00e9gio Batista BH (R. Plombagina, 305, bairro Floresta, Belo Horizonte). A entrada \u00e9 franca. Mais informa\u00e7\u00f5es: (31) 3456-9149 ou (31) 8632-7386<\/p>\n","protected":false},"author":19,"featured_media":0,"comment_status":"open","ping_status":"open","sticky":false,"template":"","format":"standard","meta":{"ngg_post_thumbnail":0,"footnotes":""},"categories":[5152,10182],"tags":[],"class_list":["post-889","post","type-post","status-publish","format-standard","hentry","category-altas-indicacoes","category-boto-fe"],"_links":{"self":[{"href":"https:\/\/ultimato.com.br\/sites\/jovem\/wp-json\/wp\/v2\/posts\/889","targetHints":{"allow":["GET"]}}],"collection":[{"href":"https:\/\/ultimato.com.br\/sites\/jovem\/wp-json\/wp\/v2\/posts"}],"about":[{"href":"https:\/\/ultimato.com.br\/sites\/jovem\/wp-json\/wp\/v2\/types\/post"}],"author":[{"embeddable":true,"href":"https:\/\/ultimato.com.br\/sites\/jovem\/wp-json\/wp\/v2\/users\/19"}],"replies":[{"embeddable":true,"href":"https:\/\/ultimato.com.br\/sites\/jovem\/wp-json\/wp\/v2\/comments?post=889"}],"version-history":[{"count":4,"href":"https:\/\/ultimato.com.br\/sites\/jovem\/wp-json\/wp\/v2\/posts\/889\/revisions"}],"predecessor-version":[{"id":996,"href":"https:\/\/ultimato.com.br\/sites\/jovem\/wp-json\/wp\/v2\/posts\/889\/revisions\/996"}],"wp:attachment":[{"href":"https:\/\/ultimato.com.br\/sites\/jovem\/wp-json\/wp\/v2\/media?parent=889"}],"wp:term":[{"taxonomy":"category","embeddable":true,"href":"https:\/\/ultimato.com.br\/sites\/jovem\/wp-json\/wp\/v2\/categories?post=889"},{"taxonomy":"post_tag","embeddable":true,"href":"https:\/\/ultimato.com.br\/sites\/jovem\/wp-json\/wp\/v2\/tags?post=889"}],"curies":[{"name":"wp","href":"https:\/\/api.w.org\/{rel}","templated":true}]}}