{"id":8842,"date":"2021-11-26T13:00:58","date_gmt":"2021-11-26T16:00:58","guid":{"rendered":"https:\/\/ultimato.com.br\/sites\/jovem\/?p=8842"},"modified":"2022-03-14T10:35:30","modified_gmt":"2022-03-14T13:35:30","slug":"consciencia-do-imago-dei-a-consciencia-negra","status":"publish","type":"post","link":"https:\/\/ultimato.com.br\/sites\/jovem\/2021\/11\/26\/consciencia-do-imago-dei-a-consciencia-negra\/","title":{"rendered":"Consci\u00eancia da Imago Dei, a consci\u00eancia negra\u00a0"},"content":{"rendered":"<p><em>Por J\u00falia Gomes<\/em><\/p>\n<blockquote><p>\u201cBusquem, em primeiro lugar, o Reino de Deus e a sua justi\u00e7a.\u201d<\/p><\/blockquote>\n<p><img loading=\"lazy\" decoding=\"async\" class=\"alignright wp-image-8844 size-medium\" title=\"Rui Silvestre | Unsplash.com\" src=\"https:\/\/ultimato.com.br\/sites\/jovem\/files\/2021\/11\/blog_jovem_26-11-21_consciencia_negra_imago_dei-242x300.jpg\" alt=\"\" width=\"242\" height=\"300\" srcset=\"https:\/\/ultimato.com.br\/sites\/jovem\/files\/2021\/11\/blog_jovem_26-11-21_consciencia_negra_imago_dei-242x300.jpg 242w, https:\/\/ultimato.com.br\/sites\/jovem\/files\/2021\/11\/blog_jovem_26-11-21_consciencia_negra_imago_dei.jpg 700w\" sizes=\"auto, (max-width: 242px) 100vw, 242px\" \/>Refleti, pensei e quebrei a cabe\u00e7a sobre como come\u00e7ar este texto sobre um assunto t\u00e3o urgente e pertinente. A Palavra venceu novamente, n\u00e3o poderia deixar de iniciar a reflex\u00e3o com o trecho citado acima de Mateus 6.33, ordenan\u00e7a do Senhor Jesus para n\u00f3s, seu povo. Falar sobre justi\u00e7a \u00e9 algo belo e empolgante de se ver, nos d\u00e1 uma certa esperan\u00e7a, ainda que estejamos indignados. Na verdade, por estarmos indignados, o fato de pessoas compartilharem do mesmo sentimento que o nosso\u00a0nos\u00a0deixa entusiasmados.<\/p>\n<p>Ao mesmo tempo, n\u00f3s crist\u00e3os clamamos pela vinda de um reino cuja esperan\u00e7a escatol\u00f3gica pode acabar por nos tornar acomodados com as crises que nosso mundo ca\u00f3tico enfrenta. Creio firmemente que, fechar nossos olhos para as chagas da nossa sociedade com a desculpa de que a solu\u00e7\u00e3o final ocorrer\u00e1 somente no Dia do Grande, reflete um descaso e apatia para com o ser humano e, consequentemente, para com o Criador. Aquele que realmente compreendeu a mensagem do evangelho se importa com as necessidades do seu tempo \u2013 mais ainda, se importa com pessoas. E ao nos importarmos com pessoas, a sede por justi\u00e7a inflama nossos cora\u00e7\u00f5es.<\/p>\n<p>Percebe\u00a0onde\u00a0quero chegar? Existe uma\u00a0codepend\u00eancia\u00a0entre o reino e a Justi\u00e7a. A justi\u00e7a n\u00e3o vem sem o reino, e o reino n\u00e3o existe sem a justi\u00e7a. \u00c9 por isso que Cristo nos ordena buscarmos ambos. Agora que apresentei minha linha de racioc\u00ednio, podemos conversar \u2013 racismo.<\/p>\n<p>Em pleno s\u00e9culo 21, o homem branco ainda teima sua superioridade racial, e o eco de tr\u00eas s\u00e9culos e meio de escravid\u00e3o aflige minhas irm\u00e3s e irm\u00e3os de cor, cujo processo incompleto de aboli\u00e7\u00e3o n\u00e3o os inseriu na sociedade como cidad\u00e3os plenos. O que n\u00f3s crist\u00e3os temos a ver com isso? Recorda-te do vers\u00edculo que mencionei no come\u00e7o e junte-o com os dois grandes mandamentos: amar a Deus sobre todas as coisas e o pr\u00f3ximo como a ti mesmo. Amas a Deus, mas n\u00e3o o teu pr\u00f3ximo? Utopia. Amas o pr\u00f3ximo, mas n\u00e3o o teu Deus? Idolatria. Se amamos o Criador, amamos tudo o que ele fez, especialmente os seres humanos; pois o Alt\u00edssimo escolheu espelhar sua imagem e semelhan\u00e7a exclusivamente em n\u00f3s \u2013 permita-me expressar meu sentimento quanto a isso, gl\u00f3ria!<\/p>\n<p>A doutrina do Imago Dei (ser humano, imagem e semelhan\u00e7a de Deus) condena o racismo, porque remove a dignidade da pessoa, logo, \u00e9 uma afronta \u00e0 proximidade graciosa que todo homem e mulher tem; visto que cada etnia carrega tra\u00e7os singulares do Criador, e a multiplicidade \u00e9tnica \u00e9 una no Grande Eu Sou. Dessa forma, ao vivermos de acordo com as palavras de Jesus, o reino est\u00e1 sendo pulsado aqui e agora, ainda que n\u00e3o esteja completamente estabelecido; bem como a justi\u00e7a a fluir, ainda que n\u00e3o integralmente.<\/p>\n<p>O racismo deve ser abolido diariamente de nossas mentes. Sim, n\u00f3s brancos devemos admitir que, pelo menos uma vez, banalizamos o <em>Imago Dei<\/em> ao sermos racistas; ou seja, pecamos contra nosso Senhor. \u00c9 necess\u00e1rio reconhecer que, j\u00e1 nos colocamos na posi\u00e7\u00e3o id\u00f3latra \u00e9tnico-racial, ao inferiorizarmos nosso pr\u00f3ximo julgando a multiforme gra\u00e7a que o Criador manifesta no ser humano acerca de si mesmo. Al\u00e9m disso, temos de nos empenhar para que haja repara\u00e7\u00e3o hist\u00f3rica, denunciando social, jur\u00eddica e profeticamente (chamado crist\u00e3o) as injusti\u00e7as, lutando pelo bem-estar, liberdade, a promover a virtude&#8230; isso \u00e9 justi\u00e7a e o reino vem!<\/p>\n<p>Talvez alguns me vejam como comunista ao dissertar sobre este tema, mas sou apenas mais uma seguidora de Jesus tentando viver uma vida que condiz com os ensinamentos de meu amado mestre; ele foi o que mais se preocupou (e se preocupa) com os oprimidos, parava para lhes ouvir e conceder liberta\u00e7\u00e3o. Ademais, sua obra n\u00e3o foi interrompida, seu Esp\u00edrito se move dentro de n\u00f3s, estamos aptos a dar espa\u00e7o para ele agir atrav\u00e9s de nossas vidas? \u201cOra, o Senhor \u00e9 o Esp\u00edrito e onde est\u00e1 o Esp\u00edrito do Senhor ali h\u00e1 liberdade.\u201d \u2013 2 Cor\u00edntios 3.17<\/p>\n<p>Gostaria de concluir este texto trazendo uma mensagem de consolo, juntamente com convoca\u00e7\u00e3o: o Grande Dia. A esperan\u00e7a escatol\u00f3gica, isto \u00e9, da volta de Cristo, n\u00e3o anula as batalhas que o evangelho nos chama para travar, ao contr\u00e1rio, ela nos d\u00e1 a responsabilidade para com o presente e o combust\u00edvel que precisamos para nos mantermos firmes \u2013 a esperan\u00e7a da gl\u00f3ria que o ap\u00f3stolo Paulo pregou. Haver\u00e1 a solu\u00e7\u00e3o final. Haver\u00e1 a honra por nossa luta. Haver\u00e1 um mundo cuja uni\u00e3o dos santos, em sua diversidade, reunir\u00e1 os fragmentos do espelho do <em>Imago Dei<\/em> que fora estilha\u00e7ado na Queda, e a imagem estar\u00e1 completa mais uma\u00a0vez,\u00a0para todo o sempre. Em Cristo, nada \u00e9 perdido, tudo \u00e9 restaurado e unido, para a gl\u00f3ria eterna do Pai. Am\u00e9m.<\/p>\n<p>&nbsp;<\/p>\n<ul>\n<li><strong>Julia Oliveira Gomes<\/strong>, 18 anos, estudante de ci\u00eancias biol\u00f3gicas na UFSCar, leitora voraz. Ama C. S. Lewis e \u00e9 f\u00e3 de Star Wars. Gosta de m\u00fasica e fotografia. Instagram: <a href=\"https:\/\/www.instagram.com\/prosasprosaicas\/?utm_medium=copy_link\">@prosasprosaicas<\/a><\/li>\n<\/ul>\n","protected":false},"excerpt":{"rendered":"<p>Por J\u00falia Gomes \u201cBusquem, em primeiro lugar, o Reino de Deus e a sua justi\u00e7a.\u201d Refleti, pensei e quebrei a cabe\u00e7a sobre como come\u00e7ar este texto sobre um assunto t\u00e3o urgente e pertinente. A Palavra venceu novamente, n\u00e3o poderia deixar de iniciar a reflex\u00e3o com o trecho citado acima de Mateus 6.33, ordenan\u00e7a do Senhor [&hellip;]<\/p>\n","protected":false},"author":19,"featured_media":0,"comment_status":"open","ping_status":"open","sticky":false,"template":"","format":"standard","meta":{"ngg_post_thumbnail":0,"footnotes":""},"categories":[9,6054],"tags":[40325,42235,8461],"class_list":["post-8842","post","type-post","status-publish","format-standard","hentry","category-sem-categoria","category-textos","tag-consciencia-negra","tag-julia-oliveira-gomes","tag-racismo"],"_links":{"self":[{"href":"https:\/\/ultimato.com.br\/sites\/jovem\/wp-json\/wp\/v2\/posts\/8842","targetHints":{"allow":["GET"]}}],"collection":[{"href":"https:\/\/ultimato.com.br\/sites\/jovem\/wp-json\/wp\/v2\/posts"}],"about":[{"href":"https:\/\/ultimato.com.br\/sites\/jovem\/wp-json\/wp\/v2\/types\/post"}],"author":[{"embeddable":true,"href":"https:\/\/ultimato.com.br\/sites\/jovem\/wp-json\/wp\/v2\/users\/19"}],"replies":[{"embeddable":true,"href":"https:\/\/ultimato.com.br\/sites\/jovem\/wp-json\/wp\/v2\/comments?post=8842"}],"version-history":[{"count":6,"href":"https:\/\/ultimato.com.br\/sites\/jovem\/wp-json\/wp\/v2\/posts\/8842\/revisions"}],"predecessor-version":[{"id":9027,"href":"https:\/\/ultimato.com.br\/sites\/jovem\/wp-json\/wp\/v2\/posts\/8842\/revisions\/9027"}],"wp:attachment":[{"href":"https:\/\/ultimato.com.br\/sites\/jovem\/wp-json\/wp\/v2\/media?parent=8842"}],"wp:term":[{"taxonomy":"category","embeddable":true,"href":"https:\/\/ultimato.com.br\/sites\/jovem\/wp-json\/wp\/v2\/categories?post=8842"},{"taxonomy":"post_tag","embeddable":true,"href":"https:\/\/ultimato.com.br\/sites\/jovem\/wp-json\/wp\/v2\/tags?post=8842"}],"curies":[{"name":"wp","href":"https:\/\/api.w.org\/{rel}","templated":true}]}}