{"id":873,"date":"2011-07-08T14:12:50","date_gmt":"2011-07-08T17:12:50","guid":{"rendered":"http:\/\/ultimato.com.br\/sites\/jovem\/?p=873"},"modified":"2011-07-08T14:13:38","modified_gmt":"2011-07-08T17:13:38","slug":"4%c2%ba-encontro-nacional-de-treinamento-de-lideres","status":"publish","type":"post","link":"https:\/\/ultimato.com.br\/sites\/jovem\/2011\/07\/08\/4%c2%ba-encontro-nacional-de-treinamento-de-lideres\/","title":{"rendered":"4\u00ba Encontro Nacional de Treinamento de L\u00edderes"},"content":{"rendered":"<p><a href=\"http:\/\/ultimato.com.br\/sites\/jovem\/files\/2011\/07\/08_07_EntreLideress_blogjovem.jpg\" class=\"lightview\" data-lightview-group=\"group-873\" data-lightview-options=\"skin: 'dark', controls: 'relative', padding: '10', shadow: { color: '#000000', opacity: 0.08, blur: 3 }\" data-lightview-title=\"08_07_EntreLideress_blogjovem\"><img loading=\"lazy\" decoding=\"async\" class=\"aligncenter size-full wp-image-874\" title=\"08_07_EntreLideress_blogjovem\" src=\"http:\/\/ultimato.com.br\/sites\/jovem\/files\/2011\/07\/08_07_EntreLideress_blogjovem.jpg\" alt=\"\" width=\"495\" height=\"237\" srcset=\"https:\/\/ultimato.com.br\/sites\/jovem\/files\/2011\/07\/08_07_EntreLideress_blogjovem.jpg 495w, https:\/\/ultimato.com.br\/sites\/jovem\/files\/2011\/07\/08_07_EntreLideress_blogjovem-300x143.jpg 300w, https:\/\/ultimato.com.br\/sites\/jovem\/files\/2011\/07\/08_07_EntreLideress_blogjovem-150x71.jpg 150w\" sizes=\"auto, (max-width: 495px) 100vw, 495px\" \/><\/a><\/p>\n<p>Uma pesquisa publicada no livro \u201cO desafio da Lideran\u00e7a\u201d feita com cerca de 20 mil pessoas em quatro continentes ressaltou as caracter\u00edsticas que elas mais procuravam e admiravam no l\u00edder (a pesquisa adotou o crit\u00e9rio da indica\u00e7\u00e3o por ordem de import\u00e2ncia, cumulativamente). Segundo foi apurado, 88% apontaram a \u201chonestidade\u201d; 75% marcaram \u201cvis\u00e3o de futuro\u201d; 68% inspira\u00e7\u00e3o; e, finalmente, 65% destacaram \u201ccompet\u00eancia\u201d.<!--more--><\/p>\n<p>Como se v\u00ea, o resultado desta pesquisa coloca em primeiro lugar a <strong>honestidade<\/strong>. Ou, em outras palavras, o car\u00e1ter e a integridade s\u00e3o as principais qualidades procuradas ou esperadas de um l\u00edder.\u00a0 Por esta raz\u00e3o, o tema do 4\u00ba EntreL\u00edderes ser\u00e1 \u201cA integridade e o car\u00e1ter do l\u00edder\u201d e, para desenvolver este tema, convidamos o Dr. Luiz Say\u00e3o, pastor, professor, escritor, tradutor da B\u00edblia e expositor reconhecido internacionalmente.<\/p>\n<p>Al\u00e9m das confer\u00eancias, os participantes do 4\u00ba EntreL\u00edderes ter\u00e3o ainda a oportunidade de aprofundar, em quatro semin\u00e1rios, os conhecimentos te\u00f3ricos e pr\u00e1ticos do exerc\u00edcio da lideran\u00e7a no Corpo de Cristo.<\/p>\n<p>(Informa\u00e7\u00f5es extra\u00eddas do <a href=\"http:\/\/juventudecrista.com.br\/component\/content\/article\/3-cursos-em-destaque\/5-4o-encontro-nacional-de-treinamento-de-lideres.html\">site oficial do evento<\/a>)<\/p>\n","protected":false},"excerpt":{"rendered":"<p>Uma pesquisa publicada no livro \u201cO desafio da Lideran\u00e7a\u201d feita com cerca de 20 mil pessoas em quatro continentes ressaltou as caracter\u00edsticas que elas mais procuravam e admiravam no l\u00edder (a pesquisa adotou o crit\u00e9rio da indica\u00e7\u00e3o por ordem de import\u00e2ncia, cumulativamente). Segundo foi apurado, 88% apontaram a \u201chonestidade\u201d; 75% marcaram \u201cvis\u00e3o de futuro\u201d; 68% [&hellip;]<\/p>\n","protected":false},"author":19,"featured_media":0,"comment_status":"open","ping_status":"open","sticky":false,"template":"","format":"standard","meta":{"ngg_post_thumbnail":0,"footnotes":""},"categories":[172],"tags":[],"class_list":["post-873","post","type-post","status-publish","format-standard","hentry","category-agenda"],"_links":{"self":[{"href":"https:\/\/ultimato.com.br\/sites\/jovem\/wp-json\/wp\/v2\/posts\/873","targetHints":{"allow":["GET"]}}],"collection":[{"href":"https:\/\/ultimato.com.br\/sites\/jovem\/wp-json\/wp\/v2\/posts"}],"about":[{"href":"https:\/\/ultimato.com.br\/sites\/jovem\/wp-json\/wp\/v2\/types\/post"}],"author":[{"embeddable":true,"href":"https:\/\/ultimato.com.br\/sites\/jovem\/wp-json\/wp\/v2\/users\/19"}],"replies":[{"embeddable":true,"href":"https:\/\/ultimato.com.br\/sites\/jovem\/wp-json\/wp\/v2\/comments?post=873"}],"version-history":[{"count":3,"href":"https:\/\/ultimato.com.br\/sites\/jovem\/wp-json\/wp\/v2\/posts\/873\/revisions"}],"predecessor-version":[{"id":876,"href":"https:\/\/ultimato.com.br\/sites\/jovem\/wp-json\/wp\/v2\/posts\/873\/revisions\/876"}],"wp:attachment":[{"href":"https:\/\/ultimato.com.br\/sites\/jovem\/wp-json\/wp\/v2\/media?parent=873"}],"wp:term":[{"taxonomy":"category","embeddable":true,"href":"https:\/\/ultimato.com.br\/sites\/jovem\/wp-json\/wp\/v2\/categories?post=873"},{"taxonomy":"post_tag","embeddable":true,"href":"https:\/\/ultimato.com.br\/sites\/jovem\/wp-json\/wp\/v2\/tags?post=873"}],"curies":[{"name":"wp","href":"https:\/\/api.w.org\/{rel}","templated":true}]}}