{"id":863,"date":"2011-07-06T16:58:15","date_gmt":"2011-07-06T19:58:15","guid":{"rendered":"http:\/\/ultimato.com.br\/sites\/jovem\/?p=863"},"modified":"2011-08-03T15:55:36","modified_gmt":"2011-08-03T18:55:36","slug":"recado-aos-meus-jovens-filhos","status":"publish","type":"post","link":"https:\/\/ultimato.com.br\/sites\/jovem\/2011\/07\/06\/recado-aos-meus-jovens-filhos\/","title":{"rendered":"Recado aos meus jovens filhos"},"content":{"rendered":"<p><a href=\"http:\/\/ultimato.com.br\/sites\/jovem\/files\/2011\/07\/06_07_cartas_blogjovem.jpg\" class=\"lightview\" data-lightview-group=\"group-863\" data-lightview-options=\"skin: 'dark', controls: 'relative', padding: '10', shadow: { color: '#000000', opacity: 0.08, blur: 3 }\" data-lightview-title=\"06_07_cartas_blogjovem\"><img loading=\"lazy\" decoding=\"async\" class=\"size-full wp-image-865 alignleft\" title=\"06_07_cartas_blogjovem\" src=\"http:\/\/ultimato.com.br\/sites\/jovem\/files\/2011\/07\/06_07_cartas_blogjovem.jpg\" alt=\"\" width=\"247\" height=\"159\" srcset=\"https:\/\/ultimato.com.br\/sites\/jovem\/files\/2011\/07\/06_07_cartas_blogjovem.jpg 309w, https:\/\/ultimato.com.br\/sites\/jovem\/files\/2011\/07\/06_07_cartas_blogjovem-300x193.jpg 300w, https:\/\/ultimato.com.br\/sites\/jovem\/files\/2011\/07\/06_07_cartas_blogjovem-150x96.jpg 150w\" sizes=\"auto, (max-width: 247px) 100vw, 247px\" \/><\/a>\u00c0s vezes me pergunto se consigo mesmo entend\u00ea-los. E se eles me entendem.  Refiro-me aos meus filhos. De vez em quando ainda os tenho ao redor da  mesa do almo\u00e7o, do jantar. Mais raramente at\u00e9 no caf\u00e9 da manh\u00e3, num  s\u00e1bado mais pregui\u00e7oso&#8230; Nesses momentos, quando a gente se descontrai e  ri e p\u00e1ra por uns sagrados minutos de cobrar e aferir um ao outro,  tenho a sensa\u00e7\u00e3o gostosa de que a gente se entende e que a comunh\u00e3o \u00e9  uma das utopias poss\u00edveis no seio da fam\u00edlia. Mas s\u00f3 por alguns  minutos&#8230; Logo a culpa das expectativas n\u00e3o cumpridas deles sobre mim  como pai, minha sobre eles como filhos, profana a santidade daquele  momento que nos escapa.<\/p>\n<p><!--more-->Meus filhos est\u00e3o saindo da adolesc\u00eancia  e entrando na idade adulta. O mais velho caminha para 21 anos de idade,  a ca\u00e7ula j\u00e1 beira os 17 e ainda tem duas outras entre estes extremos  t\u00e3o pr\u00f3ximos. Gosto de conversar com eles, gosto de tentar entend\u00ea-los.  Gosto tamb\u00e9m de me sentir respeitado e amado por eles, o que acontece  uma boa parte das vezes! Sinto-me gratificado quando percebo que eles  aceitaram um conselho meu, ou quando levam a s\u00e9rio as coisas que  considero s\u00e9rias e importantes.<\/p>\n<p>Mesmo quando n\u00e3o consigo o tempo  ou o espa\u00e7o ou o melhor esp\u00edrito para uma boa conversa, penso bastante  neles. Sobre cada um: como est\u00e1 lidando com a vida, como est\u00e1 &#8220;toreando&#8221;  suas emo\u00e7\u00f5es, como est\u00e1 controlando os seus horm\u00f4nios, como est\u00e1  equacionando suas quest\u00f5es importantes em um mundo que se torna cada dia  mais complexo e em muitos sentidos cruel&#8230; Preocupo-me por eles! Como,  provavelmente, a maioria dos pais.<\/p>\n<p>Por conta disso, desse amor  entranhado, dessa paix\u00e3o tecida nos lugares mais inacess\u00edveis da alma,  tenho pensado em coisas boas para lhes dizer. Coisas que a gente vem  colecionando nessas quase duas d\u00e9cadas de relacionamento a seis;  segredos de pais para filhos. Coisas que agora reparto neste improvisado  recado:<\/p>\n<p><strong>O que a gente \u00e9 vale mais do que o que a gente tem.<br \/>\n<\/strong>\u00c0s  vezes, voc\u00eas sabem bem, eu me arrependo de ter escolhido o minist\u00e9rio \u2014  este de seguir a Deus como pastor ou no servi\u00e7o da poesia e da adora\u00e7\u00e3o  atrav\u00e9s da m\u00fasica. \u00c0s vezes me pego reclamando, dizendo que gostaria de  poder ter mais, poder dar mais a voc\u00eas, supri-los mais adequadamente,  proporcionar uma viagem extra, uma roupa mais bonita, um sapato mais  &#8220;chique&#8221;. \u00c0s vezes reclamo em voz alta e n\u00e3o tem como n\u00e3o perceber (que  bom que voc\u00eas me conhecem \u2014 \u00e9 um al\u00edvio poder ser eu mesmo). Mas estes  meus reclamos n\u00e3o conseguem matar a lucidez que vem do Esp\u00edrito de Deus \u2014  na sua luz n\u00f3s vemos a luz! E, nos meus momentos de lucidez, me curvo  diante do Pai e lhe digo que Ele fez bem em aceitar os meus votos de  minist\u00e9rio (&#8220;n\u00e3o me d\u00ea a riqueza, nem a pobreza, d\u00e1-me o p\u00e3o que me for  necess\u00e1rio&#8230;&#8221;, votos que eu &#8220;roubei&#8221; do s\u00e1bio Salom\u00e3o). Digo a Ele que  Ele tem feito bem \u00e0 minha alma e que nos meus melhores momentos eu chego  a cantar de tanta alegria. Digo a Ele que apesar do &#8220;modismo&#8221; da  teologia da prosperidade e do &#8220;servo&#8221; de Deus que \u00e9 sempre bem sucedido,  inclusive financeiramente, eu estou satisfeito e aprendi a viver  contente na abund\u00e2ncia bem como na escassez. Digo a Ele que Ele mesmo \u00e9 a  minha por\u00e7\u00e3o, que Ele \u00e9 o meu bem maior, o Amado de minha alma e o  Senhor da minha vida. Digo a Ele que voc\u00eas \u2014 minha mulher e meus filhos,  minha fam\u00edlia \u2014 s\u00e3o o meu tesouro mais precioso nesta vida e que,  gra\u00e7as ao cuidado dele, \u2014 inclusive em n\u00e3o nos dar tudo o que pedimos \u2014  temos aprendido a respeitar os outros, a amar e ver com bons olhos os  menos privilegiados e a aprender os pirimeiros passos da depend\u00eancia e  da f\u00e9 genu\u00edna \u2014 n\u00e3o esta que est\u00e1 na moda, que exige de Deus aquilo que  se quer, mas a da B\u00edblia, que ferece a Deus aquilo que se tem! Acho que  voc\u00eas j\u00e1 aprenderam a li\u00e7\u00e3o n\u00famero 1 \u2014 valemos pelo que somos. Voc\u00eas s\u00e3o  maravilhosos e preciosos!<\/p>\n<p><strong>Amar de verdade &#8216;t\u00e1 cada dia mais dif\u00edcil.<\/strong><br \/>\nJesus  j\u00e1 havia alertado aos disc\u00edpulos, quase 2.000 anos atr\u00e1s, mas vale  relembrar: &#8220;&#8230; e por se multiplicar a iniq\u00fcidade, o amor de muitos  esfriar\u00e1!&#8221; Vivemos dias maus. As pessoas amam mais a si nesmas do que a  Deus. As pessoas amam mais aos prazeres do que a Deus. Muitos amam a  Deus da boca pra fora, mas o cora\u00e7\u00e3o est\u00e1 longe dele. Vivemos dias de  muita apostasia. Apostasia \u00e9 a nega\u00e7\u00e3o da f\u00e9. \u00c0s vezes ela \u00e9 aberta e  descarada e fica f\u00e1cil de perceber. Outras vezes, e sei que voc\u00eas j\u00e1 t\u00eam  percebido isso, ela \u00e9 encoberta e dissimulada \u2014 tem apar\u00eancia de  piedade, fala coisas bonitas, freq\u00fcenta a igreja e faz ora\u00e7\u00e3o, mas \u00e9  apostasia mesmo assim. S\u00f3 que \u00e9 dif\u00edcil de perceber. Iniq\u00fcidade e amor  n\u00e3o conseguem formar um bom par. A Iniq\u00fcidade entra por uma porta, o  amor sai pela outra. Mas quando isso acontece no meio da fam\u00edlia da f\u00e9, a  tend\u00eancia \u00e9 a gente ficar magoado, ressentido. Aos pouquinhos a gente  vai se tornando c\u00ednico \u2014 n\u00e3o acredita mais nas pessoas, tem dificuldade  de perdoar, de dar uma segunda chance. O amor esfria. Vigiem e orem,  fa\u00e7am jejum e lutem com Deus, mas n\u00e3o deixem isso acontecer com voc\u00eas:  &#8220;De tudo o que se deve guardar, guarda o teu cora\u00e7\u00e3o, pois dele procedem  as fontes da vida!&#8221; Como Satan\u00e1s vem sempre para roubar, matar e  destruir, sua mira predileta \u00e1 o nosso cora\u00e7\u00e3o. Cuidem do seu cora\u00e7\u00e3o.  Pe\u00e7am sempre a Deus discernimento para perceber o mal e afastar-se dele.  &#8220;Sejam inocentes para o mal, excelentes na pr\u00e1tica do bem e o Deus da  paz em breve esmagar\u00e1 Satan\u00e1s debaixo dos p\u00e9s de voc\u00eas.&#8221;<\/p>\n<p><strong>Corpo e alma s\u00e3o duas faces da mesma moeda.<\/strong><br \/>\nSei  que isso parece &#8220;chover no molhado&#8221; ou preocupa\u00e7\u00e3o excessiva de pai (e  m\u00e3e, porque neste ponto sou o porta-voz dela&#8230;). Vivemos hoje um novo  surto de neoplatonismo. (Sei que voc\u00eas ainda n\u00e3o conhecem nem t\u00eam muito  interesse por Plat\u00e3o, mas um dia ter\u00e3o. \u00c9 tudo uma quest\u00e3o de tempo!)  Para os neoplatonistas, o esp\u00edrito (ou alma) era bom e tudo que a ele se  referisse. O corpo (ou mat\u00e9ria) era mau. Isso gerava uma de duas  atitudes: o &#8220;ascetismo&#8221;, que submetia o corpo a toda disciplina para que  seus impulsos maus n\u00e3o atrapalhassem a jornada da alma a caminho de  Deus; ou o &#8220;hedonismo&#8221;, que liberava o corpo para fazer o que bem  quisesse e deleitar-se nos prazeres da &#8220;carne&#8221; \u2014 afinal o corpo n\u00e3o  prestava mesmo para nada. Hoje, acreditem se quiserem, ainda vivemos  este mesmo conflito. At\u00e9 no meio das igrejas. O ascetismo toma a forma  de um farisa\u00edsmo exagerado, cheio de regras \u2014 fa\u00e7a isso, n\u00e3o fa\u00e7a  aquilo, n\u00e3o toque nisso, n\u00e3o, n\u00e3o, n\u00e3o \u2014 \u00e9 a religi\u00e3o das regras e dos  n\u00e3os. Raramente algu\u00e9m lhe diz uma coisa positiva e boa que voc\u00ea deve  fazer! O hedonismo certamente, hoje em dia, especialmente nos ambientes  que voc\u00eas frequentam \u00e9 mais comum \u2014 est\u00e1 cheio de meninos nas nossas  melhores igrejas que vivem um relacionamento sexual de total intimidade  com a namorada da vez (e vice-versa), e que dirigem o louvor; est\u00e3o  &#8220;numa &#8216;nice&#8217;\u201d com Deus.<\/p>\n<p>O evangelho n\u00e3o faz esta separa\u00e7\u00e3o  acentudada entre corpo e alma. Seguindo a tradi\u00e7\u00e3o hebraica, o homem \u00e9  percebido como &#8220;alma vivente&#8221; ou &#8220;corpo habitado por uma alma&#8221;. O que  fa\u00e7o com o meu corpo afeta a minha alma e o meu psiquismo (alma em grego  \u00e9 &#8220;psique&#8221;). A rela\u00e7\u00e3o de minha alma com Deus n\u00e3o se d\u00e1 apenas em n\u00edvel  espiritual \u2014 ela ganha concretude, ela se manifesta no meu culto  racional, no qual ofere\u00e7o o meu corpo ao servi\u00e7o de Deus, um sacrif\u00edcio  que Ele considera aceit\u00e1vel, que Ele recebe com alegria. Por conta  disso, evitem os dois extremos \u2014 n\u00e3o adianta tentar matar o corpo,  sonegar seus clamores, ou se esfor\u00e7ar para &#8220;fugir das paix\u00f5es&#8221; por meio  de regras ou rigorosa disciplina asc\u00e9tica. Primeiro porque \u00e9 in\u00fatil.  Segundo porque \u00e9 presun\u00e7oso. Terceiro porque \u00e9 tarefa imposs\u00edvel sem a  gra\u00e7a de Deus. N\u00e3o adianta tamb\u00e9m entregar o corpo ao diabo (na  esperan\u00e7a de que a alma acabe ficando com Deus, por exclus\u00e3o) \u2014 neste  caso fica &#8220;pior a emenda do que o soneto&#8221;. Sigam a tradi\u00e7\u00e3o  hebraico-crist\u00e3-evang\u00e9lica: corpo e alma ao servi\u00e7o de Deus; corpo e  alma ao servi\u00e7o do pr\u00f3ximo; corpo e alma no culto e na comunh\u00e3o da  igreja; corpo e alma na rela\u00e7\u00e3o conjugal. Cama e alma, em algum lugar  devem ter a mesma raiz. Assim, sendo o mais claro poss\u00edvel: deixem para  ir para a cama com aquele que for o seu companheiro de alma, no caso das  meninas, e companheira de alma, no caso dos meninos, um relacionamento  aceito publicamamente diante dos homens, confirmado humildemente diante  do altar de Deus. Sei que voc\u00eas j\u00e1 tem ouvido bastante esta li\u00e7\u00e3o 3.  Mas&#8230; &#8220;quem tem ouvidos para ouvir, ou\u00e7a!&#8221; E que Deus os aben\u00e7oe.<\/p>\n<p>Beij\u00e3o do pai.<\/p>\n<p>&nbsp;<\/p>\n<p><em>(Texto publicado originalmente em <a href=\"http:\/\/www.ultimato.com.br\/revista\/artigos\/252\/recado-aos-meus-jovens-filhos\/s%E1bado\" target=\"_blank\">Ultimato 252<\/a>)<\/em><\/p>\n<p>_________<\/p>\n<p><strong>Guilherme Kerr Neto<\/strong> \u00e9 m\u00fasico e pastor da Comunidade Crist\u00e3 Koinonia, em Campinas, SP.<\/p>\n","protected":false},"excerpt":{"rendered":"<p>\u00c0s vezes me pergunto se consigo mesmo entend\u00ea-los. E se eles me entendem. Refiro-me aos meus filhos. De vez em quando ainda os tenho ao redor da mesa do almo\u00e7o, do jantar. Mais raramente at\u00e9 no caf\u00e9 da manh\u00e3, num s\u00e1bado mais pregui\u00e7oso&#8230; Nesses momentos, quando a gente se descontrai e ri e p\u00e1ra por [&hellip;]<\/p>\n","protected":false},"author":19,"featured_media":0,"comment_status":"open","ping_status":"open","sticky":false,"template":"","format":"standard","meta":{"ngg_post_thumbnail":0,"footnotes":""},"categories":[6054],"tags":[],"class_list":["post-863","post","type-post","status-publish","format-standard","hentry","category-textos"],"_links":{"self":[{"href":"https:\/\/ultimato.com.br\/sites\/jovem\/wp-json\/wp\/v2\/posts\/863","targetHints":{"allow":["GET"]}}],"collection":[{"href":"https:\/\/ultimato.com.br\/sites\/jovem\/wp-json\/wp\/v2\/posts"}],"about":[{"href":"https:\/\/ultimato.com.br\/sites\/jovem\/wp-json\/wp\/v2\/types\/post"}],"author":[{"embeddable":true,"href":"https:\/\/ultimato.com.br\/sites\/jovem\/wp-json\/wp\/v2\/users\/19"}],"replies":[{"embeddable":true,"href":"https:\/\/ultimato.com.br\/sites\/jovem\/wp-json\/wp\/v2\/comments?post=863"}],"version-history":[{"count":5,"href":"https:\/\/ultimato.com.br\/sites\/jovem\/wp-json\/wp\/v2\/posts\/863\/revisions"}],"predecessor-version":[{"id":868,"href":"https:\/\/ultimato.com.br\/sites\/jovem\/wp-json\/wp\/v2\/posts\/863\/revisions\/868"}],"wp:attachment":[{"href":"https:\/\/ultimato.com.br\/sites\/jovem\/wp-json\/wp\/v2\/media?parent=863"}],"wp:term":[{"taxonomy":"category","embeddable":true,"href":"https:\/\/ultimato.com.br\/sites\/jovem\/wp-json\/wp\/v2\/categories?post=863"},{"taxonomy":"post_tag","embeddable":true,"href":"https:\/\/ultimato.com.br\/sites\/jovem\/wp-json\/wp\/v2\/tags?post=863"}],"curies":[{"name":"wp","href":"https:\/\/api.w.org\/{rel}","templated":true}]}}