{"id":853,"date":"2011-07-04T18:13:50","date_gmt":"2011-07-04T21:13:50","guid":{"rendered":"http:\/\/ultimato.com.br\/sites\/jovem\/?p=853"},"modified":"2011-08-03T15:55:51","modified_gmt":"2011-08-03T18:55:51","slug":"nico-battaglia-no-brasil","status":"publish","type":"post","link":"https:\/\/ultimato.com.br\/sites\/jovem\/2011\/07\/04\/nico-battaglia-no-brasil\/","title":{"rendered":"Nico Battaglia no Brasil"},"content":{"rendered":"<p>Nico Battaglia \u00e9 uma das vozes mais ouvidas na igreja italiana atualmente. Proveniente da cidade de Trani, na Puglia, j\u00e1 colaborou com in\u00fameras igrejas e organiza\u00e7\u00f5es crist\u00e3s dentro da Europa. Na \u00c1frica do Sul, apoiou projetos da <a href=\"http:\/\/www.compassion.com\/\">Compassion<\/a>. Com tr\u00eas \u00e1lbuns gravados &#8211; o \u00faltimo, <em>Pi\u00f9 Vicino<\/em>, gravado ao vivo em 2008 no Teatro Politeama, em Palermo, Sicilia -, Nico estar\u00e1 no Brasil durante o m\u00eas de julho para uma s\u00e9rie de apresenta\u00e7\u00f5es. Confira aqui uma entrevista com o cantor:<\/p>\n<p>&nbsp;<\/p>\n<p><strong><a href=\"http:\/\/ultimato.com.br\/sites\/jovem\/files\/2011\/07\/04_07_nico_blogjovem.jpg\" class=\"lightview\" data-lightview-group=\"group-853\" data-lightview-options=\"skin: 'dark', controls: 'relative', padding: '10', shadow: { color: '#000000', opacity: 0.08, blur: 3 }\" data-lightview-title=\"04_07_nico_blogjovem\"><img loading=\"lazy\" decoding=\"async\" class=\"alignright size-medium wp-image-854\" title=\"04_07_nico_blogjovem\" src=\"http:\/\/ultimato.com.br\/sites\/jovem\/files\/2011\/07\/04_07_nico_blogjovem-200x300.jpg\" alt=\"\" width=\"167\" height=\"249\" srcset=\"https:\/\/ultimato.com.br\/sites\/jovem\/files\/2011\/07\/04_07_nico_blogjovem-100x150.jpg 100w, https:\/\/ultimato.com.br\/sites\/jovem\/files\/2011\/07\/04_07_nico_blogjovem.jpg 205w\" sizes=\"auto, (max-width: 167px) 100vw, 167px\" \/><\/a>Quais s\u00e3o os maiores desafios dos jovens crist\u00e3os italianos hoje?<\/strong><\/p>\n<p>Toda gera\u00e7\u00e3o na hist\u00f3ria da humanidade sempre teve dois companheiros de viagem: o novo e o velho. O novo \u00e9 cheio de desafios, mas tamb\u00e9m cheio de mudan\u00e7as e progressos. O velho, cheio de experi\u00eancia, de dire\u00e7\u00e3o, mas tamb\u00e9m de erros e coisas a serem modificadas. A habilidade est\u00e9 em saber conviver com estas duas realidades, buscando valorizar aquilo que o passado tem de bom, com o fim de construir com sabedoria para o novo.<\/p>\n<p>Os jovens crentes italianos tem diante de si um grande desafio: romper as paredes de religiosidade, contribuir para uma mudan\u00e7a radical na vida social, \u00a0elevando os valores do evangelho em uma sociedade cada vez mais corrompida pelo pecado. Construir uma sociedade alicer\u00e7ada nos valores da fam\u00edlia, comunicando a mensagem da salva\u00e7\u00e3o em Cristo atrav\u00e9s de todo meio de linguagem e express\u00e3o art\u00edstica. Acredito que o maior desafio \u00e9 juntar aquilo que os nossos &#8220;pais espirituais&#8221; semearam nos \u00faltimos cem anos e preparar uma colheita ainda mais gloriosa para a proxima gera\u00e7\u00e3o.<\/p>\n<p><!--more--><\/p>\n<p>&nbsp;<\/p>\n<p><strong>Em sua opini\u00e3o, com o que sonha um jovem crist\u00e3o na It\u00e1lia?<\/strong><\/p>\n<p>Creio que no cora\u00e7\u00e3o de cada jovem crente italiano exista um profundo desejo de ver a gl\u00f3ria de Deus se derramar sobre a It\u00e1lia, partindo da Igreja at\u00e9 chegar aos lugares mais relevantes da sociedade.<\/p>\n<p>&nbsp;<\/p>\n<p><strong>Quais s\u00e3o as conquistas mais importantes que voc\u00ea tem visto na igreja italiana em sua gera\u00e7\u00e3o?<\/strong><\/p>\n<p>Nos \u00faltimos anos, tenho podido constatar, viajando pela Italia, que cada vez mais os jovens est\u00e3o se achegando a Jesus e que muitos deles est\u00e3o servindo com determina\u00e7\u00e3o o Reino de Deus. Existe uma abertura maior com rela\u00e7\u00e3o \u00e0s artes, \u00e0 m\u00fasica, vistas hoje como instrumentos eficazes para a igreja e para a evageliza\u00e7\u00e3o. As igrejas est\u00e3o come\u00e7ando a colaborar e as paredes de preconceito come\u00e7am a cair. Estamos pr\u00f3ximos de um tempo de\u00a0 profundo e genuino avivamento na It\u00e1lia.<\/p>\n<p>&nbsp;<\/p>\n<p><strong>Como voce v\u00ea a quest\u00e3o da unidade na igreja italiana hoje? Ainda \u00e9 uma utopia ou j\u00e1 existe um come\u00e7o?<\/strong><\/p>\n<p>Creio que a igreja italiana est\u00e1 vivendo um novo tempo. Paredes de divis\u00e3o come\u00e7am a cair, sobretudo porque os jovens est\u00e3o come\u00e7ando a colaborar sem permitir que as diferen\u00e7as ou o passado os limitem. Entre os jovens est\u00e3o nascendo muitos movimentos de ora\u00e7\u00e3o e servi\u00e7o, e eles trabalham juntos com uma verdadeira e profunda unidade.<\/p>\n<p>&nbsp;<\/p>\n<p><strong>Como voce v\u00ea o futuro da adora\u00e7\u00e3o na It\u00e1lia?<\/strong><\/p>\n<p>Eu me empolgo com aquilo que vejo pelos olhos da f\u00e9 na minha na\u00e7\u00e3o. Est\u00e1 nascendo um povo adorador que tem como \u00fanico alvo ver o Reino de Deus avan\u00e7ar em suas pr\u00f3prias fam\u00edlias, igrejas, cidades. Um povo que deseja, atrav\u00e9s da adora\u00e7\u00e3o pura e sincera, honrar a Deus e viver plenamente a Sua gloriosa presen\u00e7a. As igrejas est\u00e3o aprendendo a dar mais espa\u00e7o aos momentos de adora\u00e7\u00e3o e ora\u00e7\u00e3o, e tamb\u00e9m a linguagem musical est\u00e1 em cont\u00ednuo desenvolvimento. Sou muito otimista e creio que, em breve, os cora\u00e7\u00f5es dos adoradores italianos ser\u00e3o tamb\u00e9m conhecidos entre as na\u00e7\u00f5es.<\/p>\n<p>&nbsp;<\/p>\n<p><strong>Como a igreja brasileira pode envolver-se para somar for\u00e7as com a igreja italiana? Quais s\u00e3o os frutos que poder\u00e3o resultar desta parceria?<\/strong><\/p>\n<p>Na troca existe sempre um modo de ser aben\u00e7oado. A igreja brasilieira tem tanto para oferecer em termos de treinamento, suporte e encorajamento! Creio que a a It\u00e1lia pode ser muito aben\u00e7oada por aquela parte da igreja brasileira que sente um peso profundo pelas na\u00e7\u00f5es, em particular pela It\u00e1lia. Encorajar, equipar e apoiar ministros italianos, a meu ver, \u00e9 um modo muito pr\u00e1tico de apoiar a obra de Deus na It\u00e1lia. Existem tantos ministros que, com frequ\u00eancia, por necessidade, precisam dividir o tempo que gostariam de dedicar \u00e0 obra de Deus para poderem sustentar suas fam\u00edlias, e isto dificlta o avan\u00e7o do minist\u00e9rio em si. \u00c9 realmente um desafio na It\u00e1lia dedicar-se totalmente \u00e1 obra, mas aqueles que o est\u00e3o fazendo, certamente est\u00e3o fazendo uma diferen\u00e7a.<\/p>\n<p>&nbsp;<\/p>\n<p><strong>Quais s\u00e3o as suas expectativas com rela\u00e7\u00e3o a esta primeira visita ao Brasil?<\/strong><\/p>\n<p>Estou muito feliz com a oportunidade de poder conhecer uma parte da igreja brasileira e provar daquilo que o Senhor est\u00e1 fazendo no Brasil. Desejo aprender coisas novas e observar a obra de Deus em sua beleza e pot\u00eancia. \u00a0Ao orar por esta viagem, decidi dar ao Senhor uma folha em branco e pedi a Ele: &#8220;<em>Quero o que o Senhor escreva a hist\u00f3ria desta viagem para o bem do Teu Reino e para o meu bem e da minha familia.&#8221;<\/em><\/p>\n<p><a href=\"http:\/\/ultimato.com.br\/sites\/jovem\/files\/2011\/07\/04_07_nico.jpg\" class=\"lightview\" data-lightview-group=\"group-853\" data-lightview-options=\"skin: 'dark', controls: 'relative', padding: '10', shadow: { color: '#000000', opacity: 0.08, blur: 3 }\" data-lightview-title=\"04_07_nico\"><img loading=\"lazy\" decoding=\"async\" class=\"aligncenter size-full wp-image-855\" title=\"04_07_nico\" src=\"http:\/\/ultimato.com.br\/sites\/jovem\/files\/2011\/07\/04_07_nico.jpg\" alt=\"\" width=\"250\" height=\"276\" srcset=\"https:\/\/ultimato.com.br\/sites\/jovem\/files\/2011\/07\/04_07_nico.jpg 250w, https:\/\/ultimato.com.br\/sites\/jovem\/files\/2011\/07\/04_07_nico-135x150.jpg 135w\" sizes=\"auto, (max-width: 250px) 100vw, 250px\" \/><\/a><\/p>\n<p>Gostou do Nico? Ou\u00e7a suas can\u00e7\u00f5es no <a href=\"http:\/\/www.nicobattaglia.it\/?page_id=39\">site oficial<\/a>.<\/p>\n<p>Confira a agenda de shows do cantor e, se for poss\u00edvel, <strong>compare\u00e7a<\/strong>!<\/p>\n<p>23 de julho \u2013 Tribo J \u2013 Igreja Crist\u00e3 da Fam\u00edlia \u2013 S\u00e3o Paulo, SP<\/p>\n<p>30 de julho \u2013 Igreja do Nazareno Central de Campinas \u2013 culto jovem \u2013 Campinas, SP<\/p>\n<p>31 de julho \u2013 Igreja do Nazareno Central de Campinas \u2013 culto principal \u2013 Campinas, SP<\/p>\n<p>6 de agosto \u2013 Igreja Presbiteriana Independente Central \u2013 culto jovem \u2013 Curitiba<\/p>\n<p>7 de agosto \u2013 Igreja Presbiteriana Independente Central \u2013 culto matinal \u2013 Curitiba<\/p>\n<p>7 de agosto \u2013 Igreja Presbiteriana Independente Maanaim \u2013 culto noturno \u2013 Curitiba<\/p>\n<p>14 de agosto \u2013 Oitava Igreja Presbiteriana de BH \u2013 todos os cultos \u2013 BH<\/p>\n<p>21 de agosto \u2013 Igreja Batista Central \u2013 culto matinal \u2013 BH<\/p>\n<p>21 de agosto \u2013 Igreja Batista Fonte Eterna \u2013 culto noturno \u2013 BH<\/p>\n<p>27 de agosto \u2013 Encontro de jovens das Igrejas Nikkei \u2013 local a confirmar \u2013 contato Igreja Evang\u00e9lica Holiness do Bosque da Sa\u00fade \u2013 SP<\/p>\n<p>28 de agosto \u2013 Igreja Evang\u00e9lica Holiness do Bosque da Sa\u00fade \u2013 culto matinal &#8211; SP<\/p>\n<p>&nbsp;<\/p>\n<p>__________<\/p>\n<p>Enviado por <strong>Beto Tavares<\/strong>,, 49 anos, \u00e9 mission\u00e1rio da Jocum em Pescara, It\u00e1lia, ministro de louvor e fundador de minist\u00e9rios no Brasil, como a Vila do Louvor, em Piratininga, e a Jocum S\u00e3o Paulo. Tem quatro CDs gravados, \u00e9 casado com Raquel e pai de Nicole<\/p>\n","protected":false},"excerpt":{"rendered":"<p>Nico Battaglia \u00e9 uma das vozes mais ouvidas na igreja italiana atualmente. Proveniente da cidade de Trani, na Puglia, j\u00e1 colaborou com in\u00fameras igrejas e organiza\u00e7\u00f5es crist\u00e3s dentro da Europa. Na \u00c1frica do Sul, apoiou projetos da Compassion. Com tr\u00eas \u00e1lbuns gravados &#8211; o \u00faltimo, Pi\u00f9 Vicino, gravado ao vivo em 2008 no Teatro Politeama, [&hellip;]<\/p>\n","protected":false},"author":19,"featured_media":0,"comment_status":"open","ping_status":"open","sticky":false,"template":"","format":"standard","meta":{"ngg_post_thumbnail":0,"footnotes":""},"categories":[5152,10182,7],"tags":[],"class_list":["post-853","post","type-post","status-publish","format-standard","hentry","category-altas-indicacoes","category-boto-fe","category-noticias"],"_links":{"self":[{"href":"https:\/\/ultimato.com.br\/sites\/jovem\/wp-json\/wp\/v2\/posts\/853","targetHints":{"allow":["GET"]}}],"collection":[{"href":"https:\/\/ultimato.com.br\/sites\/jovem\/wp-json\/wp\/v2\/posts"}],"about":[{"href":"https:\/\/ultimato.com.br\/sites\/jovem\/wp-json\/wp\/v2\/types\/post"}],"author":[{"embeddable":true,"href":"https:\/\/ultimato.com.br\/sites\/jovem\/wp-json\/wp\/v2\/users\/19"}],"replies":[{"embeddable":true,"href":"https:\/\/ultimato.com.br\/sites\/jovem\/wp-json\/wp\/v2\/comments?post=853"}],"version-history":[{"count":7,"href":"https:\/\/ultimato.com.br\/sites\/jovem\/wp-json\/wp\/v2\/posts\/853\/revisions"}],"predecessor-version":[{"id":1001,"href":"https:\/\/ultimato.com.br\/sites\/jovem\/wp-json\/wp\/v2\/posts\/853\/revisions\/1001"}],"wp:attachment":[{"href":"https:\/\/ultimato.com.br\/sites\/jovem\/wp-json\/wp\/v2\/media?parent=853"}],"wp:term":[{"taxonomy":"category","embeddable":true,"href":"https:\/\/ultimato.com.br\/sites\/jovem\/wp-json\/wp\/v2\/categories?post=853"},{"taxonomy":"post_tag","embeddable":true,"href":"https:\/\/ultimato.com.br\/sites\/jovem\/wp-json\/wp\/v2\/tags?post=853"}],"curies":[{"name":"wp","href":"https:\/\/api.w.org\/{rel}","templated":true}]}}