{"id":8405,"date":"2020-11-30T00:00:29","date_gmt":"2020-11-30T03:00:29","guid":{"rendered":"http:\/\/ultimato.com.br\/sites\/jovem\/?p=8405"},"modified":"2020-12-04T14:30:55","modified_gmt":"2020-12-04T17:30:55","slug":"meu-eis-me-aqui-aguarda-o-chamar-de-deus","status":"publish","type":"post","link":"https:\/\/ultimato.com.br\/sites\/jovem\/2020\/11\/30\/meu-eis-me-aqui-aguarda-o-chamar-de-deus\/","title":{"rendered":"Meu &#8220;eis-me aqui&#8221; aguarda o chamar de Deus"},"content":{"rendered":"<p><span style=\"color: #993300;\"><strong>O Meu Lugar no Mundo<\/strong><\/span><br \/>\n<span style=\"color: #808000;\"><strong>Por Sara Correia Santos<\/strong><\/span><\/p>\n<p data-wp-editing=\"1\"><img loading=\"lazy\" decoding=\"async\" class=\"alignright wp-image-8412 size-medium\" title=\"Ella Jardim | Unsplash.com\" src=\"http:\/\/ultimato.com.br\/sites\/jovem\/files\/2020\/11\/ella-jardim-BSw_8AatkNU-unsplash-278x300.jpg\" alt=\"\" width=\"278\" height=\"300\" srcset=\"https:\/\/ultimato.com.br\/sites\/jovem\/files\/2020\/11\/ella-jardim-BSw_8AatkNU-unsplash-278x300.jpg 278w, https:\/\/ultimato.com.br\/sites\/jovem\/files\/2020\/11\/ella-jardim-BSw_8AatkNU-unsplash.jpg 700w\" sizes=\"auto, (max-width: 278px) 100vw, 278px\" \/>Eu sempre desejei trabalhar na \u00e1rea da sa\u00fade, sempre senti a necessidade de ajudar o pr\u00f3ximo com minha profiss\u00e3o. Durante o per\u00edodo de escolaridade, passei por problemas de sa\u00fade que me limitaram a ter atividades necess\u00e1rias para determinadas profiss\u00f5es como medicina ou enfermagem, ent\u00e3o relacionei a vontade de ajudar o pr\u00f3ximo, o gostar de ouvir e aconselhar, com o meu lado de humanas e encontrei a psicologia.<\/p>\n<p>Antes de me matricular, eu senti muito medo de ingressar em uma profiss\u00e3o que n\u00e3o tinha liga\u00e7\u00e3o com a religi\u00e3o. N\u00e3o se pode expressar suas convic\u00e7\u00f5es religiosas ao paciente, deve ser totalmente imparcial no <em>setting<\/em> terap\u00eautico. Ent\u00e3o orei a Deus pedindo direcionamento, que se fosse para a psicologia me tirar dos caminhos do Senhor, que eu n\u00e3o pudesse usar da minha profiss\u00e3o para a sua obra, que ele me tirasse da psicologia, tirasse esse sonho de mim. Ingressei na faculdade em 2015 e em 2016 fui ao Vocare.<\/p>\n<p><img loading=\"lazy\" decoding=\"async\" class=\"alignright size-full wp-image-7237\" src=\"http:\/\/ultimato.com.br\/sites\/jovem\/files\/UltJovem_22_06_16_selo_meulugarnomundo-01-150x150.jpg\" alt=\"\" width=\"150\" height=\"150\"><\/p>\n<p>Eu sempre senti ter o chamado para miss\u00f5es, voltado ao evangelismo, falar de Deus sempre foi um prazer para mim. Quando fui ao Vocare, tinha o intuito de entender se ser psic\u00f3loga seria uma boa profiss\u00e3o para trabalhar no reino. L\u00e1 participei de v\u00e1rias atividades e todas elas me indicavam que sim. Conversei com um pastor e questionei se eu estava no caminho certo e ele me orientou dizendo o qu\u00e3o minha profiss\u00e3o \u00e9 importante para os campos mission\u00e1rios. Nesse dia eu tive certeza que era isso que eu queria. Dediquei cinco anos nessa profiss\u00e3o linda, com o intuito de aprofundar a certeza que meu lugar nesse mundo \u00e9 ajudar cada pessoa, com seu cora\u00e7\u00e3o, alma, singularidade, mostrando o lindo amor de Deus, transmitindo esperan\u00e7a onde s\u00f3 se v\u00ea trevas, tristezas, doen\u00e7as patol\u00f3gicas, que aos olhos dos homens n\u00e3o h\u00e1 cura, mas que h\u00e1 cura sim em Cristo Jesus, que h\u00e1 amor e felicidade eternal.<\/p>\n<p>Meu lugar nesse mundo \u00e9 amar cada ser humano, \u00e9 dedicar-me com esmero, \u00e9 enxerg\u00e1-los com suas particularidades, \u00e9 amar ao ouvi-los desabafar. Na cl\u00ednica eu n\u00e3o posso manifestar minhas ra\u00edzes religiosas, nem compartilhar da palavra, mas sei que meu tratamento e empenho mostrar\u00e1 que h\u00e1 algo diferente em mim, e isso \u00e9 uma forma de evangelizar. Nos campos mission\u00e1rios eu enxergo a extrema necessidade de cuidado com os mission\u00e1rios que, humanamente abdicam de suas vidas, amigos e fam\u00edlias; enxergo qu\u00e3o necess\u00e1rio \u00e9 o acompanhamento terap\u00eautico. Entendo tamb\u00e9m a necessidade de ajudar as pessoas evangelizadas que sofrem, sejam por abusos psicol\u00f3gicos e sexuais, agress\u00f5es f\u00edsicas, que passam por tantas necessidades, tantos sofrimentos, e \u00e9 nesse momento que l\u00e1, eu posso acolh\u00ea-los e pregar do amor de Deus, pregar a esperan\u00e7a de uma vida eternal totalmente feliz.<\/p>\n<blockquote><p><img loading=\"lazy\" decoding=\"async\" class=\"alignright size-medium wp-image-8406\" src=\"http:\/\/ultimato.com.br\/sites\/jovem\/files\/2020\/12\/blog_jovem_OMLM_Sara-225x300.jpg\" alt=\"\" width=\"225\" height=\"300\" srcset=\"https:\/\/ultimato.com.br\/sites\/jovem\/files\/2020\/12\/blog_jovem_OMLM_Sara-225x300.jpg 225w, https:\/\/ultimato.com.br\/sites\/jovem\/files\/2020\/12\/blog_jovem_OMLM_Sara-769x1024.jpg 769w, https:\/\/ultimato.com.br\/sites\/jovem\/files\/2020\/12\/blog_jovem_OMLM_Sara-768x1022.jpg 768w, https:\/\/ultimato.com.br\/sites\/jovem\/files\/2020\/12\/blog_jovem_OMLM_Sara-1154x1536.jpg 1154w, https:\/\/ultimato.com.br\/sites\/jovem\/files\/2020\/12\/blog_jovem_OMLM_Sara-1539x2048.jpg 1539w, https:\/\/ultimato.com.br\/sites\/jovem\/files\/2020\/12\/blog_jovem_OMLM_Sara-732x974.jpg 732w, https:\/\/ultimato.com.br\/sites\/jovem\/files\/2020\/12\/blog_jovem_OMLM_Sara-1140x1517.jpg 1140w, https:\/\/ultimato.com.br\/sites\/jovem\/files\/2020\/12\/blog_jovem_OMLM_Sara-scaled.jpg 1923w\" sizes=\"auto, (max-width: 225px) 100vw, 225px\" \/>Eu ainda n\u00e3o fui ao campo, mas meu \u201ceis-me aqui, envia-me a mim\u201d est\u00e1 aberto, aguardando o chamar de Deus. Meu lugar nesse mundo \u00e9 amar e cuidar de vidas por meio da minha profiss\u00e3o.<\/p><\/blockquote>\n<p>Como ser humana, meu lugar nesse mundo \u00e9 ser algu\u00e9m diferente, do bem, que inspira, que apresenta Cristo com meu agir, meu falar, meu expressar. Que eu me policie em todas as a\u00e7\u00f5es, que eu estenda a m\u00e3o a quem precisa, que eu seja emp\u00e1tica quanto a dor do outro, que eu perdoe e seja perdoada. Que eu seja o mais poss\u00edvel parecida com Cristo. Esse \u00e9 meu lugar e fun\u00e7\u00e3o nesse mundo.<\/p>\n<p>&nbsp;<\/p>\n<ul>\n<li><strong>Sara Correia Santos<\/strong> tem 25 anos, \u00e9 psic\u00f3loga pela universidade S\u00e3o Judas Tadeu, mora em S\u00e3o Paulo, SP, e \u00e9 membro da Igreja Batista Central no Itaim Paulista.<\/li>\n<\/ul>\n","protected":false},"excerpt":{"rendered":"<p>O Meu Lugar no Mundo Por Sara Correia Santos Eu sempre desejei trabalhar na \u00e1rea da sa\u00fade, sempre senti a necessidade de ajudar o pr\u00f3ximo com minha profiss\u00e3o. Durante o per\u00edodo de escolaridade, passei por problemas de sa\u00fade que me limitaram a ter atividades necess\u00e1rias para determinadas profiss\u00f5es como medicina ou enfermagem, ent\u00e3o relacionei a [&hellip;]<\/p>\n","protected":false},"author":19,"featured_media":0,"comment_status":"open","ping_status":"open","sticky":false,"template":"","format":"standard","meta":{"ngg_post_thumbnail":0,"footnotes":""},"categories":[34457,22241],"tags":[5350,30642,22253,8399,16533],"class_list":["post-8405","post","type-post","status-publish","format-standard","hentry","category-meu-lugar-no-mundo","category-vocare","tag-chamado","tag-o-meu-lugar-no-mundo","tag-prossionais-em-missoes","tag-psicologia","tag-vocacao"],"_links":{"self":[{"href":"https:\/\/ultimato.com.br\/sites\/jovem\/wp-json\/wp\/v2\/posts\/8405","targetHints":{"allow":["GET"]}}],"collection":[{"href":"https:\/\/ultimato.com.br\/sites\/jovem\/wp-json\/wp\/v2\/posts"}],"about":[{"href":"https:\/\/ultimato.com.br\/sites\/jovem\/wp-json\/wp\/v2\/types\/post"}],"author":[{"embeddable":true,"href":"https:\/\/ultimato.com.br\/sites\/jovem\/wp-json\/wp\/v2\/users\/19"}],"replies":[{"embeddable":true,"href":"https:\/\/ultimato.com.br\/sites\/jovem\/wp-json\/wp\/v2\/comments?post=8405"}],"version-history":[{"count":8,"href":"https:\/\/ultimato.com.br\/sites\/jovem\/wp-json\/wp\/v2\/posts\/8405\/revisions"}],"predecessor-version":[{"id":8416,"href":"https:\/\/ultimato.com.br\/sites\/jovem\/wp-json\/wp\/v2\/posts\/8405\/revisions\/8416"}],"wp:attachment":[{"href":"https:\/\/ultimato.com.br\/sites\/jovem\/wp-json\/wp\/v2\/media?parent=8405"}],"wp:term":[{"taxonomy":"category","embeddable":true,"href":"https:\/\/ultimato.com.br\/sites\/jovem\/wp-json\/wp\/v2\/categories?post=8405"},{"taxonomy":"post_tag","embeddable":true,"href":"https:\/\/ultimato.com.br\/sites\/jovem\/wp-json\/wp\/v2\/tags?post=8405"}],"curies":[{"name":"wp","href":"https:\/\/api.w.org\/{rel}","templated":true}]}}