{"id":8371,"date":"2020-11-05T10:34:38","date_gmt":"2020-11-05T13:34:38","guid":{"rendered":"http:\/\/ultimato.com.br\/sites\/jovem\/?p=8371"},"modified":"2020-11-05T10:43:06","modified_gmt":"2020-11-05T13:43:06","slug":"o-olhar-do-mundo-das-criancas","status":"publish","type":"post","link":"https:\/\/ultimato.com.br\/sites\/jovem\/2020\/11\/05\/o-olhar-do-mundo-das-criancas\/","title":{"rendered":"O olhar do mundo das crian\u00e7as"},"content":{"rendered":"<p><em>Por Jeverton \u201cMagr\u00e3o\u201d Ledo<\/em><\/p>\n<p><img loading=\"lazy\" decoding=\"async\" class=\"alignright wp-image-8372 size-medium\" title=\"Kelly Sikkema | Unsplash.com\" src=\"http:\/\/ultimato.com.br\/sites\/jovem\/files\/2020\/11\/blog_5-11-20_criancas_magrao-300x192.jpg\" alt=\"\" width=\"300\" height=\"192\" srcset=\"https:\/\/ultimato.com.br\/sites\/jovem\/files\/2020\/11\/blog_5-11-20_criancas_magrao-300x192.jpg 300w, https:\/\/ultimato.com.br\/sites\/jovem\/files\/2020\/11\/blog_5-11-20_criancas_magrao.jpg 700w\" sizes=\"auto, (max-width: 300px) 100vw, 300px\" \/>As lembran\u00e7as contadas e guardadas em nossos cora\u00e7\u00f5es s\u00e3o como que um \u00e1lbum de fotografias, que revelam momentos inesquec\u00edveis.<\/p>\n<p>Sim, \u00e9 claro para muitos nem tudo foi s\u00f3 alegria durante a inf\u00e2ncia, mas quero aproveitar o espa\u00e7o para deixar os dias n\u00e3o t\u00e3o bons um pouco de lado.<\/p>\n<p>Voc\u00ea consegue fazer um pequeno exerc\u00edcio de fechar os olhos e permitir que os sabores, cores, amigos, brincadeiras e todo aquele pequeno grande universo ao qual voc\u00ea pertencia tome lugar e te conduza por essa pequena viagem?<\/p>\n<p>Eu particularmente fa\u00e7o esse exerc\u00edcio e confesso que \u00e9 sempre um prazer. As lembran\u00e7as e seus muitos significados me ajudam a entender esse processo que vivenciamos a cada novo dia.<\/p>\n<p>A crian\u00e7a guardada na mem\u00f3ria reflete no adulto, que segue em processo de constru\u00e7\u00e3o e transforma\u00e7\u00e3o cont\u00ednua.<\/p>\n<p>Tenho o privil\u00e9gio de seguir experimentando a conviv\u00eancia com os pequeninos e seus ensinamentos.<\/p>\n<p>Eu dedico parte do meu tempo para o trabalho volunt\u00e1rio em um col\u00e9gio, que considero como meu espa\u00e7o terap\u00eautico.<\/p>\n<p>Sirvo como auxiliar na sala de aula de crian\u00e7as entre 3 e 6 anos de idade. Nas atividades recreativas e de leitura, a atmosfera \u00e9 contagiante, desafiadora e sempre gera reflex\u00f5es.<\/p>\n<p>Cada atividade e momento vivido traz suas pr\u00f3prias li\u00e7\u00f5es. As crian\u00e7as, cheias de energia e perguntas, reabrem o universo da curiosidade que por vezes os adultos v\u00e3o deixando de experimentar.<\/p>\n<p>N\u00e3o s\u00e3o apenas curiosos, s\u00e3o detalhistas e espont\u00e2neos. Tamb\u00e9m se irritam e deixam de se irritar em fra\u00e7\u00f5es de segundos, querem ser o centro da aten\u00e7\u00e3o em um formato extremamente particular.<\/p>\n<p>Mas como s\u00e3o verdadeiros e sinceros! Por falar em sinceridade, tem faltado um pouco desse ingrediente no mundo adulto.<\/p>\n<p>Ah, o mundo adulto, e sua eterna corrida de 100 metros, com o desafio de ser o primeiro, ter reconhecimento, conquistar, construir&#8230; e a lista segue nos sobrecarregando a cada novo dia.<\/p>\n<p>J\u00e1 que mencionei o aspecto da sinceridade, fa\u00e7a outro pequeno exerc\u00edcio: o de ser sincero primeiro com voc\u00ea mesmo. Perceba que precisa parar e refletir para onde a vida est\u00e1 te conduzindo.<\/p>\n<p>A crian\u00e7a vivencia cada momento, permitindo que algo novo preencha seu pequeno universo. Eu n\u00e3o sei exatamente o que preencheu aquele seu pequeno universo, mas n\u00e3o permita que aqueles dias n\u00e3o t\u00e3o bons continuem a manter seu cora\u00e7\u00e3o endurecido e fechado para receber algo novo e que te conduza a ser como a crian\u00e7a que enxerga o mundo na perspectiva do Criador.<\/p>\n<p>&nbsp;<\/p>\n<ul>\n<li><b>Jeverton \u201cMagr\u00e3o\u201d Ledo\u00a0<\/b>\u00e9 mission\u00e1rio e trabalha com juventude. \u00c9 um apaixonado por quadrinhos e arte, e reside com a fam\u00edlia na B\u00e9lgica.<\/li>\n<\/ul>\n","protected":false},"excerpt":{"rendered":"<p>Por Jeverton \u201cMagr\u00e3o\u201d Ledo As lembran\u00e7as contadas e guardadas em nossos cora\u00e7\u00f5es s\u00e3o como que um \u00e1lbum de fotografias, que revelam momentos inesquec\u00edveis. Sim, \u00e9 claro para muitos nem tudo foi s\u00f3 alegria durante a inf\u00e2ncia, mas quero aproveitar o espa\u00e7o para deixar os dias n\u00e3o t\u00e3o bons um pouco de lado. Voc\u00ea consegue fazer [&hellip;]<\/p>\n","protected":false},"author":19,"featured_media":0,"comment_status":"open","ping_status":"open","sticky":false,"template":"","format":"standard","meta":{"ngg_post_thumbnail":0,"footnotes":""},"categories":[9],"tags":[15,26686],"class_list":["post-8371","post","type-post","status-publish","format-standard","hentry","category-sem-categoria","tag-criancas","tag-jeverton-magrao-ledo"],"_links":{"self":[{"href":"https:\/\/ultimato.com.br\/sites\/jovem\/wp-json\/wp\/v2\/posts\/8371","targetHints":{"allow":["GET"]}}],"collection":[{"href":"https:\/\/ultimato.com.br\/sites\/jovem\/wp-json\/wp\/v2\/posts"}],"about":[{"href":"https:\/\/ultimato.com.br\/sites\/jovem\/wp-json\/wp\/v2\/types\/post"}],"author":[{"embeddable":true,"href":"https:\/\/ultimato.com.br\/sites\/jovem\/wp-json\/wp\/v2\/users\/19"}],"replies":[{"embeddable":true,"href":"https:\/\/ultimato.com.br\/sites\/jovem\/wp-json\/wp\/v2\/comments?post=8371"}],"version-history":[{"count":4,"href":"https:\/\/ultimato.com.br\/sites\/jovem\/wp-json\/wp\/v2\/posts\/8371\/revisions"}],"predecessor-version":[{"id":8376,"href":"https:\/\/ultimato.com.br\/sites\/jovem\/wp-json\/wp\/v2\/posts\/8371\/revisions\/8376"}],"wp:attachment":[{"href":"https:\/\/ultimato.com.br\/sites\/jovem\/wp-json\/wp\/v2\/media?parent=8371"}],"wp:term":[{"taxonomy":"category","embeddable":true,"href":"https:\/\/ultimato.com.br\/sites\/jovem\/wp-json\/wp\/v2\/categories?post=8371"},{"taxonomy":"post_tag","embeddable":true,"href":"https:\/\/ultimato.com.br\/sites\/jovem\/wp-json\/wp\/v2\/tags?post=8371"}],"curies":[{"name":"wp","href":"https:\/\/api.w.org\/{rel}","templated":true}]}}