{"id":8209,"date":"2020-06-30T23:05:07","date_gmt":"2020-07-01T02:05:07","guid":{"rendered":"http:\/\/ultimato.com.br\/sites\/jovem\/?p=8209"},"modified":"2020-10-13T09:15:10","modified_gmt":"2020-10-13T12:15:10","slug":"vivencias-de-jovens-cristaos-na-faculdade-no-centro-do-cjcu-2020","status":"publish","type":"post","link":"https:\/\/ultimato.com.br\/sites\/jovem\/2020\/06\/30\/vivencias-de-jovens-cristaos-na-faculdade-no-centro-do-cjcu-2020\/","title":{"rendered":"Viv\u00eancias de jovens crist\u00e3os na faculdade no centro do CJCU 2020"},"content":{"rendered":"<p><em>Por C\u00e1ssia de Oliveira<\/em><\/p>\n<p><img loading=\"lazy\" decoding=\"async\" class=\"alignright size-medium wp-image-8211\" src=\"http:\/\/ultimato.com.br\/sites\/jovem\/files\/2020\/06\/UltJovem_30_06_20_universidade-300x221.jpg\" alt=\"\" width=\"300\" height=\"221\" srcset=\"https:\/\/ultimato.com.br\/sites\/jovem\/files\/2020\/06\/UltJovem_30_06_20_universidade-300x221.jpg 300w, https:\/\/ultimato.com.br\/sites\/jovem\/files\/2020\/06\/UltJovem_30_06_20_universidade-732x540.jpg 732w, https:\/\/ultimato.com.br\/sites\/jovem\/files\/2020\/06\/UltJovem_30_06_20_universidade.jpg 750w\" sizes=\"auto, (max-width: 300px) 100vw, 300px\" \/>Neste s\u00e1bado (27), centenas de jovens de todo o Brasil se encontraram de maneira online no Congresso de Jovens Crist\u00e3os Universit\u00e1rios (CJCU) para refletir e trocar experi\u00eancias sobre a atua\u00e7\u00e3o da juventude crist\u00e3 no ambiente acad\u00eamico.<\/p>\n<p>Neste ano, devido \u00e0 pandemia do Covid-19 o evento foi online, e ofereceu palestras com especialistas na tem\u00e1tica para capacitar jovens universit\u00e1rios a levarem o evangelho no ambiente desafiador da academia. O congresso contou tamb\u00e9m com um momento inicial de devocional com o pastor Welligton Neto, presidente da Juventude AD Brasil e professor na Faculdade de Direito da USP, e com a banda Amiantus e o Grupo Belemitas para o louvor.<\/p>\n<p>Os palestrantes foram o pastor Pedro Vercelino, tamb\u00e9m professor no Semin\u00e1rio Palavra da Vida, que discorreu sobre \u201cVida crist\u00e3 universit\u00e1ria: h\u00e1bitos espirituais para a universidade\u201d e pastor Rodrigo Urcino, fil\u00f3sofo e especialista em Apolog\u00e9tica Crist\u00e3, ministrando sobre \u201cO jovem crist\u00e3o universit\u00e1rio e seu posicionamento nos debates pol\u00edticos, econ\u00f4micos e sociais na atualidade\u201d. <!--more--><\/p>\n<p>O pastor Pedro abordou a dificuldade que a maioria dos estudantes universit\u00e1rios encontra de manter as disciplinas espirituais na sua rotina corrida e repleta de compromissos. Ele chamou a aten\u00e7\u00e3o para a import\u00e2ncia de priorizar a comunh\u00e3o com Deus afim do jovem n\u00e3o naufragar na f\u00e9 durante o per\u00edodo acad\u00eamico: \u201cTorne Jesus o dono da sua agenda. N\u00e3o espere ter tempo, crie tempo. Desenvolva m\u00fasculos espirituais atrav\u00e9s das disciplinas espirituais para manter a f\u00e9 na universidade\u201d. Vercelino terminou sua participa\u00e7\u00e3o lembrando a c\u00e9lebre frase de Jack Writzen: \u201c<em>No Bible, no breakfast<\/em>\u201d (\u201cSem B\u00edblia, sem caf\u00e9 da manh\u00e3\u201d, em tradu\u00e7\u00e3o livre).<\/p>\n<p>J\u00e1 o pastor Rodrigo Urcino esclareceu que a dualidade excludente entre f\u00e9 e raz\u00e3o\/religi\u00e3o e ci\u00eancia \u00e9 um mito, j\u00e1 que foi Deus que criou ambas, e que desde seus prim\u00f3rdios a universidade foi um lugar de pensar Deus: \u201cA universidade nasceu com o cristianismo, mas ao longo do tempo se tornou um reduto dos incr\u00e9dulos, pseudointelectuais e marxistas\u201d.<\/p>\n<p>Influenciar a cultura, oferecer argumentos aos incr\u00e9dulos, fortalecer os que j\u00e1 creem e manifestar Cristo ao mundo atrav\u00e9s do conhecimento da verdade s\u00e3o os pap\u00e9is da juventude crist\u00e3 universit\u00e1ria hoje, segundo o te\u00f3logo. Urcino tamb\u00e9m defendeu que jovens devem se levantar como pensadores de uma apolog\u00e9tica crist\u00e3 em sua gera\u00e7\u00e3o. Para o pastor, \u201cse a igreja perder a batalha intelectual nessa gera\u00e7\u00e3o, a evangeliza\u00e7\u00e3o ser\u00e1 muito mais dif\u00edcil na pr\u00f3xima\u201d.<\/p>\n<p><strong>Sobre o CJCU<\/strong><\/p>\n<p>O Congresso de Jovens Crist\u00e3os Universit\u00e1rios surgiu em 2018, no cora\u00e7\u00e3o de Samara Freitas de 23 anos, estudante de Medicina da Faculdade de Medicina de Taubat\u00e9. A futura m\u00e9dica sentiu a necessidade de compartilhar com outros estudantes crist\u00e3os sua viv\u00eancia no campus e o desafio de evangelizar nesse ambiente. \u201cDurante uma tarde, estava estudando com uma amiga (Carolina Ribeiro de 21 anos, tamb\u00e9m estudante de Medicina) que tamb\u00e9m \u00e9 crist\u00e3, e compartilhei com ela o que havia pensado, de fazer um evento que reunisse esses jovens. Ela prontamente topou a ideia e come\u00e7amos a trabalhar no projeto\u201d, conta Samara. Na mesma semana, Wellington Matheus Rodrigues de 20 anos, estudante de Engenharia Mecatr\u00f4nica na Universidade Mackenzie, tamb\u00e9m entrou para equipe e come\u00e7ou o planejamento das redes sociais do CJCU par alcan\u00e7ar jovens de todo o pa\u00eds.<\/p>\n<p>\u201cMuitos querem falar de Jesus, mas n\u00e3o encontram estrat\u00e9gias ou outros jovens com o mesmo prop\u00f3sito para ajud\u00e1-los nessa caminhada\u201d, explicou Samara. Assim surgiu o CJCU com o prop\u00f3sito de integrar jovens crist\u00e3os de diversas faculdades do Brasil que possuem o anseio de propagar Jesus em seus campi e capacit\u00e1-los para o evangelismo universit\u00e1rio.<\/p>\n<p>Para Ana Laura Peres de 24 anos, estudante de Medicina na Faculdade de Medicina de Jundia\u00ed (FMJ), que participa do Congresso desde 2018, o CJCU \u00e9 mais do que um evento; \u00e9 um ambiente de reflex\u00e3o, aprendizado e encorajamento: \u201cO Congresso me apresentou pessoas e me presenteou com amizades que fortalecem a minha f\u00e9 e me ajudam na caminhada universit\u00e1ria. Aprendi que o compartilhar nos acrescenta, e muito!\u201d. E finaliza: \u201cE tamb\u00e9m, que n\u00e3o estamos s\u00f3s: em algum lugar, em alguma sala de aula ou corredor de Institui\u00e7\u00e3o os alunos est\u00e3o falando do amor de Deus\u201d.<\/p>\n<p>O CJCU de 2021 j\u00e1 tem data marcada. Ser\u00e1 no m\u00eas de mar\u00e7o, de forma presencial, na cidade de S\u00e3o Paulo.<\/p>\n<ul>\n<li><em><strong>C\u00e1ssia de Oliveira<\/strong>, Jornalista pela UFRGS e rep\u00f3rter da AD Gua\u00edba. Atua na \u00e1rea de comunica\u00e7\u00e3o crist\u00e3 e como colunista.\u00a0<a href=\"https:\/\/www.facebook.com\/jornalistacassiadeoli\" target=\"_blank\" rel=\"noopener noreferrer\">Noticiando boas novas<\/a>.<\/em><\/li>\n<\/ul>\n","protected":false},"excerpt":{"rendered":"<p>Por C\u00e1ssia de Oliveira Neste s\u00e1bado (27), centenas de jovens de todo o Brasil se encontraram de maneira online no Congresso de Jovens Crist\u00e3os Universit\u00e1rios (CJCU) para refletir e trocar experi\u00eancias sobre a atua\u00e7\u00e3o da juventude crist\u00e3 no ambiente acad\u00eamico. Neste ano, devido \u00e0 pandemia do Covid-19 o evento foi online, e ofereceu palestras com [&hellip;]<\/p>\n","protected":false},"author":19,"featured_media":0,"comment_status":"open","ping_status":"open","sticky":false,"template":"","format":"standard","meta":{"ngg_post_thumbnail":0,"footnotes":""},"categories":[6054],"tags":[40375,42199,42198,6079],"class_list":["post-8209","post","type-post","status-publish","format-standard","hentry","category-textos","tag-cassia-de-oliveira","tag-cjcu","tag-congresso-de-jovens-cristaos-universitarios","tag-universidade"],"_links":{"self":[{"href":"https:\/\/ultimato.com.br\/sites\/jovem\/wp-json\/wp\/v2\/posts\/8209","targetHints":{"allow":["GET"]}}],"collection":[{"href":"https:\/\/ultimato.com.br\/sites\/jovem\/wp-json\/wp\/v2\/posts"}],"about":[{"href":"https:\/\/ultimato.com.br\/sites\/jovem\/wp-json\/wp\/v2\/types\/post"}],"author":[{"embeddable":true,"href":"https:\/\/ultimato.com.br\/sites\/jovem\/wp-json\/wp\/v2\/users\/19"}],"replies":[{"embeddable":true,"href":"https:\/\/ultimato.com.br\/sites\/jovem\/wp-json\/wp\/v2\/comments?post=8209"}],"version-history":[{"count":3,"href":"https:\/\/ultimato.com.br\/sites\/jovem\/wp-json\/wp\/v2\/posts\/8209\/revisions"}],"predecessor-version":[{"id":8338,"href":"https:\/\/ultimato.com.br\/sites\/jovem\/wp-json\/wp\/v2\/posts\/8209\/revisions\/8338"}],"wp:attachment":[{"href":"https:\/\/ultimato.com.br\/sites\/jovem\/wp-json\/wp\/v2\/media?parent=8209"}],"wp:term":[{"taxonomy":"category","embeddable":true,"href":"https:\/\/ultimato.com.br\/sites\/jovem\/wp-json\/wp\/v2\/categories?post=8209"},{"taxonomy":"post_tag","embeddable":true,"href":"https:\/\/ultimato.com.br\/sites\/jovem\/wp-json\/wp\/v2\/tags?post=8209"}],"curies":[{"name":"wp","href":"https:\/\/api.w.org\/{rel}","templated":true}]}}