{"id":812,"date":"2011-06-29T15:11:37","date_gmt":"2011-06-29T18:11:37","guid":{"rendered":"http:\/\/ultimato.com.br\/sites\/jovem\/?p=812"},"modified":"2011-08-03T15:55:28","modified_gmt":"2011-08-03T18:55:28","slug":"a-vida-e-ao-vivo","status":"publish","type":"post","link":"https:\/\/ultimato.com.br\/sites\/jovem\/2011\/06\/29\/a-vida-e-ao-vivo\/","title":{"rendered":"A vida \u00e9 ao vivo"},"content":{"rendered":"<p style=\"text-align: center;\"><a href=\"http:\/\/ultimato.com.br\/sites\/jovem\/files\/2011\/06\/29_06_jovem_ana2.jpg\" class=\"lightview\" data-lightview-group=\"group-812\" data-lightview-options=\"skin: 'dark', controls: 'relative', padding: '10', shadow: { color: '#000000', opacity: 0.08, blur: 3 }\" data-lightview-title=\"29_06_jovem_ana\"><img loading=\"lazy\" decoding=\"async\" class=\"aligncenter size-full wp-image-819\" title=\"29_06_jovem_ana\" src=\"http:\/\/ultimato.com.br\/sites\/jovem\/files\/2011\/06\/29_06_jovem_ana2.jpg\" alt=\"\" width=\"566\" height=\"269\" srcset=\"https:\/\/ultimato.com.br\/sites\/jovem\/files\/2011\/06\/29_06_jovem_ana2.jpg 629w, https:\/\/ultimato.com.br\/sites\/jovem\/files\/2011\/06\/29_06_jovem_ana2-300x142.jpg 300w, https:\/\/ultimato.com.br\/sites\/jovem\/files\/2011\/06\/29_06_jovem_ana2-150x71.jpg 150w\" sizes=\"auto, (max-width: 566px) 100vw, 566px\" \/><\/a><\/p>\n<p>No \u00faltimo feriado, tive a oportunidade de ir para o <a href=\"http:\/\/liveaovivo.tumblr.com\/\" target=\"_blank\">LIVE 2011<\/a>, um evento feito pela <a href=\"http:\/\/www.missaopraiadacosta.com.br\/\" target=\"_blank\">Igreja Miss\u00e3o Praia da Costa<\/a>, em Vila Velha \u2013 ES. A experi\u00eancia foi incr\u00edvel! O nome do evento j\u00e1 diz muito sobre o que ele enfatiza: a vida \u00e9 ao vivo. E \u00e9 mesmo!<\/p>\n<p>Embora quase todo dia seja uma luta para me lembrar disso, sim, a vida \u00e9 ao vivo, e ela acontece tamb\u00e9m offline. E n\u00e3o \u00e9 s\u00f3 isso: a vida acontece agora (embora pare\u00e7a \u00f3bvio), e n\u00e3o posso deixar isso passar. <!--more-->A ideia \u00e9 que a vida, os sonhos, os projetos e as minhas motiva\u00e7\u00f5es n\u00e3o devem estar s\u00f3 no passado ou num futuro distante, onde aquela vontade de mudar o mundo tem guarida, mas devem estar no presente, no ger\u00fandio, acontecendo bem agora. A ideia \u00e9 que eu j\u00e1 tenho tudo o que preciso para fazer a diferen\u00e7a, o que me deixa totalmente sem desculpas sobre fazer a vontade de Deus.<\/p>\n<p>Isso ficou bem claro no evento: Deus quer usar a gente.<\/p>\n<blockquote><p>Poxa&#8230;mas logo eu? Eu que sou s\u00f3 um jovem? (Jr. 1:6)<\/p>\n<p>Eu que nem sei falar direito? (Ex. 4:10)<\/p>\n<p>Eu que nem sou de uma fam\u00edlia influente? (Jz 6:15).<\/p><\/blockquote>\n<p>E a resposta \u00e9: sim, voc\u00ea! Vai nessa tua for\u00e7a! Incr\u00edvel isso de Deus querer compartilhar seus sonhos de amor para o mundo e querer usar logo a gente como \u201cc\u00famplices\u201d desse plano&#8230; sim, eu e voc\u00ea, com os recursos limitados e com as d\u00favidas, podemos ser usado por Deus, basta dizer \u201ceis-me aqui\u201d. Me dispor e AGIR com os cinco p\u00e3es que eu tiver nas m\u00e3os. Davi, Maria, Gide\u00e3o, Daniel, Jeremias, Mois\u00e9s, os doze disc\u00edpulos&#8230; n\u00e3o tem como n\u00e3o lembrar dessas personalidades cheias de defeitos e inseguran\u00e7as que simplesmente sacudiram o mundo. Fui inundada pela mesma vontade.<\/p>\n<p>O Live2011 significou isso para mim: a vontade de que tantas hist\u00f3rias inspiradoras fa\u00e7am diferen\u00e7a em meu dia-a-dia, nas coisas comuns e simples, no extraordin\u00e1rio AO VIVO do presente. Ali\u00e1s, Matheus Ortega, disse uma frase que espero n\u00e3o esquecer: \u201cSe voc\u00ea ainda n\u00e3o sonha, sonhe! Se j\u00e1 sonha, sonhe mais alto. Se voc\u00ea sonha alto, fa\u00e7a acontecer. Se j\u00e1 est\u00e1 fazendo acontecer, inspire outros a fazerem o mesmo. Se voc\u00ea j\u00e1 inspira, lute para permanecer humilde\u201d. Bem, meu plano \u00e9 sair deste primeiro passo, e o convite \u00e9 para todos.<\/p>\n<p style=\"text-align: center;\"><a href=\"http:\/\/ultimato.com.br\/sites\/jovem\/files\/2011\/06\/29_06_live.jpg\" class=\"lightview\" data-lightview-group=\"group-812\" data-lightview-options=\"skin: 'dark', controls: 'relative', padding: '10', shadow: { color: '#000000', opacity: 0.08, blur: 3 }\" data-lightview-title=\"29_06_live\"><\/a><a href=\"http:\/\/ultimato.com.br\/sites\/jovem\/files\/2011\/06\/29_06_live1.jpg\" class=\"lightview\" data-lightview-group=\"group-812\" data-lightview-options=\"skin: 'dark', controls: 'relative', padding: '10', shadow: { color: '#000000', opacity: 0.08, blur: 3 }\"><img loading=\"lazy\" decoding=\"async\" class=\"aligncenter size-full wp-image-831\" title=\"29_06_live\" src=\"http:\/\/ultimato.com.br\/sites\/jovem\/files\/2011\/06\/29_06_live1.jpg\" alt=\"\" width=\"623\" height=\"387\" srcset=\"https:\/\/ultimato.com.br\/sites\/jovem\/files\/2011\/06\/29_06_live1.jpg 692w, https:\/\/ultimato.com.br\/sites\/jovem\/files\/2011\/06\/29_06_live1-300x186.jpg 300w, https:\/\/ultimato.com.br\/sites\/jovem\/files\/2011\/06\/29_06_live1-150x93.jpg 150w\" sizes=\"auto, (max-width: 623px) 100vw, 623px\" \/><\/a><\/p>\n<p><strong>Tudo de Deus, com tudo, com todos<\/strong><\/p>\n<p>O Live2011 n\u00e3o foi s\u00f3 a palavra falada l\u00e1 na frente pelos palestrantes&#8230;<\/p>\n<p>Como deve ser, foi uma hist\u00f3ria contada por v\u00e1rias pessoas. Pessoas que serviram, pessoas que nos faziam sorrir, pessoas que queriam acolher, pessoas que usavam sua arte para deixar tudo mais bonito. Falando nisso, o tema deste ano foi \u201cTudo de DEUS, com TUDO, com TODOS\u201d. Lembrei dessa viv\u00eancia que temos aqui na Ultimato que sempre nos lembra que a miss\u00e3o \u00e9 integral, que o reino abarca o homem todo, e que a verdade precisa atingir a todos os homens, afinal, o proclamamos o maravilhoso minist\u00e9rio de \u201cDeus, em Cristo, reconciliando consigo TODAS as coisas\u201d. Como foi bom tamb\u00e9m ser lembrada que esse meu \u201csim\u201d para Deus n\u00e3o \u00e9 solit\u00e1rio, embora individual, mas \u00e9 para eu praticar o amor em minha comunidade, com o pr\u00f3ximo, servindo-o e amando-o, como fez Jesus. E n\u00e3o \u00e9 isto mesmo que n\u00f3s, pequenos Cristos, queremos fazer? Andar como Ele andou, para um dia chegarem \u00e0 conclus\u00e3o: \u201cEstes que t\u00eam transtornado o mundo, chegaram tamb\u00e9m aqui (&#8230;) todos eles procedem contra os decretos de C\u00e9sar, dizendo haver outro rei, que \u00e9 Jesus.\u201d (At. 17: 6 e 7).<\/p>\n<p>Que isto nos encoraje a viver o agora com tudo.<\/p>\n<p>__________<\/p>\n<p><strong><a href=\"http:\/\/twitter.com\/#!\/anac_nunes\" target=\"_blank\">Ana Cl\u00e1udia Nunes<\/a> <\/strong>tem 23 anos, \u00e9 publicit\u00e1ria, trabalha na Ultimato e gosta muito de <a href=\"http:\/\/www.myspace.com\/anacnunes\" target=\"_blank\">cantar<\/a>.<\/p>\n","protected":false},"excerpt":{"rendered":"<p>No \u00faltimo feriado, tive a oportunidade de ir para o LIVE 2011, um evento feito pela Igreja Miss\u00e3o Praia da Costa, em Vila Velha \u2013 ES. A experi\u00eancia foi incr\u00edvel! O nome do evento j\u00e1 diz muito sobre o que ele enfatiza: a vida \u00e9 ao vivo. E \u00e9 mesmo! Embora quase todo dia seja [&hellip;]<\/p>\n","protected":false},"author":19,"featured_media":0,"comment_status":"open","ping_status":"open","sticky":false,"template":"","format":"standard","meta":{"ngg_post_thumbnail":0,"footnotes":""},"categories":[7,5151],"tags":[],"class_list":["post-812","post","type-post","status-publish","format-standard","hentry","category-noticias","category-outros-papos"],"_links":{"self":[{"href":"https:\/\/ultimato.com.br\/sites\/jovem\/wp-json\/wp\/v2\/posts\/812","targetHints":{"allow":["GET"]}}],"collection":[{"href":"https:\/\/ultimato.com.br\/sites\/jovem\/wp-json\/wp\/v2\/posts"}],"about":[{"href":"https:\/\/ultimato.com.br\/sites\/jovem\/wp-json\/wp\/v2\/types\/post"}],"author":[{"embeddable":true,"href":"https:\/\/ultimato.com.br\/sites\/jovem\/wp-json\/wp\/v2\/users\/19"}],"replies":[{"embeddable":true,"href":"https:\/\/ultimato.com.br\/sites\/jovem\/wp-json\/wp\/v2\/comments?post=812"}],"version-history":[{"count":16,"href":"https:\/\/ultimato.com.br\/sites\/jovem\/wp-json\/wp\/v2\/posts\/812\/revisions"}],"predecessor-version":[{"id":999,"href":"https:\/\/ultimato.com.br\/sites\/jovem\/wp-json\/wp\/v2\/posts\/812\/revisions\/999"}],"wp:attachment":[{"href":"https:\/\/ultimato.com.br\/sites\/jovem\/wp-json\/wp\/v2\/media?parent=812"}],"wp:term":[{"taxonomy":"category","embeddable":true,"href":"https:\/\/ultimato.com.br\/sites\/jovem\/wp-json\/wp\/v2\/categories?post=812"},{"taxonomy":"post_tag","embeddable":true,"href":"https:\/\/ultimato.com.br\/sites\/jovem\/wp-json\/wp\/v2\/tags?post=812"}],"curies":[{"name":"wp","href":"https:\/\/api.w.org\/{rel}","templated":true}]}}