{"id":8091,"date":"2020-04-25T22:12:01","date_gmt":"2020-04-26T01:12:01","guid":{"rendered":"http:\/\/ultimato.com.br\/sites\/jovem\/?p=8091"},"modified":"2020-04-28T20:01:34","modified_gmt":"2020-04-28T23:01:34","slug":"a-coragem-que-precisamos","status":"publish","type":"post","link":"https:\/\/ultimato.com.br\/sites\/jovem\/2020\/04\/25\/a-coragem-que-precisamos\/","title":{"rendered":"A coragem que precisamos"},"content":{"rendered":"<p><em>Por Daniela Piva\u00a0<\/em><\/p>\n<div id=\"attachment_8093\" style=\"width: 310px\" class=\"wp-caption alignright\"><img loading=\"lazy\" decoding=\"async\" aria-describedby=\"caption-attachment-8093\" class=\"size-medium wp-image-8093\" src=\"http:\/\/ultimato.com.br\/sites\/jovem\/files\/2020\/04\/UltJovem_25_04_20_coragem-300x225.jpg\" alt=\"\" width=\"300\" height=\"225\" srcset=\"https:\/\/ultimato.com.br\/sites\/jovem\/files\/2020\/04\/UltJovem_25_04_20_coragem-300x225.jpg 300w, https:\/\/ultimato.com.br\/sites\/jovem\/files\/2020\/04\/UltJovem_25_04_20_coragem.jpg 616w\" sizes=\"auto, (max-width: 300px) 100vw, 300px\" \/><p id=\"caption-attachment-8093\" class=\"wp-caption-text\">Daniela tentando ser valente em Victoria Falls, 2015<\/p><\/div>\n<p>Se tem uma coisa que a gente vai precisar no meio dessa crise toda \u00e9\u00a0<em>ser valente. <\/em>Valente, no dicion\u00e1rio, logo vem associado \u00e0 <em>coragem<\/em>, a ser corajoso. Para n\u00f3s brasileiros, fica f\u00e1cil de entender que a palavra coragem vem do CORA\u00c7\u00c3O.<\/p>\n<p>Parece contradit\u00f3rio, n\u00e9? Parece t\u00e3o absurdo\u2026 \u00c9 sim, extremamente, vulner\u00e1vel.<\/p>\n<p>Mas n\u00e3o existe coragem sem vulnerabilidade, como a querida <a href=\"https:\/\/www.youtube.com\/watch?v=yPY7uF5Yle8&amp;t=458s\" target=\"_blank\" rel=\"noopener noreferrer\">Bren\u00e9 Brown<\/a> j\u00e1 nos mostrou em suas pesquisas. O caminho de abrir nosso ser e falar a verdade \u00e9 do\u00eddo, mas, ao mesmo tempo, extremamente recompensador.<\/p>\n<p>\u00c9 o que nos conecta, o que nos faz viver melhor, o que faz o pertencimento ser poss\u00edvel e o amor acolhido.<\/p>\n<p>N\u00e3o h\u00e1 um pingo de fraqueza em abrir seu cora\u00e7\u00e3o e ser vulner\u00e1vel sobre suas imperfei\u00e7\u00f5es. Na verdade, esse \u00e9 um dos maiores atos de coragem que se pode ter.<!--more--><\/p>\n<p>Depois de me familiarizar com essa tem\u00e1tica, tento de v\u00e1rios jeitos ter coragem para ser vulner\u00e1vel. Este \u00e9 um espa\u00e7o no qual tento fazer isso, porque sei que isso me ajuda, e espero que te ajude tamb\u00e9m.<\/p>\n<p>Nos conectamos por meio de nossas hist\u00f3rias. O que acontece comigo pode acontecer com outros e vice-versa. No final de tudo, n\u00e3o estamos sozinhos. Acho que isso \u00e9 o mais importante de tudo: n\u00e3o estamos sozinhos.<\/p>\n<p>N\u00e3o estamos passando pela pandemia do coronav\u00edrus a s\u00f3s! E parte de passar por isso deve significar ter coragem para sermos vulner\u00e1veis e falar quando estiver muito dif\u00edcil.<\/p>\n<p>Vamos precisar falar quando acabar o dinheiro, quando n\u00e3o tivermos como pagar o aluguel ou comprar os rem\u00e9dios, quando a rotina ficar irregular, quando a ansiedade aumentar ou ainda quando a tristeza bater e for t\u00e3o forte que parece nos sufocar.<\/p>\n<p>Isso quer dizer que tamb\u00e9m que vamos precisar falar o quanto amamos nossos familiares, o quanto nos importamos com nossos amigos, e at\u00e9 com o amor n\u00e3o correspondido. N\u00e3o podemos mais desvalorizar o lugar dos amores na nossa vida, eu n\u00e3o tenho mais tempo para isso\u2026<\/p>\n<p>Porque, no final de tudo, ao falarmos sobre tudo isso, ficaremos mais fortes juntos. E nossa for\u00e7a est\u00e1 em abrir nossos cora\u00e7\u00f5es. Precisamos ter essa coragem.<\/p>\n<p>O mundo nunca mais ser\u00e1 o mesmo, e n\u00e3o podemos deixar que ele seja. Quem sabe agora poderemos nos mostrar de verdade, sermos mais inteiros, com menos medo do que v\u00e3o pensar de n\u00f3s e mais medo de viver uma vida sem amor, pertencimento e alegria.<\/p>\n<p>E, quem sabe, assim vamos perceber que nunca estivemos s\u00f3s.<\/p>\n<p>S\u00ea valente, eu e voc\u00ea?<\/p>\n<ul>\n<li><strong>Daniela Piva<\/strong> \u00e9 psic\u00f3loga. Filha do Criador. Psicodramatista. Viajante do mundo por chamado e paix\u00e3o. Escritora e Artista amadora. Curiosa e questionadora. Cozinheira por hobby. Aprendiz da vida. Em busca de uma vida mais saud\u00e1vel de corpo, alma e esp\u00edrito. Texto publicado originalmente em seu <a href=\"https:\/\/www.danipiva.wordpress.com\">blog pessoal<\/a>.<\/li>\n<\/ul>\n","protected":false},"excerpt":{"rendered":"<p>Por Daniela Piva\u00a0 Se tem uma coisa que a gente vai precisar no meio dessa crise toda \u00e9\u00a0ser valente. Valente, no dicion\u00e1rio, logo vem associado \u00e0 coragem, a ser corajoso. Para n\u00f3s brasileiros, fica f\u00e1cil de entender que a palavra coragem vem do CORA\u00c7\u00c3O. Parece contradit\u00f3rio, n\u00e9? Parece t\u00e3o absurdo\u2026 \u00c9 sim, extremamente, vulner\u00e1vel. Mas [&hellip;]<\/p>\n","protected":false},"author":19,"featured_media":0,"comment_status":"open","ping_status":"open","sticky":false,"template":"","format":"standard","meta":{"ngg_post_thumbnail":0,"footnotes":""},"categories":[6054],"tags":[24134,41195,41196,37948,42177,27382],"class_list":["post-8091","post","type-post","status-publish","format-standard","hentry","category-textos","tag-coragem","tag-coronavirus","tag-covid-19","tag-daniela-piva","tag-valente","tag-vulnerabilidade"],"_links":{"self":[{"href":"https:\/\/ultimato.com.br\/sites\/jovem\/wp-json\/wp\/v2\/posts\/8091","targetHints":{"allow":["GET"]}}],"collection":[{"href":"https:\/\/ultimato.com.br\/sites\/jovem\/wp-json\/wp\/v2\/posts"}],"about":[{"href":"https:\/\/ultimato.com.br\/sites\/jovem\/wp-json\/wp\/v2\/types\/post"}],"author":[{"embeddable":true,"href":"https:\/\/ultimato.com.br\/sites\/jovem\/wp-json\/wp\/v2\/users\/19"}],"replies":[{"embeddable":true,"href":"https:\/\/ultimato.com.br\/sites\/jovem\/wp-json\/wp\/v2\/comments?post=8091"}],"version-history":[{"count":3,"href":"https:\/\/ultimato.com.br\/sites\/jovem\/wp-json\/wp\/v2\/posts\/8091\/revisions"}],"predecessor-version":[{"id":8095,"href":"https:\/\/ultimato.com.br\/sites\/jovem\/wp-json\/wp\/v2\/posts\/8091\/revisions\/8095"}],"wp:attachment":[{"href":"https:\/\/ultimato.com.br\/sites\/jovem\/wp-json\/wp\/v2\/media?parent=8091"}],"wp:term":[{"taxonomy":"category","embeddable":true,"href":"https:\/\/ultimato.com.br\/sites\/jovem\/wp-json\/wp\/v2\/categories?post=8091"},{"taxonomy":"post_tag","embeddable":true,"href":"https:\/\/ultimato.com.br\/sites\/jovem\/wp-json\/wp\/v2\/tags?post=8091"}],"curies":[{"name":"wp","href":"https:\/\/api.w.org\/{rel}","templated":true}]}}