{"id":8086,"date":"2020-04-22T22:38:07","date_gmt":"2020-04-23T01:38:07","guid":{"rendered":"http:\/\/ultimato.com.br\/sites\/jovem\/?p=8086"},"modified":"2020-04-23T22:47:11","modified_gmt":"2020-04-24T01:47:11","slug":"tempo-de-desabracar","status":"publish","type":"post","link":"https:\/\/ultimato.com.br\/sites\/jovem\/2020\/04\/22\/tempo-de-desabracar\/","title":{"rendered":"Tempo de desabra\u00e7ar"},"content":{"rendered":"<p><em>Por Jeferson Cristianini<\/em><\/p>\n<p><img loading=\"lazy\" decoding=\"async\" class=\"alignright size-medium wp-image-8088\" src=\"http:\/\/ultimato.com.br\/sites\/jovem\/files\/2020\/04\/UltJovem_22_04_20_abraco-200x300.jpg\" alt=\"\" width=\"200\" height=\"300\" srcset=\"https:\/\/ultimato.com.br\/sites\/jovem\/files\/2020\/04\/UltJovem_22_04_20_abraco-200x300.jpg 200w, https:\/\/ultimato.com.br\/sites\/jovem\/files\/2020\/04\/UltJovem_22_04_20_abraco.jpg 519w\" sizes=\"auto, (max-width: 200px) 100vw, 200px\" \/>Salom\u00e3o, o s\u00e1bio, j\u00e1 nos ensinou que \u201ch\u00e1 tempo para todo prop\u00f3sito debaixo do c\u00e9u\u201d, e nesse ensinamento descansamos. Sabemos e entendemos que Deus tem um prop\u00f3sito para o tempo que vivemos agora. Tempo de isolamento social, de distanciamento e de reclus\u00e3o. Tempo de afastamento.<\/p>\n<p>Exemplificando que o conceito de que \u201ctudo tem o seu pr\u00f3prio tempo determinado\u201d, Salom\u00e3o nos mostra que h\u00e1 \u201ctempo de plantar e tempo de arrancar o que foi plantado\u201d, \u201ctempo de chorar e tempo de rir\u201d, e tamb\u00e9m que \u201ch\u00e1 tempo de abra\u00e7ar e tempo de afastar-se do abra\u00e7o\u201d (cf. Eclesiastes 3:1 a 8). H\u00e1 um tempo para tudo, e nesse tempo hist\u00f3rico, aprouve que n\u00f3s, debaixo da soberania de Deus, viv\u00eassemos um tempo de afastamento do abra\u00e7o. Tempo de desabra\u00e7ar.<\/p>\n<p>Um dos ant\u00f4nimos de abra\u00e7o \u00e9 desconex\u00e3o ou desenla\u00e7ar. Pensando nessas duas express\u00f5es, podemos entender que abra\u00e7o \u00e9 uma conex\u00e3o e um la\u00e7o. Conex\u00e3o de duas vidas, dois cora\u00e7\u00f5es que se aproximam. La\u00e7o de amor, afeto e camaradagem. Sei que \u00e9 bom abra\u00e7ar as pessoas que queremos bem. Como pastor, sempre ensinei que a igreja local deve ser o local do abra\u00e7o. Por onde passei, at\u00e9 institui um tempo de abra\u00e7ar nossos irm\u00e3os que est\u00e3o enfileirados conosco no templo, louvando a Deus e prestando culto conosco. O povo de Deus deve amar abra\u00e7os, e deve (re)aprender o valor de um abra\u00e7o no seio do culto p\u00fablico, como forma e demonstra\u00e7\u00e3o do amor fraternal, apesar de deixar algumas pessoas constrangidas, rs.<!--more--><\/p>\n<p>A pandemia do coronav\u00edrus nos colocou diante da realidade do afastamento social e, consequentemente, do desabra\u00e7o. Imagino a hora em que estivermos liberados para nos reunir como igrejas locais, em que pudermos nos ver e nos reencontrar. Imagino quantos abra\u00e7os daremos.<\/p>\n<p>Uma das coisas a serem aprendidas com essa pandemia \u00e9 a valoriza\u00e7\u00e3o do abra\u00e7o, como sin\u00f4nimo de afeto crist\u00e3o, de acolhimento crist\u00e3o e demonstra\u00e7\u00e3o de \u201cquerer bem\u201d. Oro para que depois desse tempo nossos abra\u00e7os possam ser mais sinceros, recheados de afeto crist\u00e3o e acolhedores.<\/p>\n<p>Os salvos, os que foram resgatados pelo amor redentor de Jesus, sabem o valor de um abra\u00e7o. Sabem como \u00e9 receber o abra\u00e7o do Pai. Os pr\u00f3digos, os que se distanciaram do reino e voltaram com arrependimento nos l\u00e1bios, s\u00e3o recebidos por Deus, o Pai, com um beijo e um abra\u00e7o (cf. Lucas 15:1 a 32). O Pai quebra os protocolos da \u00e9poca, que diziam que um pai nunca corria para um abra\u00e7o, para manter a postura de autoridade. O abra\u00e7o do Pai \u00e9 o lugar mais seguro para o pecador arrependido.<\/p>\n<p>Nunca podemos nos esquecer do acolhimento que recebemos de Deus em Cristo Jesus. Paulo exortou a igreja de Roma assim: \u201cacolhei-vos uns aos outros, como tamb\u00e9m Cristo nos acolheu para a gl\u00f3ria de Deus\u201d (Romanos 15:7). Precisamos acolher os que chegam e os que j\u00e1 s\u00e3o irm\u00e3os, com o mesmo abra\u00e7o com que fomos abra\u00e7ados. Podemos e devemos orar para que nosso abra\u00e7o sincero e caloroso revele o amor de Deus, e que as pessoas que se encontrarem conosco e receberem nosso abra\u00e7o cheio de amor, sintam-se abra\u00e7ada pelo Senhor atrav\u00e9s de n\u00f3s.<\/p>\n<p>Precisamos aceitar esse tempo de afastamento do abra\u00e7o como um tempo pedag\u00f3gico. Tempo de valorizar uma a\u00e7\u00e3o teoricamente t\u00e3o simples como um abra\u00e7o, mas que faz muita diferen\u00e7a nesse mundo marcado por \u00f3dio, separa\u00e7\u00e3o e desuni\u00e3o. Que o nosso abra\u00e7o seja o oposto de tudo isso. Que nosso abra\u00e7o mostre nosso amor, carinho, afeto, considera\u00e7\u00e3o e respeito \u00e0 pessoa abra\u00e7ada.<\/p>\n<p>Paulo nos diz que somos devedores do amor crist\u00e3o uns aos outros; que essa d\u00edvida do amor possa se pagar com um abra\u00e7o. Logo pagaremos nossa d\u00edvida. Enquanto isso, fique desabra\u00e7ado, mas n\u00e3o deixa de entender e valorizar o abra\u00e7o. At\u00e9 breve. Que a express\u00e3o \u201cdesabra\u00e7ar\u201d soe de forma estranha aos nossos ouvidos, enquanto \u201cabra\u00e7ar\u201d soe como uma can\u00e7\u00e3o.<\/p>\n<ul>\n<li><strong>Jeferson Rodolfo Cristianini\u00a0<\/strong>\u00e9 pastor da Igreja Batista\u00a0Nova Cana\u00e3 Sorocaba.<\/li>\n<\/ul>\n","protected":false},"excerpt":{"rendered":"<p>Por Jeferson Cristianini Salom\u00e3o, o s\u00e1bio, j\u00e1 nos ensinou que \u201ch\u00e1 tempo para todo prop\u00f3sito debaixo do c\u00e9u\u201d, e nesse ensinamento descansamos. Sabemos e entendemos que Deus tem um prop\u00f3sito para o tempo que vivemos agora. Tempo de isolamento social, de distanciamento e de reclus\u00e3o. Tempo de afastamento. Exemplificando que o conceito de que \u201ctudo [&hellip;]<\/p>\n","protected":false},"author":19,"featured_media":0,"comment_status":"open","ping_status":"open","sticky":false,"template":"","format":"standard","meta":{"ngg_post_thumbnail":0,"footnotes":""},"categories":[6054],"tags":[24181,41195,41196,36328],"class_list":["post-8086","post","type-post","status-publish","format-standard","hentry","category-textos","tag-abraco","tag-coronavirus","tag-covid-19","tag-jeferson-cristianini"],"_links":{"self":[{"href":"https:\/\/ultimato.com.br\/sites\/jovem\/wp-json\/wp\/v2\/posts\/8086","targetHints":{"allow":["GET"]}}],"collection":[{"href":"https:\/\/ultimato.com.br\/sites\/jovem\/wp-json\/wp\/v2\/posts"}],"about":[{"href":"https:\/\/ultimato.com.br\/sites\/jovem\/wp-json\/wp\/v2\/types\/post"}],"author":[{"embeddable":true,"href":"https:\/\/ultimato.com.br\/sites\/jovem\/wp-json\/wp\/v2\/users\/19"}],"replies":[{"embeddable":true,"href":"https:\/\/ultimato.com.br\/sites\/jovem\/wp-json\/wp\/v2\/comments?post=8086"}],"version-history":[{"count":2,"href":"https:\/\/ultimato.com.br\/sites\/jovem\/wp-json\/wp\/v2\/posts\/8086\/revisions"}],"predecessor-version":[{"id":8089,"href":"https:\/\/ultimato.com.br\/sites\/jovem\/wp-json\/wp\/v2\/posts\/8086\/revisions\/8089"}],"wp:attachment":[{"href":"https:\/\/ultimato.com.br\/sites\/jovem\/wp-json\/wp\/v2\/media?parent=8086"}],"wp:term":[{"taxonomy":"category","embeddable":true,"href":"https:\/\/ultimato.com.br\/sites\/jovem\/wp-json\/wp\/v2\/categories?post=8086"},{"taxonomy":"post_tag","embeddable":true,"href":"https:\/\/ultimato.com.br\/sites\/jovem\/wp-json\/wp\/v2\/tags?post=8086"}],"curies":[{"name":"wp","href":"https:\/\/api.w.org\/{rel}","templated":true}]}}