{"id":8058,"date":"2020-04-01T01:00:18","date_gmt":"2020-04-01T04:00:18","guid":{"rendered":"http:\/\/ultimato.com.br\/sites\/jovem\/?p=8058"},"modified":"2020-03-31T23:04:46","modified_gmt":"2020-04-01T02:04:46","slug":"lembre-se-do-que-nao-se-deve-esquecer","status":"publish","type":"post","link":"https:\/\/ultimato.com.br\/sites\/jovem\/2020\/04\/01\/lembre-se-do-que-nao-se-deve-esquecer\/","title":{"rendered":"Lembre-se do que n\u00e3o se deve esquecer"},"content":{"rendered":"<p><em>Por Ion\u00e1 Nunes<\/em><\/p>\n<p><img loading=\"lazy\" decoding=\"async\" class=\"alignright wp-image-8059 size-medium\" src=\"http:\/\/ultimato.com.br\/sites\/jovem\/files\/2020\/03\/UltJovem_01_04_20_lembrar-225x300.jpg\" alt=\"\" width=\"225\" height=\"300\" srcset=\"https:\/\/ultimato.com.br\/sites\/jovem\/files\/2020\/03\/UltJovem_01_04_20_lembrar-225x300.jpg 225w, https:\/\/ultimato.com.br\/sites\/jovem\/files\/2020\/03\/UltJovem_01_04_20_lembrar-768x1024.jpg 768w, https:\/\/ultimato.com.br\/sites\/jovem\/files\/2020\/03\/UltJovem_01_04_20_lembrar-1152x1536.jpg 1152w, https:\/\/ultimato.com.br\/sites\/jovem\/files\/2020\/03\/UltJovem_01_04_20_lembrar-1536x2048.jpg 1536w, https:\/\/ultimato.com.br\/sites\/jovem\/files\/2020\/03\/UltJovem_01_04_20_lembrar-732x976.jpg 732w, https:\/\/ultimato.com.br\/sites\/jovem\/files\/2020\/03\/UltJovem_01_04_20_lembrar-1140x1520.jpg 1140w, https:\/\/ultimato.com.br\/sites\/jovem\/files\/2020\/03\/UltJovem_01_04_20_lembrar-scaled.jpg 1920w\" sizes=\"auto, (max-width: 225px) 100vw, 225px\" \/>Na era de informa\u00e7\u00e3o, a <em>fake news<\/em> reina. No <em>Whatsapp<\/em>, no <em>Facebook<\/em>, no <em>Instagram<\/em>, em qualquer rede social que voc\u00ea esteja utilizando, \u00e9 imposs\u00edvel n\u00e3o ser bombardeado por in\u00fameras not\u00edcias, v\u00e1rias delas falsas. O COVID-19 provocou uma confus\u00e3o na internet, o barulho \u00e9 muito alto. Todo mundo est\u00e1 falando ao mesmo tempo e ningu\u00e9m consegue se escutar ou ouvir a verdade a respeito dos fatos. N\u00e3o passamos de uma revoada de p\u00e1ssaros piando ao mesmo tempo.<\/p>\n<p>Antes fosse apenas burburinho, mas em nossas mentes ecoam gritos alt\u00edssimos de medo e preocupa\u00e7\u00e3o. O pensamento gira em torno de n\u00f3s mesmos, mostrando quem \u00e9 nosso \u00eddolo.<\/p>\n<p>Nada melhor do que um tempo de crise para descobrir quem s\u00e3o as melhores pessoas, e eu com certeza n\u00e3o sou uma delas. A cada vez que dou espa\u00e7o para o meu fr\u00e1gil ego, ele se alimenta da ansiedade. O zumbido na cabe\u00e7a cresce. O barulho torna-se ensurdecedor. Ou\u00e7o ao longe os fragmentos das vozes das pessoas discutindo sobre o v\u00edrus.\u00a0A minha voz, a de terceiros, ditando como devo reagir.<\/p>\n<p>O medo toma a forma de v\u00edrus e replica-se exponencialmente pelo meu corpo. Ele me tornou surda temporariamente para a \u00fanica voz que que eu deveria ouvir. Em meio ao choro e \u00e0 possibilidade de n\u00e3o voltar para casa, sou nocauteada pela ansiedade. A falta de ar vem em seguida.<!--more--><\/p>\n<p>Ali, exatamente naquele estado, Deus me lembrou de n\u00e3o esquecer dEle. Trouxe-me \u00e0 mem\u00f3ria aquilo que me d\u00e1 esperan\u00e7a. Matou a rainha na minha barriga e me fez pensar nas tantas pessoas aflitas pela exist\u00eancia do COVID-19. Naquelas que contra\u00edram o v\u00edrus e que est\u00e3o isoladas e entrando em desespero, pois n\u00e3o O conhecem. Fez eu ter compaix\u00e3o pelos cora\u00e7\u00f5es partidos daqueles que perderam entes queridos para o v\u00edrus.<\/p>\n<p>Ele levou minha mente para a \u00c1frica, onde as pessoas sofrem com o ebola, aids e tantas outras desgra\u00e7as, e que, devido ao novo v\u00edrus, est\u00e1 mais do que nunca ofuscada. A pessoa que est\u00e1 em situa\u00e7\u00e3o de rua e vulner\u00e1vel, profissionais de sa\u00fade indo para guerra contra um inimigo invis\u00edvel e sem o aparato necess\u00e1rio para derrot\u00e1-lo. Os mission\u00e1rios no campo, que al\u00e9m de estar expostos ao v\u00edrus, enfrentam tantas outras dificuldades. Os problemas do mundo sempre existiram, mas parece que s\u00f3 agora os percebi.<\/p>\n<p>Fui impelida a ler a escritura e, a cada salmo que li, o car\u00e1ter de Deus se tornou n\u00edtido, a certeza de sua bondade e imutabilidade em tempos dif\u00edceis acalmou o cora\u00e7\u00e3o. Ref\u00fagio e alegria (Sl 5:11), torre segura na hora da adversidade (Sl 9:9), justo juiz (Sl 7:11), o que ouve a s\u00faplica (Sl 6:9), protetor (Sl 5:12), o que salva e livra (Sl 7:1). O choro estrondou, mas pela primeira vez as vozes se calaram.<\/p>\n<p>N\u00e3o diferente do coronav\u00edrus, o sofrimento tamb\u00e9m n\u00e3o v\u00ea cor, g\u00eanero ou saldo banc\u00e1rio, e ningu\u00e9m est\u00e1 imune a ele. Nestes tempos incertos, a certeza de que Deus n\u00e3o muda, estando n\u00f3s sofrendo ou n\u00e3o, incendia nossos cora\u00e7\u00f5es! O car\u00e1ter do Senhor n\u00e3o \u00e9 vol\u00favel e sua fidelidade permanece para sempre. Ao lermos Sua palavra, podemos constatar tais verdades e nos animar, ainda que tenhamos que sofrer por um pouco de tempo ao enfrentar tribula\u00e7\u00f5es. Temos o privil\u00e9gio de nos agarrar \u00e0 esperan\u00e7a viva em meio \u00e0 instabilidade, nos apropriemos disso!<\/p>\n<p>Se desejamos calar as vozes do medo e da ansiedade, nos voltemos para a Palavra. S\u00f3 a Verdade \u00e9 capaz de destruir a mentira. Se ansiamos ser consolados, a Escritura \u00e9 apta para fazer isso. Quem poderia nos entender melhor, enxugar nossas l\u00e1grimas e encher nosso cora\u00e7\u00e3o com a paz que excede todo entendimento a n\u00e3o ser Aquele que criou nossa alma? O que procuramos diante desta pandemia s\u00f3 pode ser encontrado se voltarmos o olhar para onde nunca dever\u00edamos ter tirado: Deus.<\/p>\n<p>Que nos acheguemos com confian\u00e7a ao trono da gra\u00e7a inv\u00e9s de correr na dire\u00e7\u00e3o oposta! Que o desespero n\u00e3o nos domine, mas nos fa\u00e7a cair de joelhos buscando o Criador! Que o COVID-19 n\u00e3o amplifique a voz da ansiedade em nossas mentes e cora\u00e7\u00f5es, mas que a voz transcorrida na B\u00edblia, que diz N\u00c2O TEMAS e AQUIETAI-VOS E SAIBEI QUE EU SOU DEUS seja escrita na t\u00e1bua do nosso cora\u00e7\u00e3o n\u00e3o com tinta, mas com o Esp\u00edrito Santo, o Consolador!<\/p>\n<p>Que esperemos com paci\u00eancia no Senhor, nos alegrando e confiando na sua soberania e n\u00e3o s\u00f3 nos agarrando \u00e0 esperan\u00e7a viva, mas compartilhando-a com todos a nossa volta. Que tenhamos a certeza de que mesmo que a situa\u00e7\u00e3o n\u00e3o esteja em nosso controle e que h\u00e1 uma possibilidade de ela n\u00e3o mudar, o Senhor tem o dom\u00ednio de tudo e Ele continua sendo bom!<\/p>\n<ul>\n<li><b>Ion\u00e1 Nunes, <\/b><strong>24 anos<\/strong>. \u00c9 jornalista e congrega na Igreja Crist\u00e3 Evang\u00e9lica.<\/li>\n<\/ul>\n","protected":false},"excerpt":{"rendered":"<p>Por Ion\u00e1 Nunes Na era de informa\u00e7\u00e3o, a fake news reina. No Whatsapp, no Facebook, no Instagram, em qualquer rede social que voc\u00ea esteja utilizando, \u00e9 imposs\u00edvel n\u00e3o ser bombardeado por in\u00fameras not\u00edcias, v\u00e1rias delas falsas. O COVID-19 provocou uma confus\u00e3o na internet, o barulho \u00e9 muito alto. Todo mundo est\u00e1 falando ao mesmo tempo [&hellip;]<\/p>\n","protected":false},"author":19,"featured_media":0,"comment_status":"open","ping_status":"open","sticky":false,"template":"","format":"standard","meta":{"ngg_post_thumbnail":0,"footnotes":""},"categories":[9,6054],"tags":[41195,41196,5506,39961],"class_list":["post-8058","post","type-post","status-publish","format-standard","hentry","category-sem-categoria","category-textos","tag-coronavirus","tag-covid-19","tag-esperanca","tag-iona-nunes"],"_links":{"self":[{"href":"https:\/\/ultimato.com.br\/sites\/jovem\/wp-json\/wp\/v2\/posts\/8058","targetHints":{"allow":["GET"]}}],"collection":[{"href":"https:\/\/ultimato.com.br\/sites\/jovem\/wp-json\/wp\/v2\/posts"}],"about":[{"href":"https:\/\/ultimato.com.br\/sites\/jovem\/wp-json\/wp\/v2\/types\/post"}],"author":[{"embeddable":true,"href":"https:\/\/ultimato.com.br\/sites\/jovem\/wp-json\/wp\/v2\/users\/19"}],"replies":[{"embeddable":true,"href":"https:\/\/ultimato.com.br\/sites\/jovem\/wp-json\/wp\/v2\/comments?post=8058"}],"version-history":[{"count":2,"href":"https:\/\/ultimato.com.br\/sites\/jovem\/wp-json\/wp\/v2\/posts\/8058\/revisions"}],"predecessor-version":[{"id":8061,"href":"https:\/\/ultimato.com.br\/sites\/jovem\/wp-json\/wp\/v2\/posts\/8058\/revisions\/8061"}],"wp:attachment":[{"href":"https:\/\/ultimato.com.br\/sites\/jovem\/wp-json\/wp\/v2\/media?parent=8058"}],"wp:term":[{"taxonomy":"category","embeddable":true,"href":"https:\/\/ultimato.com.br\/sites\/jovem\/wp-json\/wp\/v2\/categories?post=8058"},{"taxonomy":"post_tag","embeddable":true,"href":"https:\/\/ultimato.com.br\/sites\/jovem\/wp-json\/wp\/v2\/tags?post=8058"}],"curies":[{"name":"wp","href":"https:\/\/api.w.org\/{rel}","templated":true}]}}