{"id":801,"date":"2011-06-28T08:59:05","date_gmt":"2011-06-28T11:59:05","guid":{"rendered":"http:\/\/ultimato.com.br\/sites\/jovem\/?p=801"},"modified":"2011-07-08T13:53:09","modified_gmt":"2011-07-08T16:53:09","slug":"chutando-o-balde","status":"publish","type":"post","link":"https:\/\/ultimato.com.br\/sites\/jovem\/2011\/06\/28\/chutando-o-balde\/","title":{"rendered":"Chutando o balde"},"content":{"rendered":"<blockquote><p><em>Desde os tempos antigos ningu\u00e9m ouviu, nenhum ouvido ouviu, e olho  nenhum viu outro Deus, al\u00e9m de ti, que trabalha para aqueles que nele  esperam (<\/em>Isa\u00edas 64.4)<\/p><\/blockquote>\n<p><a href=\"http:\/\/ultimato.com.br\/sites\/jovem\/files\/2011\/06\/28_06_jovem_raiva1.jpg\" class=\"lightview\" data-lightview-group=\"group-801\" data-lightview-options=\"skin: 'dark', controls: 'relative', padding: '10', shadow: { color: '#000000', opacity: 0.08, blur: 3 }\" data-lightview-title=\"28_06_jovem_raiva\"><img loading=\"lazy\" decoding=\"async\" class=\"alignright size-full wp-image-805\" title=\"28_06_jovem_raiva\" src=\"http:\/\/ultimato.com.br\/sites\/jovem\/files\/2011\/06\/28_06_jovem_raiva1.jpg\" alt=\"\" width=\"299\" height=\"238\" srcset=\"https:\/\/ultimato.com.br\/sites\/jovem\/files\/2011\/06\/28_06_jovem_raiva1.jpg 299w, https:\/\/ultimato.com.br\/sites\/jovem\/files\/2011\/06\/28_06_jovem_raiva1-150x119.jpg 150w\" sizes=\"auto, (max-width: 299px) 100vw, 299px\" \/><\/a>Quem nunca passou por um momento de crise existencial que tome o primeiro \u201ctarja preta\u201d. A verdade \u00e9  que a nossa vida aqui na Terra \u00e9 um exerc\u00edcio di\u00e1rio de sobreviv\u00eancia. Vivemos num corpo que foi modificado pelo pecado (corrup\u00e7\u00e3o da carne), somos afastados da nossa ess\u00eancia original e lutamos diariamente numa guerra interna entre carne e esp\u00edrito.<\/p>\n<p>Quem n\u00e3o acredita em ETs que entre na primeira \u201cnave\u201d. Por que \u00e9 justamente assim que a maioria de n\u00f3s deve se sentir: um povo longe de sua casa, longe do seu lar, pois \u201cET liga casa!\u201d (como diz o hist\u00f3rico filme de Steven Spielberg). Estamos longe da p\u00e1tria, o Lar Celestial.<!--more--><\/p>\n<p>Estamos\/somos incompletos. Fomos afastados da comunh\u00e3o original com nosso criador e sentimos uma falta latente disso. Como panac\u00e9ia para esse vazio interior, muitos se entregam aos v\u00edcios ou aos prazerem que a carne tem a oferecer. Alguns, numa rea\u00e7\u00e3o abrupta, como crian\u00e7as que s\u00e3o arrancadas do colo da m\u00e3e, passam para a nega\u00e7\u00e3o e geram ojeriza por tudo que \u00e9 espiritual. Na realidade, est\u00e3o sentindo saudades da m\u00e3e (no nosso caso, do Criador) e apenas n\u00e3o tem coragem de admitir esse sentimento.<\/p>\n<p>Ent\u00e3o, j\u00e1 que estamos largados num mundo vil, sem rumo e sem documento, o melhor que temos a fazer \u00e9 chutar o balde, correto? ERRADO! Por qu\u00ea? Simples (t\u00e1 bom, nem t\u00e3o simples assim):<\/p>\n<p>&#8211; Se sentir gordo e se entregar a comida, n\u00e3o vai te fazer emagrecer;<\/p>\n<p>&#8211; Faltar \u00e0 prova de c\u00e1lculo n\u00e3o te far\u00e1 passar de ano;<\/p>\n<p>&#8211; Ignorar que existe algo muito al\u00e9m do que voc\u00ea possa sentir ou imaginar n\u00e3o te far\u00e1 sumir com a dor do cora\u00e7\u00e3o pela falta de algo que voc\u00ea n\u00e3o sabe explicar.<\/p>\n<p>&nbsp;<\/p>\n<p>E a verdade \u00e9 essa: <strong>todos temos d\u00favidas, inquieta\u00e7\u00f5es, l\u00e1grimas, solu\u00e7os<\/strong>.<\/p>\n<p>Ser\u00e1  essa a profiss\u00e3o a seguir? Ser\u00e1 esse o minist\u00e9rio a que o Senhor me chamou? Ser\u00e1 que estou fazendo tudo certo? Se estou, por que as coisas n\u00e3o est\u00e3o fluindo como deveriam? Onde est\u00e1 Deus? Por que Ele n\u00e3o fala comigo? Por que n\u00e3o manda um anjo pra me explicar o que est\u00e1 acontecendo? Por qu\u00ea? Por qu\u00ea? Por qu\u00ea?<\/p>\n<p>Como uma crian\u00e7a de dois anos, sucumbimos as nossas interroga\u00e7\u00f5es, damos vaz\u00e3o a inquieta\u00e7\u00e3o e temos a ardente vontade de \u201cCHUTAR O BALDE\u201d!<\/p>\n<p>Ser\u00e1  que Abra\u00e3o n\u00e3o teve essa vontade tamb\u00e9m enquanto esperou por mais de 20 anos o nascimento de Isaque? Ser\u00e1 que Lutero n\u00e3o teve o mesmo sentimento, ao ver todos os absurdos feitos pela igreja e tentar mud\u00e1-los e ningu\u00e9m lhe dar ouvidos? E se Martin Luther King tamb\u00e9m estivesse desistido na luta pelos negros? E se Billy Graham n\u00e3o tivesse ag\u00fcentado a press\u00e3o de pregar um evangelho quando n\u00e3o era moda, pelo contr\u00e1rio, era visto como uma aberra\u00e7\u00e3o, um ET?<\/p>\n<p>D\u00favidas, crises, todos passamos; a diferen\u00e7a est\u00e1 em como reagimos diante de cada uma delas.<\/p>\n<p>Prefere chutar o balde ou dobrar os joelhos?<\/p>\n<p>&nbsp;<\/p>\n<p>__________<\/p>\n<p><a href=\"http:\/\/twitter.com\/#!\/felipeheiderich\"><strong>Felipe Heiderich<\/strong><\/a> \u00e9 graduado em Teologia pela Faculdade Teol\u00f3gica Semin\u00e1rio Unido, escritor, conferencista e pregador. Um mineiro morando no Rio de Janeiro, tendo artigos e estudos publicados <a href=\"http:\/\/www.felipeheiderich.com\" target=\"_blank\">neste site<\/a>.<\/p>\n","protected":false},"excerpt":{"rendered":"<p>Desde os tempos antigos ningu\u00e9m ouviu, nenhum ouvido ouviu, e olho nenhum viu outro Deus, al\u00e9m de ti, que trabalha para aqueles que nele esperam (Isa\u00edas 64.4) Quem nunca passou por um momento de crise existencial que tome o primeiro \u201ctarja preta\u201d. A verdade \u00e9 que a nossa vida aqui na Terra \u00e9 um exerc\u00edcio [&hellip;]<\/p>\n","protected":false},"author":19,"featured_media":0,"comment_status":"open","ping_status":"open","sticky":false,"template":"","format":"standard","meta":{"ngg_post_thumbnail":0,"footnotes":""},"categories":[6054],"tags":[],"class_list":["post-801","post","type-post","status-publish","format-standard","hentry","category-textos"],"_links":{"self":[{"href":"https:\/\/ultimato.com.br\/sites\/jovem\/wp-json\/wp\/v2\/posts\/801","targetHints":{"allow":["GET"]}}],"collection":[{"href":"https:\/\/ultimato.com.br\/sites\/jovem\/wp-json\/wp\/v2\/posts"}],"about":[{"href":"https:\/\/ultimato.com.br\/sites\/jovem\/wp-json\/wp\/v2\/types\/post"}],"author":[{"embeddable":true,"href":"https:\/\/ultimato.com.br\/sites\/jovem\/wp-json\/wp\/v2\/users\/19"}],"replies":[{"embeddable":true,"href":"https:\/\/ultimato.com.br\/sites\/jovem\/wp-json\/wp\/v2\/comments?post=801"}],"version-history":[{"count":9,"href":"https:\/\/ultimato.com.br\/sites\/jovem\/wp-json\/wp\/v2\/posts\/801\/revisions"}],"predecessor-version":[{"id":814,"href":"https:\/\/ultimato.com.br\/sites\/jovem\/wp-json\/wp\/v2\/posts\/801\/revisions\/814"}],"wp:attachment":[{"href":"https:\/\/ultimato.com.br\/sites\/jovem\/wp-json\/wp\/v2\/media?parent=801"}],"wp:term":[{"taxonomy":"category","embeddable":true,"href":"https:\/\/ultimato.com.br\/sites\/jovem\/wp-json\/wp\/v2\/categories?post=801"},{"taxonomy":"post_tag","embeddable":true,"href":"https:\/\/ultimato.com.br\/sites\/jovem\/wp-json\/wp\/v2\/tags?post=801"}],"curies":[{"name":"wp","href":"https:\/\/api.w.org\/{rel}","templated":true}]}}