{"id":8001,"date":"2020-03-02T13:17:55","date_gmt":"2020-03-02T16:17:55","guid":{"rendered":"http:\/\/ultimato.com.br\/sites\/jovem\/?p=8001"},"modified":"2020-03-03T13:34:25","modified_gmt":"2020-03-03T16:34:25","slug":"o-que-nao-muda-da-noite-pro-dia","status":"publish","type":"post","link":"https:\/\/ultimato.com.br\/sites\/jovem\/2020\/03\/02\/o-que-nao-muda-da-noite-pro-dia\/","title":{"rendered":"O que (n\u00e3o) muda da noite pro dia"},"content":{"rendered":"<p><em>Por Abra\u00e3o Filipe<\/em><\/p>\n<p><img loading=\"lazy\" decoding=\"async\" class=\"alignright size-medium wp-image-8002\" src=\"http:\/\/ultimato.com.br\/sites\/jovem\/files\/2020\/03\/jeremy-perkins-oTHXpT6nJsE-unsplash-300x200.jpg\" alt=\"\" width=\"300\" height=\"200\" srcset=\"https:\/\/ultimato.com.br\/sites\/jovem\/files\/2020\/03\/jeremy-perkins-oTHXpT6nJsE-unsplash-300x200.jpg 300w, https:\/\/ultimato.com.br\/sites\/jovem\/files\/2020\/03\/jeremy-perkins-oTHXpT6nJsE-unsplash-1024x683.jpg 1024w, https:\/\/ultimato.com.br\/sites\/jovem\/files\/2020\/03\/jeremy-perkins-oTHXpT6nJsE-unsplash-768x512.jpg 768w, https:\/\/ultimato.com.br\/sites\/jovem\/files\/2020\/03\/jeremy-perkins-oTHXpT6nJsE-unsplash-1536x1024.jpg 1536w, https:\/\/ultimato.com.br\/sites\/jovem\/files\/2020\/03\/jeremy-perkins-oTHXpT6nJsE-unsplash-2048x1365.jpg 2048w, https:\/\/ultimato.com.br\/sites\/jovem\/files\/2020\/03\/jeremy-perkins-oTHXpT6nJsE-unsplash-732x488.jpg 732w, https:\/\/ultimato.com.br\/sites\/jovem\/files\/2020\/03\/jeremy-perkins-oTHXpT6nJsE-unsplash-1140x760.jpg 1140w\" sizes=\"auto, (max-width: 300px) 100vw, 300px\" \/>Sou uma pessoa cheia de defeitos, mais defeitos do que gostaria de admitir. Por mais que, algumas vezes, consiga (ou apenas tente) disfar\u00e7\u00e1-la , a fraqueza permanece sempre l\u00e1, expondo minhas incapacidades e me importunando. E, sim, isso \u00e9 desesperador.<\/p>\n<p>Tem certas leituras que nos d\u00e3o um soco no est\u00f4mago e nos colocam em situa\u00e7\u00f5es bem desconfort\u00e1veis: \u00e9 o caso de \u201c<a href=\"https:\/\/www.ultimato.com.br\/loja\/produtos\/um-novo-dia\">Um novo dia<\/a>\u201d (Ultimato, 2019). A autora come\u00e7a j\u00e1 na introdu\u00e7\u00e3o com uma afirma\u00e7\u00e3o muito forte: \u201c<em>Quando me tornei crist\u00e3, me disseram que \u2018tudo mudaria\u2019. Mudou, mas n\u00e3o exatamente como eu esperava. Era para Jesus salvar minha vida. Era como se ele a tivesse arruinado. Eu ainda sofria<\/em>\u201d.<\/p>\n<p>A partir da\u00ed, a norte-irlandesa Emma Scrivener prop\u00f5e uma jornada. Como no G\u00eanesis, o come\u00e7o \u00e9 de escurid\u00e3o (s\u00e3o as velhas lutas, os dilemas, as escolhas que nos acorrentam). Depois, \u00e0 meia-noite, as coisas pioram \u2013 \u00e9 aqui que o Salvador entra em nosso sofrimento e come\u00e7a a brilhar at\u00e9 as primeiras horas do dia. Ap\u00f3s entrar na luz pela manh\u00e3, terminamos compartilhando a luz com os outros, unidos em comunidade de amor. S\u00f3 acompanhar a trajet\u00f3ria desenhada pela autora, como se fosse uma viagem de um dia inteiro, j\u00e1 \u00e9 libertador. Ela se levanta para mostrar que o leitor n\u00e3o est\u00e1 sozinho. Essa gente imperfeita est\u00e1 em todas as igrejas do mundo \u2013 afinal, assim s\u00e3o os crist\u00e3os: imperfeitos em santifica\u00e7\u00e3o.<!--more--><\/p>\n<p>O t\u00edtulo do livro veio do seu blog, \u201cA New name\u201d (Um novo nome, em portugu\u00eas), criado para compartilhar os desafios enfrentados com transtornos alimentares e seus dramas na recupera\u00e7\u00e3o da anorexia. A leitura \u00e9 f\u00e1cil e a linguagem bem pr\u00f3xima de n\u00f3s. O livro todo \u00e9 marcado por relatos pessoais da pr\u00f3pria autora e de frequentadores do seu blog, humanizando a obra. Todos ali enfrentam dilemas reais e recorrem \u00e0s miseric\u00f3rdias do Senhor \u2013 como eu e voc\u00ea. Alguns depoimentos nos mostram como a cruz e a verdade da gra\u00e7a, sob a dire\u00e7\u00e3o do Amigo Esp\u00edrito Santo, podem ter o poder transformador de nos encorajar a buscar ajuda para abandonar muitas pr\u00e1ticas autodestrutivas. Al\u00e9m disso, os boxes sobre os transtornos e comportamentos t\u00f3xicos que desenvolvemos s\u00e3o bastante informativos. Ela destaca a contribui\u00e7\u00e3o da ajuda profissional nesse processo e como as comunidades de f\u00e9 podem atuar em \u00e1reas especificas.<\/p>\n<p>Ao mesmo tempo, o livro \u00e9 bem pr\u00e1tico. Ora\u00e7\u00f5es, dicas e conselhos espirituais se intercalam \u00e0s verdades b\u00edblicas e confrontadoras reflex\u00f5es. A autora nos convida a fazer perguntas mais profundas: o que a B\u00edblia diz sobre o que eu sinto?<\/p>\n<p>A sensa\u00e7\u00e3o que fica \u00e9 que Emma est\u00e1 descrevendo as nossas vidas e isso desarma o leitor. Percorrendo suas p\u00e1ginas, percebi que sou orgulhoso. Desses que t\u00eam medo de se mostrar vulner\u00e1veis. Desses que riem para todo mundo, mas engolem seco camelos inteiros, desprezando, \u00e0s vezes, as pr\u00f3prias emo\u00e7\u00f5es. Ativista, mas reclamando constantemente de cansa\u00e7o. Ocupado, mas com dificuldade para delegar. Descobri que, quando digo \u201csim\u201d a tudo, me mantenho longe do verdadeiro chamado \u2013 por medo de parar e dar um passo adiante, satisfazendo o orgulho. Preocupa\u00e7\u00f5es administr\u00e1veis podem nos distrair de coisas mais importantes que n\u00e3o conseguimos magicamente resolver, como dor, tristeza, solid\u00e3o, ego\u00edsmo, desconforto, doen\u00e7a ou morte.<\/p>\n<p>Neste exato momento, todos os crist\u00e3os est\u00e3o lutando contra algo. Todos estamos no mesmo barco, todos somos pecadores e estamos doentes. Podemos colocar a culpa de nossos medos em muitas outras coisas (finan\u00e7as, redes sociais, pol\u00edtica, viol\u00eancia, fam\u00edlia, estudos, pessoas&#8230; enfim a lista \u00e9 longa); mas h\u00e1 uma fonte mais profunda: a primeira rea\u00e7\u00e3o de Ad\u00e3o e Eva foi o medo. \u00c9 o momento em que o Pai vira um estranho. E assim, quando deixamos de confiar nele, o mundo se torna um lugar assustador.<\/p>\n<p>Corremos de Deus e damos de cara com os problemas \u2013 o que s\u00f3 mostra o quanto somos dependentes. Deus nos fez perfeitos, nos fez para termos fome. Contudo, o rejeitamos e, ap\u00f3s a queda, tentamos nos alimentar sozinhos, ficando vazios e insatisfeitos. Somente o amor do Pai pode matar nossa fome e lan\u00e7ar fora nossos desejos por outras coisas. Assim como precisamos de refei\u00e7\u00f5es regularmente, continuamos a voltar a Ele, e Ele nos preenche. \u201cTodos os dias cairemos, mas todos os dias ele nos dar\u00e1 nova for\u00e7a\u201d, pacientemente. Ansiedade, fome, controle, vergonha, ira e desespero n\u00e3o s\u00e3o pecados piores.<\/p>\n<p>\u00c9 verdade: n\u00f3s n\u00e3o estamos dando conta. \u201cTodos estamos com fome, duvidando da promessa de provis\u00e3o de Deus. Todos estamos ansiosos, recusando-nos a descansar na prote\u00e7\u00e3o de Deus. Todos estamos desesperados por controle, n\u00e3o querendo que Deus governe\u201d, diz ela.<\/p>\n<p>N\u00f3s n\u00e3o somos autossuficientes. Somos \u201cfrust\u00e1veis\u201d, incompletos, impotentes, finitos, contingentes, confusos e dependentes uns dos outros \u2013 por mais que n\u00e3o gostemos. Todos n\u00f3s, no fundo, temos isso em comum: somos humanos.<\/p>\n<p>Ao terminar o livro (j\u00e1 com l\u00e1grimas nos olhos), a conclus\u00e3o renova nossa esperan\u00e7a e vivifica a confian\u00e7a em um Deus bondoso com aqueles que sofrem. Emma escreve: \u201cJesus entra em nossa escurid\u00e3o, mas n\u00e3o nos deixa l\u00e1, segurando uma tocha. Ele nos leva para uma fam\u00edlia de luz. Ent\u00e3o ele nos chama para brilhar! [&#8230;] N\u00e3o fingindo ser fortes, legais, espertos ou engra\u00e7ados, mas sendo honestos e reais\u201d.<\/p>\n<p>O poder de Deus n\u00e3o mudou. \u00c9 o mesmo. A B\u00edblia, por\u00e9m, \u00e9 direta: Deus age por meio de pessoas imperfeitas e com problemas. O poder dEle se aperfei\u00e7oa mesmo \u00e9 na nossa fraqueza. Interessante, para n\u00e3o dizer ir\u00f4nico, que um livro como esse tenha o t\u00edtulo de \u201cUm novo dia\u201d. Nos lembrando que os processos da vida e as transforma\u00e7\u00f5es pelas quais precisamos passar se d\u00e3o dia ap\u00f3s dia, um de cada vez. Se n\u00e3o deu certo ontem, nem hoje, podemos ficar tranquilos: amanh\u00e3 \u00e9 um novo dia!<\/p>\n<ul>\n<li><strong>Abra\u00e3o Filipe,\u00a0<\/strong>19 anos. Natural de S\u00e3o Mateus (ES) e estudante de Jornalismo em terras mineiras, na Universidade Federal de Vi\u00e7osa.<\/li>\n<\/ul>\n","protected":false},"excerpt":{"rendered":"<p>Por Abra\u00e3o Filipe Sou uma pessoa cheia de defeitos, mais defeitos do que gostaria de admitir. Por mais que, algumas vezes, consiga (ou apenas tente) disfar\u00e7\u00e1-la , a fraqueza permanece sempre l\u00e1, expondo minhas incapacidades e me importunando. E, sim, isso \u00e9 desesperador. Tem certas leituras que nos d\u00e3o um soco no est\u00f4mago e nos [&hellip;]<\/p>\n","protected":false},"author":19,"featured_media":0,"comment_status":"open","ping_status":"open","sticky":false,"template":"","format":"standard","meta":{"ngg_post_thumbnail":0,"footnotes":""},"categories":[6054],"tags":[40424,10538,39995],"class_list":["post-8001","post","type-post","status-publish","format-standard","hentry","category-textos","tag-abraao-filipe","tag-resenha","tag-um-novo-dia"],"_links":{"self":[{"href":"https:\/\/ultimato.com.br\/sites\/jovem\/wp-json\/wp\/v2\/posts\/8001","targetHints":{"allow":["GET"]}}],"collection":[{"href":"https:\/\/ultimato.com.br\/sites\/jovem\/wp-json\/wp\/v2\/posts"}],"about":[{"href":"https:\/\/ultimato.com.br\/sites\/jovem\/wp-json\/wp\/v2\/types\/post"}],"author":[{"embeddable":true,"href":"https:\/\/ultimato.com.br\/sites\/jovem\/wp-json\/wp\/v2\/users\/19"}],"replies":[{"embeddable":true,"href":"https:\/\/ultimato.com.br\/sites\/jovem\/wp-json\/wp\/v2\/comments?post=8001"}],"version-history":[{"count":2,"href":"https:\/\/ultimato.com.br\/sites\/jovem\/wp-json\/wp\/v2\/posts\/8001\/revisions"}],"predecessor-version":[{"id":8004,"href":"https:\/\/ultimato.com.br\/sites\/jovem\/wp-json\/wp\/v2\/posts\/8001\/revisions\/8004"}],"wp:attachment":[{"href":"https:\/\/ultimato.com.br\/sites\/jovem\/wp-json\/wp\/v2\/media?parent=8001"}],"wp:term":[{"taxonomy":"category","embeddable":true,"href":"https:\/\/ultimato.com.br\/sites\/jovem\/wp-json\/wp\/v2\/categories?post=8001"},{"taxonomy":"post_tag","embeddable":true,"href":"https:\/\/ultimato.com.br\/sites\/jovem\/wp-json\/wp\/v2\/tags?post=8001"}],"curies":[{"name":"wp","href":"https:\/\/api.w.org\/{rel}","templated":true}]}}